{"id":22048,"date":"2023-02-01T03:37:46","date_gmt":"2023-02-01T02:37:46","guid":{"rendered":"http:\/\/www.infokuryr.cz\/n\/?p=22048"},"modified":"2023-02-01T03:37:46","modified_gmt":"2023-02-01T02:37:46","slug":"odpovedi-vladimiry-vitove-na-otazky-studenta-univerzity-karlovy","status":"publish","type":"post","link":"https:\/\/www.infokuryr.cz\/n\/2023\/02\/01\/odpovedi-vladimiry-vitove-na-otazky-studenta-univerzity-karlovy\/","title":{"rendered":"Odpov\u011bdi Vladim\u00edry V\u00edtov\u00e9 na ot\u00e1zky studenta Univerzity Karlovy"},"content":{"rendered":"<div id=\"fb-root\"><\/div>\n<p><strong><u>Co V\u00e1s motivovalo ke\u00a0studiu \u017eurnalistiky a\u00a0politologie, a\u00a0d\u00e1le k\u00a0Va\u0161emu sou\u010dasn\u00e9mu povol\u00e1n\u00ed?<\/u><\/strong><\/p>\n<p>Ve \u0161kole jsem m\u011bla r\u00e1da \u010de\u0161tinu \u2013 okouzlovala m\u011b. Je to n\u00e1dhern\u00fd, velmi bohat\u00fd a\u00a0dokonal\u00fd jazyk. To byl jeden z\u00a0impuls\u016f pro v\u00fdb\u011br studia \u2013 agenturn\u00ed \u017eurnalistika. Aktu\u00e1ln\u00ed pr\u00e1ce s\u00a0jazykem p\u0159\u00edmo v\u00a0re\u00e1ln\u00e9m \u017eivot\u011b.<\/p>\n<p>V\u017edy m\u011b zaj\u00edmalo uspo\u0159\u00e1d\u00e1n\u00ed lidsk\u00e9 spole\u010dnosti, fungov\u00e1n\u00ed st\u00e1tu (jako vy\u0161\u0161\u00edho organiza\u010dn\u00edho celku), politick\u00e1 ideologie a\u00a0obecn\u011b chov\u00e1n\u00ed lid\u00ed. Stejn\u011b jako v\u00a0matematice \u2013 tak i\u00a0v\u00a0chov\u00e1n\u00ed lidsk\u00e9 spole\u010dnosti \u2013 plat\u00ed de facto matematick\u00e1 pravidla, podle nich\u017e se spole\u010dnost \u0159\u00edd\u00ed.<\/p>\n<p><strong><u>Byl v\u00a0t\u00e9 dob\u011b n\u011bkdo, kdo V\u00e1s hodn\u011b ovlivnil, inspiroval nebo kdo V\u00e1s dokonce formoval?<\/u><\/strong><\/p>\n<p>Skv\u011bl\u00e1 profesorka \u010de\u0161tiny na gymn\u00e1ziu, kter\u00e1 n\u00e1m skute\u010dn\u011b roz\u0161i\u0159ovala obzory (um\u011bleck\u00e9, liter\u00e1rn\u00ed, historick\u00e9 atd.) a\u00a0skv\u011bl\u00fd profesor d\u011bjepisu, kter\u00fd ka\u017edou epochu a\u00a0spole\u010dnost rozeb\u00edral v\u017edy po\u00a0str\u00e1nce mocensk\u00e9, ekonomick\u00e9, duchovn\u00ed a\u00a0vojensk\u00e9.<\/p>\n<p><strong><u>Co doposud pova\u017eujete za sv\u016fj nejv\u011bt\u0161\u00ed \u00fasp\u011bch?<\/u><\/strong><\/p>\n<p>Osobn\u00edm \u00fasp\u011bchem je moje kr\u00e1sn\u00e1 rodina.<\/p>\n<p>Pracovn\u00edm \u00fasp\u011bchem je vybudov\u00e1n\u00ed vlasteneck\u00e9ho konzervativn\u00edho euroskeptick\u00e9ho politick\u00e9ho hnut\u00ed Aliance n\u00e1rodn\u00edch sil. A\u00a0to navzdory absolutn\u00ed nep\u0159\u00edzni neoliber\u00e1ln\u00edch mainstreamov\u00fdch m\u00e9di\u00ed \u2013 jak ve\u0159ejnopr\u00e1vn\u00edch, tak i\u00a0soukrom\u00fdch.<\/p>\n<p><strong><u>Co naopak pova\u017eujete za nejt\u011b\u017e\u0161\u00ed obdob\u00ed ve\u00a0Va\u0161em \u017eivot\u011b?<\/u><\/strong><\/p>\n<p>V\u00a0osobn\u00edm \u017eivot\u011b jsou to n\u011bkoliker\u00e1 \u00famrt\u00ed velmi bl\u00edzk\u00fdch milovan\u00fdch rodinn\u00fdch p\u0159\u00edslu\u0161n\u00edk\u016f.<\/p>\n<p>V\u00a0profesn\u00edm \u017eivot\u011b to jsou roky 1998 \u2013 2002, kdy jsem pracovala jako poradce a\u00a0mluv\u010d\u00ed ministra \u0161kolstv\u00ed Eduarda Zemana, proti kter\u00e9mu byla vedena ze\u00a0strany m\u00e9di\u00ed a\u00a0vysok\u00fdch \u0161kol hanebn\u00e1, sprost\u00e1, l\u017eiv\u00e1\u00a0 a\u00a0velmi ur\u00e1\u017eliv\u00e1 osobn\u00ed kampa\u0148, co\u017e se samoz\u0159ejm\u011b vztahovalo i\u00a0na m\u011b. Tato kampa\u0148 byla placena ze\u00a0soukrom\u00fdch a\u00a0evropsk\u00fdch zdroj\u016f a\u00a0nebylo proti n\u00ed faktick\u00e9 obrany. Eduard Zeman cht\u011bl zachr\u00e1nit kvalitn\u00ed \u010desk\u00fd vzd\u011bl\u00e1vac\u00ed syst\u00e9m, efektivn\u00ed jednotnou \u0161kolu, u\u010d\u0148ovsk\u00e9 \u0161kolstv\u00ed, kvalitn\u00ed st\u0159edn\u00ed \u0161kolstv\u00ed a\u00a0vysokou \u00farove\u0148 vysoko\u0161kolsk\u00e9ho vzd\u011bl\u00e1n\u00ed. A\u00a0p\u0159esn\u011b o\u00a0to nebyl ze\u00a0strany Evropy a\u00a0mnoh\u00fdch soukrom\u00fdch podnikatel\u016f v\u00a0oblasti \u0161kolstv\u00ed (z\u00e1kladn\u00ed, st\u0159edn\u00ed i\u00a0vysok\u00e9) absolutn\u011b \u017e\u00e1dn\u00fd z\u00e1jem.<\/p>\n<p>Z\u00a0jejich strany \u0161lo pouze o\u00a0z\u00e1jem ekonomick\u00fd \u2013 jak co nejv\u00edce \u201evyrej\u017eovat\u201c ze\u00a0st\u00e1tn\u00edho rozpo\u010dtu i\u00a0z\u00a0program\u016f Phare. To byly dotace EU p\u0159ed vstupem na\u0161\u00ed zem\u011b do tohoto zavr\u017een\u00edhodn\u00e9ho spolku, v\u00a0n\u011bm\u017e je nad\u0159azenost pr\u00e1va nadn\u00e1rodn\u00edch korporac\u00ed nad n\u00e1rodn\u00edmi st\u00e1ty. A\u00a0tak\u00e9 t\u011bm odp\u016frc\u016fm Eduarda Zemana \u0161lo o\u00a0to, jak pod taktovkou EU za\u0161lapat kvalitu \u010desk\u00e9ho vzd\u011bl\u00e1vac\u00edho syst\u00e9mu hluboko do zem\u011b. To se nyn\u00ed ji\u017e poda\u0159ilo.<\/p>\n<p><strong><u>Co V\u00e1s vede k\u00a0aktivn\u00edmu vystupov\u00e1n\u00ed a\u00a0p\u016fsoben\u00ed ve\u00a0ve\u0159ejn\u00e9m prostoru?\u00a0<\/u><\/strong><\/p>\n<p>Ta skute\u010dnost, \u017ee lid\u00e9 v\u016fbec nerozum\u00ed tomu, co se kolem nich d\u011bje, ani tomu, jak jsou manipulov\u00e1ni, aby rozhodovali ve\u00a0sv\u016fj neprosp\u011bch. (Viz slavn\u00fd sociolog Giovanni Sartori: \u201eNaprost\u00e1 v\u011bt\u0161ina lid\u00ed se rozhoduje ve\u00a0sv\u016fj neprosp\u011bch.\u201c)<\/p>\n<p>Sou\u010dasn\u00e1 mainstreamov\u00e1 m\u00e9dia lidem v\u017edy p\u0159edlo\u017e\u00ed pouze le\u017e \u010d\u00edslo jedna a\u00a0le\u017e \u010d\u00edslo dv\u011b, kter\u00e1 se tv\u00e1\u0159\u00ed jako \u201epravda\u201c. Ov\u0161em pravdu se v\u00a0m\u00e9di\u00edch nikdy nedozv\u00ed. D\u016fvodem je fakt, \u017ee mainstreamov\u00e1 m\u00e9dia jsou bu\u010f pod vlivem EU (a\u00a0tedy pracuj\u00ed ve\u00a0prosp\u011bch nadn\u00e1rodn\u00edch korporac\u00ed), nebo ve\u00a0vlastnictv\u00ed oligarch\u016f (kter\u00fdm bylo ze\u00a0strany globalist\u016f umo\u017en\u011bno nakr\u00e1st si pen\u00edze) anebo p\u0159\u00edmo ve\u00a0vlastnictv\u00ed z\u00e1padn\u00edch ciz\u00edch mocnost\u00ed. Nikdo z\u00a0nich ale nem\u00e1 z\u00e1jem, aby st\u00e1t fungoval ve\u00a0prosp\u011bch lid\u00ed na\u0161\u00ed zem\u011b.<\/p>\n<p><strong><u>Ne\u017e jste se za\u010dala v\u011bnovat aktivismu, m\u011bla jste n\u011bjak\u00e1 o\u010dek\u00e1v\u00e1n\u00ed, co z\u00a0toho vzejde nebo \u010deho mo\u017en\u00e1 dos\u00e1hnete?<\/u><\/strong><\/p>\n<p>Rozhodn\u011b nepova\u017euji svoji \u010dinnost za jak\u00fdsi \u201eaktivismus\u201c, ale za regul\u00e9rn\u00ed plnohodnotnou politickou \u010dinnost.<\/p>\n<p>Na\u0161\u00edm politick\u00fdm hnut\u00edm jsme ve\u00a0spole\u010dnosti pokryli tu \u010d\u00e1st ide\u00ed, kter\u00fdmi se sou\u010dasn\u00fd neoliber\u00e1ln\u00ed syst\u00e9m nehodl\u00e1 absolutn\u011b zab\u00fdvat. N\u00e1\u0161 politick\u00fd program vych\u00e1z\u00ed ze\u00a0spravedliv\u00e9ho uspo\u0159\u00e1d\u00e1n\u00ed lidsk\u00e9 m\u00edrov\u00e9 spole\u010dnosti, v\u00a0n\u00ed\u017e \u010dlov\u011bk nen\u00ed jen uboh\u00fdm otrokem nadn\u00e1rodn\u00edch korporac\u00ed anebo ekonomick\u00fdm \u0161tvancem, kter\u00e9mu se \u0159\u00edk\u00e1 \u201e\u010desk\u00fd podnikatel\u201c.<\/p>\n<p>A proto\u017ee neprosazujeme otrock\u00e9 idee, na kter\u00fdch stoj\u00ed st\u00e1vaj\u00edc\u00ed neoliber\u00e1ln\u00ed parazitick\u00fd kapitalistick\u00fd syst\u00e9m, tak jsme mainstreamem tot\u00e1ln\u011b ignorov\u00e1ni anebo dehonestov\u00e1ni. \u0158\u00edzen\u00ed je proces informa\u010dn\u00ed, a\u00a0proto se m\u00e9dia sna\u017e\u00ed, aby n\u00e1\u0161 politick\u00fd vliv byl minim\u00e1ln\u00ed. Tohoto medi\u00e1ln\u00edho nep\u0159\u00e1telstv\u00ed jsme si v\u017edy byli pln\u011b v\u011bdomi.<\/p>\n<p><strong><u>Jak\u00fdm zp\u016fsobem se sna\u017e\u00edte dos\u00e1hnout Va\u0161ich c\u00edl\u016f v\u00a0r\u00e1mci pr\u00e1ce pro Alianci n\u00e1rodn\u00edch sil?\u00a0<\/u><\/strong><\/p>\n<p>Jak jsem \u0159ekla v\u00fd\u0161e: \u0159\u00edzen\u00ed spole\u010dnosti je v\u017edy proces informa\u010dn\u00ed. Spolupracujeme tedy s\u00a0alternativn\u00edmi m\u00e9dii, kter\u00e1 jsou financov\u00e1na samotn\u00fdmi lidmi, kte\u0159\u00ed tato m\u00e9dia tzv.\u00a0konzumuj\u00ed. Dosah je v\u0161ak nesrovnateln\u00fd s\u00a0m\u00e9dii mainstreamov\u00fdmi.<\/p>\n<p>Kandidujeme ve\u00a0volb\u00e1ch a\u00a0v\u0161e si sami plat\u00edme \u2013 jak st\u00e1tn\u00ed poplatky, tak i\u00a0reklamu atd. V\u0161e d\u011bl\u00e1me zadarmo a\u00a0ve\u00a0voln\u00e9m \u010dase p\u0159i\u00a0sv\u00e9 vlastn\u00ed profesi, kterou se \u017eiv\u00edme. Tak \u010din\u00edme na rozd\u00edl od parlamentn\u00edch stran, kter\u00e9 maj\u00ed velk\u00e9 finan\u010dn\u00ed p\u0159\u00edsp\u011bvky ze\u00a0st\u00e1tn\u00edho rozpo\u010dtu a\u00a0jejich\u017e politici jsou tak\u00e9 ze\u00a0st\u00e1tn\u00edho rozpo\u010dtu placeni.<\/p>\n<p>P\u0159i ka\u017ed\u00fdch volb\u00e1ch je v\u0161ak zcela flagrantn\u011b poru\u0161ov\u00e1n volebn\u00ed z\u00e1kon, proto\u017ee nejsme nikdy zv\u00e1ni do m\u00e9di\u00ed. Podm\u00ednky tedy nejsou v\u00a0\u017e\u00e1dn\u00e9m p\u0159\u00edpad\u011b rovn\u00e9. Na na\u0161i opr\u00e1vn\u011bnou st\u00ed\u017enost Nejvy\u0161\u0161\u00ed spr\u00e1vn\u00ed soud sd\u011blil, \u017ee je to v\u0161ak v\u00a0po\u0159\u00e1dku, nebo\u0165 do m\u00e9di\u00ed jsou zv\u00e1ny strany podle tzv.\u00a0odstup\u0148ovan\u00e9 rovnosti (viz judik\u00e1t z\u00a0roku 2016). A\u00a0o\u00a0tom, kdo je \u201erovn\u011bj\u0161\u00ed\u201c rozhoduj\u00ed soukrom\u00e9 agentury pro v\u00fdzkum ve\u0159ejn\u00e9ho m\u00edn\u011bn\u00ed.<\/p>\n<p><strong><u>Vn\u00edm\u00e1te, \u017ee by se Va\u0161e my\u0161len\u00ed a\u00a0n\u00e1zory n\u011bkam posunuly od t\u00e9 doby, co se v\u011bnujete aktivismu?\u00a0<\/u><\/strong><\/p>\n<p>Op\u011bt pros\u00edm, abyste nepou\u017e\u00edval slovo aktivismus, nebo\u0165 sni\u017euje profesionalitu moj\u00ed pr\u00e1ce. \u017d\u00e1dn\u00e9ho politika nap\u0159\u00edklad z\u00a0ODS byste se jist\u011b neptal na jeho \u201eaktivismus\u201c.<\/p>\n<p>N\u00e1zory a\u00a0my\u0161lenky se posunuly v\u00a0tom smyslu, \u017ee pokud d\u011bl\u00e1 \u010dlov\u011bk svoji \u010dinnost odpov\u011bdn\u011b, tak se st\u00e1le v\u00edce a\u00a0v\u00edce profesionalizuje. To se mimochodem rozhodn\u011b ned\u00e1 \u0159\u00edci o\u00a0mnoh\u00fdch st\u00e1vaj\u00edc\u00edch mainstreamov\u00fdch politic\u00edch, kte\u0159\u00ed jsou v\u00a0televizi pe\u010den\u00ed va\u0159en\u00ed, ale o\u00a0tom, jak funguje spole\u010dnost anebo jejich resort nemaj\u00ed ve\u00a0skute\u010dnosti v\u016fbec tu\u0161en\u00ed. J\u00e1 osobn\u011b se o\u00a0politiku zaj\u00edm\u00e1m cel\u00fd \u017eivot, ale mnoz\u00ed politici se o\u00a0n\u00ed za\u010dali zaj\u00edmat a\u017e v\u00a0souvislosti s\u00a0jejich osobn\u00edmi podnikatelsk\u00fdmi aktivitami.<\/p>\n<p><strong><u>Jakou roli pro V\u00e1s hraje podpora od Va\u0161ich p\u0159\u00edznivc\u016f?\u00a0<\/u><\/strong><\/p>\n<p>Podpora p\u0159\u00edznivc\u016f d\u00e1v\u00e1 s\u00edlu my\u0161lenk\u00e1m a\u00a0vizi, kterou \u010dlov\u011bk prosazuje. Kdy\u017e ale nen\u00ed ve\u0159ejn\u00fd medi\u00e1ln\u00ed celorepublikov\u00fd prostor, kde by se lid\u00e9 s\u00a0na\u0161imi vizemi mohli sezn\u00e1mit, tak samoz\u0159ejm\u011b nem\u016f\u017ee b\u00fdti ani velk\u00e9 mno\u017estv\u00ed p\u0159\u00edznivc\u016f.<\/p>\n<p>Zase opakuji: \u0159\u00edzen\u00ed je proces informa\u010dn\u00ed. Kdy\u017e nem\u016f\u017eete o\u00a0sv\u00fdch viz\u00edch informovat, kdy\u017e nem\u00e1te finan\u010dn\u00ed z\u00e1zem\u00ed st\u00e1tu, EU anebo nadn\u00e1rodn\u00ed korporace, pak je velmi t\u011b\u017ek\u00e9 jakoukoliv vizi v\u00a0politice prosadit.<\/p>\n<p><strong><u>Vzpomenete si na n\u011bjak\u00fd konkr\u00e9tn\u00ed okam\u017eik, kdy jste se setkala s\u00a0Va\u0161\u00edm p\u0159\u00edznivcem nebo p\u0159\u00edznivci? Jak\u00fd to na V\u00e1s ud\u011blalo dojem?\u00a0<\/u><\/strong><\/p>\n<p>Sek\u00e1n\u00ed s\u00a0p\u0159\u00edznivci je v\u017edy velmi zavazuj\u00edc\u00ed a\u00a0mnohdy i\u00a0dojemn\u00e9. Lid\u00e9 do \u010dlov\u011bka, kter\u00e9mu v\u011b\u0159\u00ed, vkl\u00e1daj\u00ed nad\u011bje. A\u00a0to v\u0161e navzdory t\u00e9 tot\u00e1ln\u00ed nep\u0159\u00edzni m\u00e9di\u00ed, o\u00a0n\u00ed\u017e jsem hovo\u0159ila v\u00fd\u0161e. Je povzbuzuj\u00edc\u00ed, \u017ee nev\u011b\u0159\u00ed pomluv\u00e1m, ur\u00e1\u017ek\u00e1m a\u00a0osobn\u00ed dehonestaci mainstreamu. D\u00e1v\u00e1 to \u010dlov\u011bku nad\u011bji, \u017ee jeho pr\u00e1ce nen\u00ed zbyte\u010dn\u00e1. Setk\u00e1n\u00ed s\u00a0p\u0159\u00edznivci m\u011b utvrzuje v\u00a0tom, \u017ee moje pr\u00e1ce je state\u010dn\u00e1 a\u00a0cenn\u00e1.<\/p>\n<p><strong><u>Jakou roli pro V\u00e1s hraje naopak odpor a\u00a0nesouhlas v\u016f\u010di Va\u0161im n\u00e1zor\u016fm a\u00a0celkov\u011b Va\u0161im aktivit\u00e1m?<\/u><\/strong><\/p>\n<p>V naprost\u00e9 99\u00a0% v\u011bt\u0161in\u011b ti, kte\u0159\u00ed odporuj\u00ed, nech\u00e1pou v\u016fbec politick\u00e9 ani glob\u00e1ln\u00ed souvislosti a\u00a0prokazuj\u00ed absolutn\u00ed neznalost historie i\u00a0z\u00e1kladn\u00edch v\u011bdomost\u00ed. Ostatn\u011b vzhledem k\u00a0n\u00edzk\u00e9 \u00farovni \u0161kolstv\u00ed po\u00a0roce 89, kdy se maturuje i\u00a0z\u00a0Harryho Pottera, se vlastn\u011b ani ned\u00e1 nic jin\u00e9ho o\u010dek\u00e1vat.<\/p>\n<p><strong><u>Do jak\u00e9 m\u00edry je pro V\u00e1s d\u016fle\u017eit\u00e1 popularita?<\/u><\/strong><\/p>\n<p>Kladn\u00e1 popularita je samoz\u0159ejm\u011b p\u0159\u00edjemn\u00e1, proto\u017ee dod\u00e1v\u00e1 \u010dlov\u011bku s\u00edlu k\u00a0jeho pr\u00e1ci. Je hezk\u00fd pocit, kdy\u017e s\u00a0v\u00e1mi lid\u00e9 souzn\u00ed a\u00a0v\u00e1\u017e\u00ed si v\u00e1s, a\u00a0proto jste popul\u00e1rn\u00ed.<\/p>\n<p>Pak je samoz\u0159ejm\u011b popularita negativn\u00ed, kter\u00e1 je ni\u010div\u00e1 \u2013 jak na psychiku doty\u010dn\u00e9ho, tak i\u00a0na jeho rodinu. To nen\u00ed nic p\u0159\u00edjemn\u00e9ho. Takov\u00e1 \u201epopularita\u201c ni\u010d\u00ed \u017eivot. Sou\u010dasn\u00fdm mainstreamem je hodn\u011b vyu\u017e\u00edv\u00e1na p\u0159i\u00a0dehonestaci a\u00a0ur\u00e1\u017ek\u00e1ch doty\u010dn\u00e9ho. Jedn\u00e1 se o\u00a0faktickou krutost, na n\u00ed\u017e nen\u00ed nic lidsk\u00e9ho<\/p>\n<p><strong><u>Co V\u00e1s napadne, kdy\u017e se \u0159ekne \u010desk\u00fd st\u00e1t\/\u010cesk\u00e1 republika\/\u010desk\u00e1 politika?<\/u><\/strong><\/p>\n<p>\u010cesk\u00fd st\u00e1t je n\u00e1m d\u00e1n osudem (skrze na\u0161e p\u0159edky) jako \u00fazem\u00ed \u2013 jako \u017eivotn\u00ed dar. A\u00a0my jsme povinni toto \u00fazem\u00ed a\u00a0st\u00e1t, kter\u00fd na n\u011bm je, \u0159\u00e1dn\u011b spravovat \u2013 ve\u00a0prosp\u011bch n\u00e1roda, kter\u00fd zde \u017eije. To se ale v\u00a0sou\u010dasn\u00e9 dob\u011b ned\u011bje.<\/p>\n<p>Po roce 1989 jsme n\u00e1\u0161 st\u00e1t lehkomysln\u011b a\u00a0hloup\u011b dali do rukou Evropsk\u00e9 unie a\u00a0ciz\u00edmu kapit\u00e1lu a\u00a0nechali jsme na\u0161\u00ed zemi tot\u00e1ln\u011b vydrancovat. T\u00e9m\u011b\u0159 nic n\u00e1m zde ji\u017e neopat\u0159\u00ed. A\u00a0skute\u010dn\u011b jsme otroky ve\u00a0vlastn\u00ed zemi. Ov\u0161em, jak dlouho bude je\u0161t\u011b na\u0161e? EU chce zru\u0161it n\u00e1rodn\u00ed st\u00e1ty a\u00a0ud\u011blat jen euroregiony s\u00a0t\u00edm, \u017ee o\u00a0na\u0161ich \u00a0\u017eivotech bude rozhodovat jen Brusel a\u00a0tam\u011bj\u0161\u00ed nik\u00fdm nevolen\u00ed \u00fa\u0159edn\u00edci. Ti jsou dosazeni nadn\u00e1rodn\u00edmi korporaci, jejich\u017e jedin\u00fdm c\u00edlem je zisk, ne rozvoj dan\u00e9ho \u00fazem\u00ed.<\/p>\n<p>P\u0159ed rokem 89 \u2013 i\u00a0kdy\u017e jsme byli sou\u010d\u00e1st\u00ed Rady vz\u00e1jemn\u00e9 hospod\u00e1\u0159sk\u00e9 pomoci \u2013 n\u00e1m zde pat\u0159ilo v\u0161e, v\u010detn\u011b fabrik, energetiky, dol\u016f atd. V\u00a0r\u00e1mci RVHP se jednalo jen o\u00a0mezin\u00e1rodn\u00ed d\u011blbu pr\u00e1ce, ale nikdo n\u00e1m n\u00e1\u0161 st\u00e1tn\u00ed n\u00e1rodn\u00ed majetek nevzal. Nyn\u00ed n\u00e1m \u2013 v\u00a0r\u00e1mci EU \u2013 vzaly nadn\u00e1rodn\u00ed korporace a\u00a0ciz\u00ed kapit\u00e1l skrze privatizaci naprosto v\u0161e.<\/p>\n<p>Nap\u0159\u00edklad v\u00a0\u00fastav\u011b tehdej\u0161\u00edho \u010ceskoslovenska bylo uvedeno: \u201eN\u00e1rodn\u00edm majetkem jsou zejm\u00e9na: nerostn\u00e9 bohatstv\u00ed a\u00a0z\u00e1kladn\u00ed zdroje energie; z\u00e1kladn\u00ed lesn\u00ed fond, vodn\u00ed toky a\u00a0p\u0159\u00edrodn\u00ed l\u00e9\u010div\u00e9 zdroje; prost\u0159edky pr\u016fmyslov\u00e9 v\u00fdroby, hromadn\u00e9 dopravy a\u00a0spoj\u016f; pen\u011b\u017en\u00ed a\u00a0poji\u0161\u0165ovac\u00ed \u00fastavy; rozhlas, televize a\u00a0film, d\u00e1le t\u00e9\u017e nejd\u016fle\u017eit\u011bj\u0161\u00ed spole\u010densk\u00e1 za\u0159\u00edzen\u00ed, jako za\u0159\u00edzen\u00ed zdravotnick\u00e1, \u0161koly a\u00a0v\u011bdeck\u00e9 \u00fastavy.\u201c<\/p>\n<p>Anebo: \u201eV mez\u00edch socialistick\u00e9 hospod\u00e1\u0159sk\u00e9 soustavy je p\u0159\u00edpustn\u00e9 soukrom\u00e9 hospod\u00e1\u0159stv\u00ed zalo\u017een\u00e9 na osobn\u00ed pr\u00e1ci a\u00a0vylu\u010duj\u00edc\u00ed vyko\u0159is\u0165ov\u00e1n\u00ed ciz\u00ed pracovn\u00ed s\u00edly.\u201c<\/p>\n<p>Dnes v\u00a0na\u0161\u00ed \u00fastav\u011b nic takov\u00e9ho nenajdete!<\/p>\n<p><strong>PhDr. Vladim\u00edra V\u00edtov\u00e1, Ph.D., p\u0159edsedkyn\u011b Aliance n\u00e1rodn\u00edch sil<\/strong><\/p>\n<p>_____________________________<\/p>\n<p>V\u00e1\u017een\u00e1 pan\u00ed V\u00edtov\u00e1,<\/p>\n<p>jmenuji se Josef Mali\u0161 a\u00a0jsem studentem Univerzity Karlovy. V\u00a0sou\u010dasnosti pracuji na diplomov\u00e9 pr\u00e1ci, ve\u00a0kter\u00e9 se v\u011bnuji aktivismu v\u00a0\u010cesk\u00e9 republice. V\u00a0r\u00e1mci t\u00e9to pr\u00e1ce vedu rozhovory s\u00a0r\u016fzn\u00fdmi osobnostmi, kter\u00e9 se aktivismu v\u011bnuj\u00ed r\u016fzn\u00fdmi zp\u016fsoby a\u00a0reprezentuj\u00ed r\u016fzn\u00e9 n\u00e1zorov\u00e9 proudy. M\u011bl jsem tu \u010dest ji\u017e hovo\u0159it nap\u0159.\u00a0s\u00a0panem Ji\u0159\u00edm Pavlem Pe\u0161kem, panem Jind\u0159ichem Rajchlem, \u010di\u00a0s\u00a0pan\u00ed Petrou R\u00e9dovou.<\/p>\n<p>17.12.2022<\/p>\n<p>_____________________________<\/p>\n<p><img decoding=\"async\" loading=\"lazy\" class=\"alignnone size-medium wp-image-9908\" src=\"http:\/\/www.infokuryr.cz\/n\/wp-content\/uploads\/2022\/04\/ANS-300x169.png\" alt=\"\" width=\"300\" height=\"169\" srcset=\"https:\/\/www.infokuryr.cz\/n\/wp-content\/uploads\/2022\/04\/ANS-300x169.png 300w, https:\/\/www.infokuryr.cz\/n\/wp-content\/uploads\/2022\/04\/ANS-1024x576.png 1024w, https:\/\/www.infokuryr.cz\/n\/wp-content\/uploads\/2022\/04\/ANS-768x432.png 768w, https:\/\/www.infokuryr.cz\/n\/wp-content\/uploads\/2022\/04\/ANS.png 1180w\" sizes=\"(max-width: 300px) 100vw, 300px\" \/><\/p>\n<p>&nbsp;<\/p>\n<p>____________________________<\/p>\n<p><img decoding=\"async\" loading=\"lazy\" class=\"wp-image-19187 aligncenter\" src=\"http:\/\/www.infokuryr.cz\/n\/wp-content\/uploads\/2022\/12\/1-PRO-300x36.jpg\" alt=\"\" width=\"1475\" height=\"177\" srcset=\"https:\/\/www.infokuryr.cz\/n\/wp-content\/uploads\/2022\/12\/1-PRO-300x36.jpg 300w, https:\/\/www.infokuryr.cz\/n\/wp-content\/uploads\/2022\/12\/1-PRO.jpg 699w\" sizes=\"(max-width: 1475px) 100vw, 1475px\" \/><\/p>\n<p>&nbsp;<\/p>\n","protected":false},"excerpt":{"rendered":"<p>Co V\u00e1s motivovalo ke\u00a0studiu \u017eurnalistiky a\u00a0politologie, a\u00a0d\u00e1le k\u00a0Va\u0161emu sou\u010dasn\u00e9mu povol\u00e1n\u00ed? Ve \u0161kole jsem m\u011bla r\u00e1da&#8230;<\/p>\n","protected":false},"author":2,"featured_media":22049,"comment_status":"closed","ping_status":"closed","sticky":false,"template":"","format":"standard","meta":[],"categories":[6],"tags":[1016,1052,3212],"_links":{"self":[{"href":"https:\/\/www.infokuryr.cz\/n\/wp-json\/wp\/v2\/posts\/22048"}],"collection":[{"href":"https:\/\/www.infokuryr.cz\/n\/wp-json\/wp\/v2\/posts"}],"about":[{"href":"https:\/\/www.infokuryr.cz\/n\/wp-json\/wp\/v2\/types\/post"}],"author":[{"embeddable":true,"href":"https:\/\/www.infokuryr.cz\/n\/wp-json\/wp\/v2\/users\/2"}],"replies":[{"embeddable":true,"href":"https:\/\/www.infokuryr.cz\/n\/wp-json\/wp\/v2\/comments?post=22048"}],"version-history":[{"count":1,"href":"https:\/\/www.infokuryr.cz\/n\/wp-json\/wp\/v2\/posts\/22048\/revisions"}],"predecessor-version":[{"id":22050,"href":"https:\/\/www.infokuryr.cz\/n\/wp-json\/wp\/v2\/posts\/22048\/revisions\/22050"}],"wp:featuredmedia":[{"embeddable":true,"href":"https:\/\/www.infokuryr.cz\/n\/wp-json\/wp\/v2\/media\/22049"}],"wp:attachment":[{"href":"https:\/\/www.infokuryr.cz\/n\/wp-json\/wp\/v2\/media?parent=22048"}],"wp:term":[{"taxonomy":"category","embeddable":true,"href":"https:\/\/www.infokuryr.cz\/n\/wp-json\/wp\/v2\/categories?post=22048"},{"taxonomy":"post_tag","embeddable":true,"href":"https:\/\/www.infokuryr.cz\/n\/wp-json\/wp\/v2\/tags?post=22048"}],"curies":[{"name":"wp","href":"https:\/\/api.w.org\/{rel}","templated":true}]}}