{"id":21994,"date":"2023-01-31T00:58:27","date_gmt":"2023-01-30T23:58:27","guid":{"rendered":"http:\/\/www.infokuryr.cz\/n\/?p=21994"},"modified":"2023-01-31T05:37:00","modified_gmt":"2023-01-31T04:37:00","slug":"petr-hannig-mesias","status":"publish","type":"post","link":"https:\/\/www.infokuryr.cz\/n\/2023\/01\/31\/petr-hannig-mesias\/","title":{"rendered":"Petr Hannig: Mesi\u00e1\u0161"},"content":{"rendered":"<div id=\"fb-root\"><\/div>\n<div id=\"art-text\" class=\"text\">\n<p><strong>V sobotu ve\u010der jsem poslouchal jsem interview \u010cT se zvolen\u00fdm prezidentem z budovy N\u00e1rodn\u00edho muzea. Zaujala mne Pavlova v\u011bta, \u017ee m\u00e1 obavu, aby jej lid\u00e9 nepasovali na mesi\u00e1\u0161e, kter\u00fd vy\u0159e\u0161\u00ed v\u0161echny jejich probl\u00e9my.<\/strong><\/p>\n<p>Tato v\u011bti\u010dka byla velice zaj\u00edmav\u00e1, zvl\u00e1\u0161t\u011b pokud jsme ji konfrontovali s j\u00e1s\u00e1n\u00edm dav\u016f p\u0159ed muzeem. Zazn\u00edvalo tam heslo \u201eu\u017e je to tady\u201c, kter\u00fdm bou\u0159ilo jak V\u00e1clavsk\u00e9 n\u00e1m\u011bst\u00ed, tak Letensk\u00e1 pl\u00e1\u0148 v listopadu 1989. V nad\u0161en\u00ed nejenom davu, ale i novin\u00e1\u0159\u016f s v\u00fdsledkem volby, jako by se zapomn\u011blo na to, co bylo vy\u010d\u00edt\u00e1no jak Andreji Babi\u0161ovi, tak Jaroslavu Ba\u0161tovi, a to toti\u017e, \u017ee prezidentsk\u00e9 pravomoci jsou daleko okle\u0161t\u011bn\u011bj\u0161\u00ed ne\u017e tito dva uv\u00e1d\u011bli.<\/p>\n<p>Mimochodem, na konci m\u00e9ho p\u0159ede\u0161l\u00e9ho \u010dl\u00e1nku \u201e\u0158\u00e1d a klid\u201c jsem napsal n\u011bco v tomto duchu: \u201eA i kdy\u017e nevyhraje kandid\u00e1t, kter\u00e9ho preferuji, sv\u011bt se nezbo\u0159\u00ed, \u017eivot jde d\u00e1l\u201c, p\u0159esn\u00e9 zn\u011bn\u00ed je\u0161t\u011b t\u00fdden najdete na titulce iDnes, dole jako nejobl\u00edben\u011bj\u0161\u00ed \u010dl\u00e1nek dle karmy. Cituji tam text z hudebn\u00ed komedie Divotvorn\u00fd hrnec, v\u0161ak si to tam najd\u011bte.<\/p>\n<p>Do sou\u010dasn\u00e9 doby p\u0159evedeno. Pro dva miliony \u010dty\u0159i sta tis\u00edc voli\u010d\u016f, kte\u0159\u00ed volili Andreje Babi\u0161e, nezb\u00fdv\u00e1 nic jin\u00e9ho, ne\u017e se sm\u00ed\u0159it s my\u0161lenkou, \u017ee i jejich prezidentem bude od 9. b\u0159ezna arm\u00e1dn\u00ed gener\u00e1l Petr Pavel.<\/p>\n<p>Tito voli\u010di se ur\u010dit\u011b neztoto\u017e\u0148uj\u00ed s pocitem, \u017ee p\u0159ich\u00e1z\u00ed mesi\u00e1\u0161, kter\u00fd vy\u0159e\u0161\u00ed jejich probl\u00e9my. Sp\u00ed\u0161e naopak. Mysl\u00ed si, \u017ee se jejich ekonomick\u00e1 i jin\u00e1 situace, v\u010detn\u011b svobody slova, je\u0161t\u011b zhor\u0161\u00ed. \u017de po 33 letech nast\u00e1v\u00e1 situace, kdy jedna politick\u00e1 garnitura, by\u0165 rozlit\u00e1 do p\u011bti stran, po vzoru N\u00e1rodn\u00ed fronty z p\u0159edsametov\u00e9 doby, kdy s KS\u010c vl\u00e1dly dal\u0161\u00ed \u010dty\u0159i strany (\u010ceskoslovensk\u00e1 strana lidov\u00e1 \u2013 dne\u0161n\u00ed KDU-\u010cSL, \u010ceskoslovensk\u00e1 strana socialistick\u00e1, dne\u0161n\u00ed \u010cesk\u00e1 strana n\u00e1rodn\u011b soci\u00e1ln\u00ed a na Slovensku je\u0161t\u011b Strana slobody a Strana slovenskej obrody). Tato tehdej\u0161\u00ed p\u011btikoalice m\u011bla v exklusivn\u00edm dr\u017een\u00ed v\u0161echny mocensk\u00e9 p\u00e1ky tehdej\u0161\u00edho re\u017eimu, v\u010detn\u011b \u010dl\u00e1nku \u00dastavy o vedouc\u00ed \u00faloze komunistick\u00e9 strany.<\/p>\n<p>J\u00e1 jsem na tento fakt poukazoval nejen v den voleb v rann\u00edm vys\u00edl\u00e1n\u00ed Novy p\u0159ed Pra\u017esk\u00fdm hradem, ale i v diskuz\u00edch dlouho p\u0159edt\u00edm. Proto jsem si myslel, \u017ee po vzoru p\u0159edch\u00e1zej\u00edc\u00edch prezident\u016f V\u00e1clava Havla, kter\u00fd byl \u010dasto v opozici v\u016f\u010di premi\u00e9rovi V\u00e1clavu Klausovi, tak V\u00e1clava Klause, kter\u00fd byl v opozici v p\u0159\u00edpad\u011b Lisabonsk\u00e9 smlouvy s Petrem Ne\u010dasem. Milo\u0161 Zeman byl sice v symbi\u00f3ze s premi\u00e9rem Babi\u0161em, \u00falohu opozice v\u0161ak hr\u00e1l Sen\u00e1t.<\/p>\n<p>Dne\u0161n\u00ed p\u011btikoalice bude m\u00edt v\u0161echny \u00fastavn\u00ed funkce ve sv\u00fdch ruk\u00e1ch. To znamen\u00e1 Sen\u00e1t, Poslaneckou sn\u011bmovnu, prezidenta i vl\u00e1du. Takov\u00e1 koncentrace moci sv\u00e1d\u00ed.<\/p>\n<p>A na z\u00e1v\u011br. Pro 3 miliony t\u0159i sta tis\u00edc voli\u010d\u016f, kte\u0159\u00ed volili Petra Pavla, a kte\u0159\u00ed v n\u011bj skl\u00e1daj\u00ed svou d\u016fv\u011bru, bude mo\u017en\u00e1, na rozd\u00edl od Babi\u0161ov\u00fdch voli\u010d\u016f, kte\u0159\u00ed v nic dobr\u00e9ho volbou P. Pavla nedoufali, t\u011b\u017ek\u00e9, pokud se ekonomick\u00e1 situace nezlep\u0161\u00ed, nebo i zhor\u0161\u00ed, akceptovat to, \u017ee prezident to zm\u011bnit s\u00e1m nem\u016f\u017ee.<\/p>\n<p>\u010cetl jsem, \u017ee aktivist\u00e9 fand\u00edc\u00ed Petru Pavlovi cht\u011bli zablokovat Hrad, kdy\u017e zv\u00edt\u011bz\u00ed Andrej Babi\u0161. To si mysl\u00edm, \u017ee by bylo vrcholn\u011b nedemokratick\u00e9. Voli\u010di Andreje Babi\u0161e nic takov\u00e9ho v pl\u00e1nu nem\u011bli a nemaj\u00ed. A o tom demokracie je.<\/p>\n<p><strong>Petr Hannig,<\/strong><br \/>\n<em>p\u0159edseda pol. str. Rozumn\u00ed a b\u00fdval\u00fd prezidentsk\u00fd kandid\u00e1t<\/em><\/p>\n<\/div>\n<p>&nbsp;<\/p>\n<p><img decoding=\"async\" loading=\"lazy\" class=\"wp-image-19187 aligncenter\" src=\"http:\/\/www.infokuryr.cz\/n\/wp-content\/uploads\/2022\/12\/1-PRO-300x36.jpg\" alt=\"\" width=\"1258\" height=\"151\" srcset=\"https:\/\/www.infokuryr.cz\/n\/wp-content\/uploads\/2022\/12\/1-PRO-300x36.jpg 300w, https:\/\/www.infokuryr.cz\/n\/wp-content\/uploads\/2022\/12\/1-PRO.jpg 699w\" sizes=\"(max-width: 1258px) 100vw, 1258px\" \/><\/p>\n<p>&nbsp;<\/p>\n<p>&nbsp;<\/p>\n<p>&nbsp;<\/p>\n","protected":false},"excerpt":{"rendered":"<p>V sobotu ve\u010der jsem poslouchal jsem interview \u010cT se zvolen\u00fdm prezidentem z budovy N\u00e1rodn\u00edho muzea&#8230;.<\/p>\n","protected":false},"author":2,"featured_media":823,"comment_status":"closed","ping_status":"closed","sticky":false,"template":"","format":"standard","meta":[],"categories":[6],"tags":[1042,29,27],"_links":{"self":[{"href":"https:\/\/www.infokuryr.cz\/n\/wp-json\/wp\/v2\/posts\/21994"}],"collection":[{"href":"https:\/\/www.infokuryr.cz\/n\/wp-json\/wp\/v2\/posts"}],"about":[{"href":"https:\/\/www.infokuryr.cz\/n\/wp-json\/wp\/v2\/types\/post"}],"author":[{"embeddable":true,"href":"https:\/\/www.infokuryr.cz\/n\/wp-json\/wp\/v2\/users\/2"}],"replies":[{"embeddable":true,"href":"https:\/\/www.infokuryr.cz\/n\/wp-json\/wp\/v2\/comments?post=21994"}],"version-history":[{"count":1,"href":"https:\/\/www.infokuryr.cz\/n\/wp-json\/wp\/v2\/posts\/21994\/revisions"}],"predecessor-version":[{"id":22001,"href":"https:\/\/www.infokuryr.cz\/n\/wp-json\/wp\/v2\/posts\/21994\/revisions\/22001"}],"wp:featuredmedia":[{"embeddable":true,"href":"https:\/\/www.infokuryr.cz\/n\/wp-json\/wp\/v2\/media\/823"}],"wp:attachment":[{"href":"https:\/\/www.infokuryr.cz\/n\/wp-json\/wp\/v2\/media?parent=21994"}],"wp:term":[{"taxonomy":"category","embeddable":true,"href":"https:\/\/www.infokuryr.cz\/n\/wp-json\/wp\/v2\/categories?post=21994"},{"taxonomy":"post_tag","embeddable":true,"href":"https:\/\/www.infokuryr.cz\/n\/wp-json\/wp\/v2\/tags?post=21994"}],"curies":[{"name":"wp","href":"https:\/\/api.w.org\/{rel}","templated":true}]}}