{"id":21953,"date":"2023-01-30T05:33:03","date_gmt":"2023-01-30T04:33:03","guid":{"rendered":"http:\/\/www.infokuryr.cz\/n\/?p=21953"},"modified":"2023-01-30T05:33:03","modified_gmt":"2023-01-30T04:33:03","slug":"nedelnik-adama-b-bartose-119-roboti-volili-robota","status":"publish","type":"post","link":"https:\/\/www.infokuryr.cz\/n\/2023\/01\/30\/nedelnik-adama-b-bartose-119-roboti-volili-robota\/","title":{"rendered":"NED\u011aLN\u00cdK ADAMA B. BARTO\u0160E (119) ROBOTI VOLILI ROBOTA"},"content":{"rendered":"<div id=\"fb-root\"><\/div>\n<p><strong>K prezidentsk\u00fdm volb\u00e1m u\u010din\u00edm n\u011bkolik pozn\u00e1mek, pokus\u00edm se v\u0161ak b\u00fdt stru\u010dn\u00fd a v\u00edce je rozvedu v dal\u0161\u00edch t\u00fddnech. Nebudu tvrdit, \u017ee jsem to \u010dekal \u2013 ano, ob\u00e1val jsem se toho, ale m\u011bl jsem na druhou stranu nad\u011bji, \u017ee by se t\u0159eba mohlo zada\u0159it a \u017ee \u201ezdrav\u00fd\u201c venkov nedopust\u00ed volbu takov\u00e9ho ka\u0161para, jak\u00fdm je Petr Pavel. Drtiv\u00e1 p\u0159evaha, jakou ka\u0161par z\u00edskal (dokonce i na venkov\u011b), mne p\u0159ekvapila a vede mne k n\u00e1sleduj\u00edc\u00edm \u00favah\u00e1m.<\/strong><span id=\"more-13418\"><\/span><\/p>\n<p><span style=\"font-size: 18pt;\"><strong>1)<\/strong> <\/span>Petr Pavel nem\u011bl \u017e\u00e1dn\u00e9 emoce, vystupoval s nacvi\u010den\u00fdmi fr\u00e1zemi, odpov\u00eddal jako stroj. V jeho reakc\u00edch a gestech nebyly c\u00edtit \u017e\u00e1dn\u00e9 city. Voj\u00e1k. Stroj. Robot. Robot s hlasem Ladislava \u0160pa\u010dka. Lid\u00e9, kte\u0159\u00ed ho vol\u00ed, jsou nejsp\u00ed\u0161e tak\u00e9 bez citu. Nic s nimi neud\u011bl\u00e1 do nebe volaj\u00edc\u00ed zdra\u017eov\u00e1n\u00ed, nic s nimi neud\u011bl\u00e1 hrozba mobilizace ani to, \u017ee by se mohla t\u00fdkat jejich vlastn\u00edch rodin \u010di jich samotn\u00fdch. Nic s nimi neud\u011bl\u00e1 v\u00e1lka a v\u0161echny hr\u016fzy, kter\u00e9 obn\u00e1\u0161\u00ed. Naprost\u00fd cynismus. Podle mne nep\u0159em\u00fd\u0161lej\u00ed, jednaj\u00ed na pokyn. Jako kdyby je n\u011bkdo d\u00e1lkov\u011b ovl\u00e1dal. No \u2013 pokud se sedm milion\u016f \u010cech\u016f, Moravan\u016f a Slezan\u016f nechalo nao\u010dkovat (nem\u011blo \u017e\u00e1dn\u00fd pud sebez\u00e1chovy) a pokud jim v krvi kolotaj\u00ed ty nanopotv\u016frky obskurn\u00edch tvar\u016f, pak se nen\u00ed \u010demu divit. Nejen, \u017ee u\u017e d\u00e1vno zahodili zdrav\u00fd rozum (se zdrav\u00fdm rozumem by se ne\u0161li nechat op\u00edchat), ale nejsp\u00ed\u0161e u\u017e d\u00e1vno nerozhoduj\u00ed za sebe, ale staly se z nich stroje viditeln\u00e9 na mobilu pod s\u00e9riov\u00fdmi \u010d\u00edsly\u2026 Stroje, kter\u00e9 n\u011bkdo \u0159\u00edd\u00ed\u2026 V\u00edce se k tomu vr\u00e1t\u00edm v p\u0159\u00ed\u0161t\u00edm ned\u011bln\u00edku.<\/p>\n<p><span style=\"font-size: 18pt;\"><strong>2)<\/strong> <\/span>Do\u0161lo na orb\u00e1nizaci \u010desk\u00e9 spole\u010dnosti, ale v opa\u010dn\u00e9m gardu. Pravdol\u00e1ska ovl\u00e1dla v\u0161echny n\u00e1stroje moci, a kdy\u017e p\u00ed\u0161i v\u0161echny, mysl\u00edm v\u0161echny. U\u017e nen\u00ed \u017e\u00e1dn\u00e9 vyva\u017eov\u00e1n\u00ed moci, proto\u017ee moc z\u00e1konod\u00e1rn\u00e1, v\u00fdkonn\u00e1, ale i soudn\u00ed bude podl\u00e9hat jedn\u00e9 Stran\u011b. K tomu p\u0159ipo\u010dt\u011bme bezpe\u010dnostn\u00ed slo\u017eky, m\u00e9dia apod. Maj\u00ed v\u0161e pod kontrolou. Dovedn\u011b se zabetonuj\u00ed v politice tak, aby tu vl\u00e1dli n\u011bkolik dal\u0161\u00edch volebn\u00edch obdob\u00ed. Najmenuj\u00ed si soudce \u00dastavn\u00edho soudu, guvern\u00e9ra \u010cNB, Radu pro rozhlasov\u00e9 a televizn\u00ed vys\u00edl\u00e1n\u00ed, prost\u011b v\u0161e. Jako Orb\u00e1n. Paradoxn\u011b ale \u010desk\u00fdm Orb\u00e1nem nebude Andrej Babi\u0161, kter\u00fd se tak trochu do t\u00e9to role sna\u017eil stylizovat, vyfoukla mu to P\u011btikoalice. Sice se ned\u00e1 \u0159\u00edci, \u017ee by \u010desk\u00fdm Orb\u00e1nem byl Fiala, proto\u017ee je to H\u0148up, kter\u00fd m\u00e1 \u201echarisma mokr\u00e9ho hadru\u201c, do Orb\u00e1na m\u00e1 po v\u0161ech sm\u011brech daleko, ale vlivem n\u00e1hod a souher okolnost\u00ed (a v neposledn\u00ed \u0159ad\u011b tuposti voli\u010d\u016f), se mu poda\u0159ilo uchopit moc podobn\u011b siln\u011b, jako Orb\u00e1novi v Ma\u010farsku. Jenom opa\u010dn\u011b. Zat\u00edmco Orb\u00e1n sleduje a h\u00e1j\u00ed z\u00e1jmy Ma\u010far\u016f, H\u0148up jde proti \u010desk\u00fdm z\u00e1jm\u016fm. To je na\u0161e ne\u0161t\u011bst\u00ed\u2026<\/p>\n<p><span style=\"font-size: 18pt;\"><strong>3)<\/strong><\/span> Padlo n\u011bkolik m\u00fdt\u016f. Nap\u0159\u00edklad m\u00fdtus o nevoli\u010d\u00edch, kte\u0159\u00ed jsou vlastenci sed\u00edc\u00edmi doma a ignoruj\u00edc\u00edmi Syst\u00e9m. Nejsou to vlastenci. Ve sv\u00e9 v\u011bt\u0161in\u011b \u0161li volit v\u00e1le\u010dn\u00e9ho \u0161tv\u00e1\u010de, tak\u017ee jsou stejn\u011b zmanipulovan\u00fdmi, jako ti, co k volb\u00e1m chod\u00ed. N\u011bjak\u00e9 procento z nich uloupl sice i Babi\u0161, ale na tomto vzorku vid\u00edme, \u017ee ti, co vol\u00ed nohama, nejsou nijak chyt\u0159ej\u0161\u00ed \u010di z\u00e1sadov\u011bj\u0161\u00ed ne\u017e my, voli\u010di. Jejich dlouhodob\u00fd postoj (nevolen\u00ed) nebyl d\u00e1n t\u00edm, \u017ee by si \u2013 jako my \u2013 mysleli, \u017ee se volby fal\u0161uj\u00ed a \u017ee Syst\u00e9m je odsouzen\u00edhodn\u00fd, ale mnohem sp\u00ed\u0161e to jsou ti, co na to celou dobu ka\u0161lali, a k volb\u00e1m nechodili vlastn\u011b jen proto, \u017ee je nic nezaj\u00edm\u00e1 a v\u0161e je jim jedno. Za jist\u00fdch okolnost\u00ed jsou k volb\u00e1m ochotni p\u0159ij\u00edt, ale vyberou si \u0161patn\u011b. Nechaj\u00ed se oblbnout. Dal\u0161\u00edm m\u00fdtem je, \u017ee lid\u00e9 cht\u011bj\u00ed vystoupit z EU a z NATO. Necht\u011bj\u00ed. Volbou na\u0165\u00e1ck\u00e9ho podr\u017eta\u0161ky uk\u00e1zali, \u017ee se jim NATO l\u00edb\u00ed, a to i ve chv\u00edli, kdy je chce naverbovat na frontu. Pro n\u00e1s \u2013 vlasteneck\u00e9 strany \u2013 to znamen\u00e1, \u017ee si mus\u00edme nal\u00edt \u010dist\u00e9ho v\u00edna. Chceme vystoupit z EU a z NATO, nesm\u00edme z t\u011bchto programov\u00fdch bod\u016f ustupovat, ale volby s nimi nevyhrajeme. V\u00e1lka to samoz\u0159ejm\u011b m\u016f\u017ee zm\u011bnit, ale to si nikdo z n\u00e1s nep\u0159eje\u2026<\/p>\n<p><span style=\"font-size: 18pt;\"><strong>4)<\/strong> <\/span>SPD se znemo\u017enila. V\u011bd\u011bli jsme to o n\u00ed u\u017e dlouho, \u017ee je neschopn\u00e1, ale te\u010f se uk\u00e1zalo, \u017ee to nen\u00ed neschopnost, ale blbost. Nebo zaprodanost Syst\u00e9mu. Nev\u00edm, co je hor\u0161\u00ed. Nejsp\u00ed\u0161e to bude oboj\u00ed. Pracuj\u00ed pro Syst\u00e9m a je\u0161t\u011b hloup\u011b. Nejde jen o to, \u017ee jej\u00ed kandid\u00e1t neusp\u011bl v prvn\u00edm kole, to bych jim zas a\u017e tak nevy\u010d\u00edtal, ostatn\u011b, nebyl nijak oslniv\u00fd, ale \u0159\u00edkal v\u011bci, pro kter\u00e9 ho mnoho lid\u00ed, v\u010detn\u011b mne, bylo ochotno volit. V\u00edce mi vad\u00ed, \u017ee Babi\u0161e p\u0159ed druh\u00fdm kolem nejen nepodpo\u0159ili, ale je\u0161t\u011b nav\u00edc ho po\u0161pinili. Babi\u0161 sice nakonec jejich voli\u010de p\u0159esto z\u00edskal, ale veden\u00ed SPD se uk\u00e1zalo jako banda hlup\u00e1k\u016f. Volil jsem kandid\u00e1ta SPD poprv\u00e9 (Ba\u0161tu) a naposledy. Okamura se nepou\u010dil z toho, jak se p\u0159ed lety trapn\u011b postavil na tiskovce vedle P\u011btikoalice, te\u010f j\u00ed je\u0161t\u011b nep\u0159\u00edmo podpo\u0159il kandid\u00e1ta na Hrad, \u010d\u00edm\u017e se tot\u00e1ln\u011b naprosto odkopal a znev\u011brohodnil. Podb\u00edz\u00ed se vl\u00e1d\u011b a za to zasluhuje zmizet z politick\u00e9 mapy zem\u011b. Jeho voli\u010de si te\u010f my \u2013 skute\u010dn\u011b vlasteneck\u00e9 strany \u2013 rozebereme\u2026<\/p>\n<p><span style=\"font-size: 18pt;\"><strong>5)<\/strong><\/span> Politick\u00e1 \u0159e\u0161en\u00ed jsou na dlouhou dobu vy\u010derp\u00e1na. Pokud v\u00e1lka nep\u0159inese ne\u010dekan\u00e9 zvraty, kter\u00e9 by p\u0159epsaly i \u010deskou politickou sc\u00e9nu, je na n\u011bkolik dlouh\u00fdch let (a jak jsem psal v\u00fd\u0161e, ob\u00e1v\u00e1m se, \u017ee i na n\u011bkolik volebn\u00edch obdob\u00ed) vymalov\u00e1no. Pravdol\u00e1ska se zabetonovala, p\u0159\u00ed\u0161t\u00ed volby jsou a\u017e p\u0159\u00ed\u0161t\u00ed rok, nav\u00edc do europarlamentu, tak\u017ee nev\u00fdznamn\u00e9. Dal\u0161\u00ed parlamentn\u00ed volby zm\u011bnu nep\u0159inesou. Na\u0161e p\u0159edstavy o tom, \u017ee se ve spole\u010dnosti n\u011bco d\u011bje, \u017ee tam n\u011bco kvas\u00ed, se v\u017edy uk\u00e1\u017eou b\u00fdt lich\u00fdmi a naivn\u00edmi, jakmile p\u0159ijde na volby. Demonstrace jsou \u2013 v t\u00e9 podob\u011b, jak prob\u00edhaj\u00ed \u2013 na nic. Vid\u00edme, \u017ee nep\u0159inesly \u017e\u00e1dn\u00fd skute\u010dn\u00fd a hmatateln\u00fd efekt. Spole\u010dnost je v\u011bt\u0161inov\u011b zdegenerovan\u00e1 a vol\u00ed podle toho\u2026<\/p>\n<p><span style=\"font-size: 18pt;\"><strong>6)<\/strong> <\/span>Ve\u0161ker\u00fdm dohad\u016fm, nad\u011bj\u00edm, iluz\u00edm byla u\u010din\u011bna p\u0159\u00edtr\u017e. Pr\u016fzkum\u016fm nev\u011b\u0159\u00edme, ale toto byl v\u00edce ne\u017e pr\u016fzkum. Jednoduch\u00e9 volby, jednoduch\u00fd v\u00fdb\u011br mezi dv\u011bma kandid\u00e1ty, dokonce historick\u00e1 volebn\u00ed \u00fa\u010dast \u2013 a tady vid\u00edme v\u00fdsledek. Toto je skute\u010dn\u00fd stav \u010desk\u00e9 spole\u010dnosti. Chce v\u00e1lku, nech\u00e1 si na sob\u011b d\u0159\u00edv\u00ed \u0161t\u00edpat, chce se nechat zotro\u010dovat, zb\u00edda\u010dovat, o\u017eebra\u010dovat, nesejde j\u00ed na svobod\u011b slova a dokonce j\u00ed je jedno i to, \u017ee mus\u00ed platit za v\u0161echno dvakr\u00e1t tak draze. Roky jsme spekulovali, co si asi lidi mysl\u00ed, doufali jsme, \u017ee jen trpn\u011b sn\u00e1\u0161\u00ed vl\u00e1dn\u00ed zlo (ale \u017ee ve skute\u010dnosti jsou uvnit\u0159 proti, jen se boj\u00ed nebo to d\u011blaj\u00ed jen proto, \u017ee jsou dr\u017eeni pod krkem). V tajn\u00fdch volb\u00e1ch, v referendu o vl\u00e1d\u011b, v\u0161ak lid\u00e9 \u0159ekli, \u017ee jim vlastn\u011b nic moc nevad\u00ed. Te\u010f kone\u010dn\u011b zn\u00e1me pravdu. Je to hor\u0161\u00ed, ne\u017e jsme si mysleli. V\u011bt\u0161in\u011b je \u0161um\u00e1k nejen budoucnost n\u00e1roda, ale dokonce i osud vlastn\u00ed rodiny. Op\u011bt se dost\u00e1v\u00e1me k bodu jedna \u2013 roboti. Naprogramovan\u00ed m\u00e9dii.<\/p>\n<p><span style=\"font-size: 18pt;\"><strong>7)<\/strong> <\/span>N\u00e1rodn\u00ed demokracie nepodl\u00e9h\u00e1 pocit\u016fm zmaru. Volby dopadly \u0161patn\u011b, dozv\u011bd\u011bli jsme se nep\u0159\u00edjemnou pravdu o na\u0161\u00ed spole\u010dnosti, ale je to lep\u0161\u00ed, ne\u017e abychom \u017eili v iluzi. P\u0159ed t\u00fddnem p\u0159edsednictvo N\u00e1rodn\u00ed demokracie obh\u00e1jilo mand\u00e1t na dal\u0161\u00ed t\u0159i roky. Znamen\u00e1 to, \u017ee to nevzd\u00e1v\u00e1me, \u017ee z boje neut\u00edk\u00e1me. Te\u010f dokonce vid\u00edme, jak byly rozd\u00e1ny karty, tak\u017ee se podle toho m\u016f\u017eeme za\u0159\u00eddit. I k tomuto se vr\u00e1t\u00edm v p\u0159\u00ed\u0161t\u00edch ned\u011bln\u00edc\u00edch.<\/p>\n<p>Nepodl\u00e9hejte, pros\u00edm, skepsi, proto\u017ee volbou Petra Pavla jsme sice dos\u00e1hli absolutn\u00edho dna, ale hor\u0161\u00ed u\u017e to nebude. Hor\u0161\u00ed bude u\u017e jen ta v\u00e1lka, kter\u00e1 p\u0159ijde. Ale asi to tak m\u00e1 b\u00fdt. Asi si ji po v\u00edce ne\u017e osmdes\u00e1ti letech mus\u00edme za\u017e\u00edt znovu, aby n\u00e1s to p\u0159ivedlo k rozumu. \u017de si ji budeme nuceni pro\u017e\u00edt i my, kte\u0159\u00ed zdrav\u00fd rozum st\u00e1le m\u00e1me, za to m\u016f\u017eeme \u201epod\u011bkovat\u201c 58 procent\u016fm robot\u016f\u2026<\/p>\n<p>Vlasti zdar!<\/p>\n<p><strong><em>Adam B. Barto\u0161<\/em><\/strong><br \/>\n<strong><em>p\u0159edseda N\u00e1rodn\u00ed demokracie<\/em><\/strong><\/p>\n<p><em>\u00davodn\u00ed obr\u00e1zek: CD89.cz<\/em><\/p>\n<p><img decoding=\"async\" loading=\"lazy\" class=\"alignnone size-full wp-image-678\" src=\"http:\/\/www.infokuryr.cz\/n\/wp-content\/uploads\/2021\/04\/narodni_demokracie_logo.jpg\" alt=\"\" width=\"300\" height=\"85\" \/><\/p>\n<p>&nbsp;<\/p>\n<p>____________________________<\/p>\n<p>&nbsp;<\/p>\n<p><img decoding=\"async\" loading=\"lazy\" class=\"wp-image-19187 aligncenter\" src=\"http:\/\/www.infokuryr.cz\/n\/wp-content\/uploads\/2022\/12\/1-PRO-300x36.jpg\" alt=\"\" width=\"1300\" height=\"156\" srcset=\"https:\/\/www.infokuryr.cz\/n\/wp-content\/uploads\/2022\/12\/1-PRO-300x36.jpg 300w, https:\/\/www.infokuryr.cz\/n\/wp-content\/uploads\/2022\/12\/1-PRO.jpg 699w\" sizes=\"(max-width: 1300px) 100vw, 1300px\" \/><\/p>\n<p>&nbsp;<\/p>\n","protected":false},"excerpt":{"rendered":"<p>K prezidentsk\u00fdm volb\u00e1m u\u010din\u00edm n\u011bkolik pozn\u00e1mek, pokus\u00edm se v\u0161ak b\u00fdt stru\u010dn\u00fd a v\u00edce je rozvedu&#8230;<\/p>\n","protected":false},"author":2,"featured_media":21954,"comment_status":"closed","ping_status":"closed","sticky":false,"template":"","format":"standard","meta":[],"categories":[6],"tags":[367,29,85,27],"_links":{"self":[{"href":"https:\/\/www.infokuryr.cz\/n\/wp-json\/wp\/v2\/posts\/21953"}],"collection":[{"href":"https:\/\/www.infokuryr.cz\/n\/wp-json\/wp\/v2\/posts"}],"about":[{"href":"https:\/\/www.infokuryr.cz\/n\/wp-json\/wp\/v2\/types\/post"}],"author":[{"embeddable":true,"href":"https:\/\/www.infokuryr.cz\/n\/wp-json\/wp\/v2\/users\/2"}],"replies":[{"embeddable":true,"href":"https:\/\/www.infokuryr.cz\/n\/wp-json\/wp\/v2\/comments?post=21953"}],"version-history":[{"count":0,"href":"https:\/\/www.infokuryr.cz\/n\/wp-json\/wp\/v2\/posts\/21953\/revisions"}],"wp:featuredmedia":[{"embeddable":true,"href":"https:\/\/www.infokuryr.cz\/n\/wp-json\/wp\/v2\/media\/21954"}],"wp:attachment":[{"href":"https:\/\/www.infokuryr.cz\/n\/wp-json\/wp\/v2\/media?parent=21953"}],"wp:term":[{"taxonomy":"category","embeddable":true,"href":"https:\/\/www.infokuryr.cz\/n\/wp-json\/wp\/v2\/categories?post=21953"},{"taxonomy":"post_tag","embeddable":true,"href":"https:\/\/www.infokuryr.cz\/n\/wp-json\/wp\/v2\/tags?post=21953"}],"curies":[{"name":"wp","href":"https:\/\/api.w.org\/{rel}","templated":true}]}}