{"id":21950,"date":"2023-01-30T05:24:44","date_gmt":"2023-01-30T04:24:44","guid":{"rendered":"http:\/\/www.infokuryr.cz\/n\/?p=21950"},"modified":"2023-01-30T05:24:44","modified_gmt":"2023-01-30T04:24:44","slug":"den-pote-co-prozradil-rusky-zradce-a-co-americky-ambasador","status":"publish","type":"post","link":"https:\/\/www.infokuryr.cz\/n\/2023\/01\/30\/den-pote-co-prozradil-rusky-zradce-a-co-americky-ambasador\/","title":{"rendered":"Den pot\u00e9: Co prozradil rusk\u00fd zr\u00e1dce? A co americk\u00fd ambasador?"},"content":{"rendered":"<div id=\"fb-root\"><\/div>\n<div id=\"ArticleTop\">\n<h2>Pavel byl dosazen, nikoli zvolen. Chvilka\u0159i maj\u00ed obavy? Okamura nab\u00edz\u00ed spolupr\u00e1ci? Rozd\u011bl a panuj. Cukr a bi\u010d v praxi. Vinnetou se m\u00fdlil: Boj!<\/h2>\n<p class=\"clkPerex\"><a class=\"clkAutor\" href=\"https:\/\/protiproud.info\/autor\/petr-hajek.htm\">PETR H\u00c1JEK<\/a> analyzuje prvn\u00ed reakce skute\u010dn\u00fdch v\u00edt\u011bz\u016f bitvy o Hrad, snahu \u201euplatit\u201c nepodvolen\u00e9, \u017easne nad postojem \u201eopozice\u201c a doporu\u010duje \u010d\u00edst trochu dosp\u011bleji poh\u00e1dky Karla Maye<\/p>\n<\/div>\n<div id=\"Article\">\n<p>Je\u0161t\u011b \u201en\u011bkolik v\u011bt\u201c k\u00a0tomu, co se odehr\u00e1lo v\u00a0p\u00e1tek a v\u00a0sobotu. Hovo\u0159ili jsme o tom pom\u011brn\u011b ob\u0161\u00edrn\u011b v<a href=\"https:\/\/protiproud.info\/politika\/6979-pojdme-spolecne-v-primem-prenosu-debatovat-o-vysledku-prezidentske-volby-petr-hajek-michal-semin-a-kazdy-kdo-se-otazkou-ci-nazorem-zapoji-rozhodne-ucast-nebo-neucast-a-co-volebni-podvody-kudy-dal.htm\" target=\"_blank\" rel=\"noopener\">\u00a0p\u0159\u00edm\u00e9m p\u0159enosu PPTV s\u00a0Michalem Sem\u00ednem<\/a>\u00a0v\u00a0dob\u011b, kdy se teprve dopo\u010d\u00edt\u00e1valy v\u00fdsledky s\u010d\u00edt\u00e1n\u00ed hlas\u016f, ale ji\u017e bylo jasn\u00e9: Nejen\u017ee se nestal z\u00e1zrak, ale odp\u016frci zni\u010duj\u00edc\u00ed bruselsk\u00e9 vl\u00e1dy P\u011btikoalice dostali dal\u0161\u00ed drtiv\u00fd direkt \u2013 tentokr\u00e1t z\u00a0Washingtonu. Velk\u00fd z\u00e1jem o vys\u00edl\u00e1n\u00ed, \u00fa\u010dast stovek diskutuj\u00edc\u00edch i trvaj\u00edc\u00ed z\u00e1jem t\u011bch, kte\u0159\u00ed protiproudn\u00ed \u201eVolebn\u00ed studio\u201c shl\u00e9dli (anebo je\u0161t\u011b shl\u00e9dnou) zp\u011btn\u011b, umo\u017e\u0148uje nevracet se k\u00a0ji\u017e \u0159e\u010den\u00e9mu, ale j\u00edt o krok d\u00e1l.<\/p>\n<p>Lze shrnout opravdu do n\u011bkolika v\u011bt: P\u00e1t\u00e9 kolon\u011b ciz\u00edch z\u00e1jm\u016f se kone\u010dn\u011b poda\u0159ilo, z\u00a0\u010deho byla v\u00a0posledn\u00ed dek\u00e1d\u011b permanentn\u011b frustrovan\u00e1. \u00dapravy volebn\u00edho syst\u00e9mu sice umo\u017enily, aby vl\u00e1du nakonec dostala do rukou skupina \u201ejedn\u00e9 strany\u201c (a\u010d form\u00e1ln\u011b s\u00a0p\u011bti r\u016fzn\u00fdmi n\u00e1zvy) reprezentuj\u00edc\u00ed v\u00fdraznou voli\u010dskou men\u0161inu. Hrad \u2013 symbol \u010desk\u00e9 st\u00e1tnosti \u2013 j\u00ed v\u0161ak st\u00e1le unikal. Nyn\u00ed obsadila i ten. Tak\u017ee konec?<\/p>\n<h2>Dozn\u00e1n\u00ed<\/h2>\n<p>Alexandr Mitrofanov, kter\u00e9ho k\u00a0n\u00e1m je\u0161t\u011b za Bre\u017en\u011bva (1979) KGB dovezla ze Sov\u011btsk\u00e9ho svazu, a po p\u0159evratu posadila do (Rud\u00e9ho) Pr\u00e1va, to v\u00a0z\u00e1chvatu opojen\u00ed z\u00a0v\u00edt\u011bzstv\u00ed vystihl: \u201e<em>Teprve 28.\u00a0ledna 2023\u00a0doopravdy skon\u010dilo obdob\u00ed, kter\u00e9 zah\u00e1jil 17.\u00a0listopad 1989.\u00a0Tehdy bylo v\u00edt\u011bzstv\u00ed do velk\u00e9 m\u00edry darov\u00e1no zven\u010d\u00ed.<\/em>\u201c A jedno z\u00a0prvn\u00edch blahop\u0159\u00e1n\u00ed dorazilo nikoli jak b\u00fdv\u00e1 zvykem z\u00a0USA od prezidenta, ale z\u00a0rezidentury na americk\u00e9 ambas\u00e1d\u011b, kde (jako obvykle) cel\u00fd ten \u201etich\u00fd p\u0159evrat \u010d. 2 za\u010dal:<em>\u00a0\u201eGratulujeme \u010cesk\u00e9 republice ke zvolen\u00ed Petra Pavla \u010desk\u00fdm prezidentem. T\u011b\u0161\u00edme se na\u00a0<strong>\u00fazkou spolupr\u00e1ci<\/strong>.\u201c<\/em><\/p>\n<p>Mitrofanov pat\u0159\u00ed k\u00a0Rus\u016fm v\u00a0exilu, kte\u0159\u00ed zradili, a nen\u00e1vid\u00ed proto svou vlast a prezidenta Putina (\u201eamerick\u00e9ho\u201c Jelcina spolu s\u00a0V. Havlem obdivoval). Byl toti\u017e vycvi\u010den v\u00a0p\u0159\u00edprav\u011b na globalistickou \u201ekonvergenci\u201c tou \u010d\u00e1st\u00ed KGB, je\u017e na n\u00ed od roku 1970 spolupracovala s\u00a0\u010d\u00e1st\u00ed CIA. Pl\u00e1n ale p\u0159\u00edli\u0161 nevy\u0161el. A\u017e po odstran\u011bn\u00ed Donalda Trumpa se nyn\u00ed rychle doh\u00e1n\u00ed rozpout\u00e1n\u00edm v\u00e1lky proti Rusku za kulisami pu\u010distick\u00e9ho kyjevsk\u00e9ho re\u017eimu. Ob\u011b reakce \u2013 rusk\u00e9ho zr\u00e1dce i US Embassy \u2013 na dosazen\u00ed americk\u00e9ho gener\u00e1la na Pra\u017esk\u00fd hrad se proto kr\u00e1sou necht\u011bn\u00e9ho velmi dob\u0159e dopl\u0148uj\u00ed.<\/p>\n<h2>Dezinformace?<\/h2>\n<p>\u017de jde o dezinformaci, proto\u017ee Petr Pavel byl p\u0159ece zvolen \u2013 a to dokonce velkou v\u011bt\u0161inou t\u011bch, kte\u0159\u00ed se voleb z\u00fa\u010dastnili? Je to p\u0159esn\u011b naopak. Washingtonu u\u017e nyn\u00ed st\u00e1lo za to, se v\u00a0cel\u00e9 v\u011bci p\u0159\u00edmo anga\u017eovat. P\u0159\u00edprava v\u00e1le\u010dn\u00e9ho pole. Z ambas\u00e1dy vze\u0161el povel (a pak podpora, pen\u00edze \u2013 p\u0159es spoustu \u201ekolen\u201c atd.) \u2013 a Pavlovi loutkovodi\u010di jej pouze provedli. Proto tak\u00e9 odtud p\u0159i\u0161la prvn\u00ed \u201egratulace\u201c, respektive drsn\u00e1 upom\u00ednka, komu za to vd\u011b\u010d\u00ed.<\/p>\n<p>Kv\u016fli parlamentn\u00edm volb\u00e1m zm\u011bnil Rychetsk\u00e9ho \u00fastavn\u00ed soud i parametry volebn\u00edho z\u00e1kona \u2013 aby dosadili p\u011btikolku. Kv\u016fli Pavlovi to m\u011bli snaz\u0161\u00ed. Ve \u201ev\u00e1le\u010dn\u00e9m stavu\u201c zmobilizovat celou zfanatizovanou protiruskou \u201eukro-kav\u00e1rnu\u201c \u2013 v\u010detn\u011b svaz\u00e1ck\u00e9ho dorostu rozp\u00e1len\u00e9ho do ruda nen\u00e1vist\u00ed k\u00a0Andreji Babi\u0161ovi (\u0161koly \u2013 \u201eneziskovky\u201c \u2013 m\u00e9dia) nebyl velk\u00fd probl\u00e9m. Obludn\u00e9 dozn\u00e1n\u00ed jedn\u00e9 z\u00a0Pavlov\u00fdch voli\u010dek, \u017ee jej\u00ed mal\u00fd syn se v\u00a0noci \u010dasto budil hr\u016fzou, \u017ee bude zvolen Babi\u0161, nepot\u0159ebuje dal\u0161\u00ed koment\u00e1\u0159.<\/p>\n<p>\u017de se za t\u011bchto okolnost\u00ed p\u0159esto dva a p\u016fl milion\u016f \u010desk\u00fdch ob\u010dan\u016f nedalo zastra\u0161it (i kdy\u017e \u010dasto o tom museli zalhat v\u00a0pr\u00e1ci nebo dokonce v\u00a0rodin\u011b) a hlasovalo pro \u010desk\u00e9ho Slov\u00e1ka, je vlastn\u011b fantastick\u00fd \u00fasp\u011bch. Nikoli v\u0161ak jen osobn\u011b Babi\u0161\u016fv \u2013 i kdy\u017e jeho kampa\u0148 \u201eproti v\u0161em\u201c byla obdivuhodn\u00e1, a on s\u00e1m si ji tvrd\u011b odpracoval \u2013 ale cel\u00e9ho neorganizovan\u00e9ho \u201ehnut\u00ed odporu\u201c.<\/p>\n<p>Mimochodem: Nen\u00ed bez zaj\u00edmavosti, jak jinak vzorn\u011b \u201epoliticky korektn\u00ed\u201c globalistick\u00e1 P\u00e1t\u00e1 kolona hr\u00e1la i s \u201ep\u0159ist\u011bhovaleckou\u201c zbran\u00ed (neum\u00ed \u010d\u00e9\u00e9\u00e9sky!), jakkoli za ni jinak brzy bude hn\u00e1t imigrantsky ostra\u017eit\u00e9 vlastence i do v\u011bzen\u00ed. Ale pokryteck\u00fd dvoj\u00ed metr je pr\u016fvodn\u00ed znak cel\u00e9 \u201eliber\u00e1ln\u00ed\u201c demokracie, tedy politick\u00e9, hospod\u00e1\u0159sk\u00e9 a mravn\u00ed apokalypsy Z\u00e1padu, na n\u00ed\u017e se od sobotn\u00edho ve\u010dera (viz ambas\u00e1dn\u00ed gratulace) ji\u017e ofici\u00e1ln\u00ed \u010desk\u00e1 reprezentace poprv\u00e9 pod\u00edl\u00ed zcela naplno.<\/p>\n<h2>Rozd\u011bl a panuj<\/h2>\n<p>Tentokr\u00e1t ji\u017e pracovali systematicky, nikoli jako za Zemanovy kandidatury. Ostatn\u011b Milo\u0161e Zemana (oddan\u00e9ho euro-federalisty) se p\u0159\u00edli\u0161 nemuseli ob\u00e1vat. A on tak\u00e9 hned prvn\u00ed den vyv\u011bsil za asistence velk\u00e9ho bruselsk\u00e9ho marxisty soudruha Barrosa na Prvn\u00edm hradn\u00edm n\u00e1dvo\u0159\u00ed modr\u00fd hadr s\u00a0p\u011btic\u00edp\u00fdmi hv\u011bzdami (pro odli\u0161en\u00ed ne ji\u017e rud\u00fdmi ale \u017elut\u00fdmi). \u017de se jim kolega pozd\u011bji vymkl (aby se na z\u00e1v\u011br zase p\u0159imkl) je jin\u00e1 (smutn\u00e1) historie.<\/p>\n<p>A stejn\u011b systematicky postupuj\u00ed hned druh\u00fd den po volb\u00e1ch. Pavel ihned pronesl jednu z\u00a0nacvi\u010den\u00fdch v\u011bt:\u00a0\u201e<em>Se mnou automaticky nep\u0159ich\u00e1z\u00ed mobilizace, se mnou nep\u0159ich\u00e1z\u00ed \u017e\u00e1dn\u00e1 zm\u011bna kurzu, se mnou nep\u0159ich\u00e1z\u00ed \u017e\u00e1dn\u00e9 vtahov\u00e1n\u00ed do v\u00e1lky.\u201c<\/em>\u00a0Pov\u0161imn\u011bme si p\u0159\u00edzna\u010dn\u00e9ho slova \u201eautomaticky\u201c. Jin\u00fdmi slovy to v\u0161e p\u0159ich\u00e1z\u00ed, ale nem\u00e1 to vypadat, jako by to produkoval automat. Zjevn\u011b se tedy, jak v\u00a0kraji tradic\u00ed, chyst\u00e1 mobilizace i v\u00e1lka &#8211; ale \u201es lidskou tv\u00e1\u0159\u00ed\u201c.<\/p>\n<p>Tak\u00e9 soudru\u017eka Stra\u0161\u00e1kov\u00e1 (nomen omen), mluv\u010d\u00ed jedn\u00e9 z\u00a0americk\u00fdch \u201eneziskovek\u201c (Mili\u00f3n chvilek) z\u00fa\u010dastn\u011bn\u00fdch na projektu Pavel, se rychle nechala sly\u0161et:\u00a0\u201e<em>Spole\u010dnost je rozt\u0159\u00ed\u0161t\u011bna\u00a0<strong>existen\u010dn\u00edm strachem\u00a0<\/strong>i\u00a0vyhrocenou volebn\u00ed kampan\u00ed. Mnoho lid\u00ed si p\u0159\u00e1lo jin\u00fd volebn\u00ed v\u00fdsledek. Je te\u010f proto d\u016fle\u017eit\u00e9 nach\u00e1zet mezi sebou spole\u010dnou \u0159e\u010d\u00a0\u2013 s\u00a0voli\u010di v\u0161ech kandid\u00e1t\u016f, s\u00a0nevoli\u010di i\u00a0s\u00a0hledaj\u00edc\u00edmi.<\/em>\u00a0(\u2026)\u00a0<em>A\u00a0i kdy\u017e se ne v\u017edy na v\u0161em shodneme, to podstatn\u00e9 n\u00e1s v\u0161echny spojuje: Jsme lid\u00e9, kte\u0159\u00ed maj\u00ed\u00a0<strong>obavy o\u00a0budoucnost<\/strong>.\u201c\u00a0<\/em><\/p>\n<h2>Cukr a bi\u010d<\/h2>\n<p>Jak\u00fd existen\u010dn\u00ed strach? Jak\u00e9 obavy o budoucnost? V\u017edy\u0165 p\u0159ed p\u00e1r t\u00fddny je\u0161t\u011b na V\u00e1clav\u00e1ku p\u0159i \u201ekontrademonstraci\u201c pro ukrajinskou diasporu \u0159e\u010dnili o tom, \u017ee vl\u00e1da m\u00e1 v\u0161e pod kontrolou, \u017ee se nem\u00e1me \u010deho ob\u00e1vat. No pochopiteln\u011b: Nyn\u00ed pot\u0159ebuj\u00ed rozd\u011blit nepodvolen\u00e9 \u2013 a mo\u017en\u00e1 se jim to u n\u011bkter\u00fdch zdecimovan\u00fdch drsnou prohrou i poda\u0159\u00ed. A lze je pochopit, kdy\u017e i Tomio Okamura, \u0161\u00e9f SPD sd\u011blil pozoruhodnou informaci, \u017ee pr\u00fd \u0159ada sympatizant\u016f SPD hlasovala pro Pavla. \u201eJe t\u0159eba respektovat v\u00fdsledek voleb, douf\u00e1m, \u017ee Petr Pavel bude prezidentem v\u0161ech ob\u010dan\u016f, jsme p\u0159ipraveni spolupracovat,\u201c \u0159ekl \u2013 a nejsem asi s\u00e1m, kdo p\u0159i tom jen vyt\u0159e\u0161til o\u010di.<\/p>\n<p>Hle, hle. Nyn\u00ed u\u017e l\u00e9pe rozum\u011bt napohled nesrozumiteln\u00e9mu vzkazu veden\u00ed SPD p\u0159ed druh\u00fdm kolem, \u017ee nejl\u00e9pe vhodit do urny pr\u00e1zdnou ob\u00e1lku \u2013 tedy nehlasovat ani pro jednoho, takzvan\u011b z\u016fstat \u201eneutr\u00e1ln\u00ed\u201c. Zvl\u00e1\u0161\u0165 nepochopiteln\u00e9 to bylo od n\u011bkdej\u0161\u00edho bojovn\u00edka Jaroslava Ba\u0161ty. A Okamurovo \u201edovysv\u011btlen\u00ed\u201c, \u017ee jako b\u00fdval\u00fd disident pr\u00fd Ba\u0161ta nem\u016f\u017ee hlasovat pro \u017e\u00e1dn\u00e9ho z \u201eb\u00fdval\u00fdch komunist\u016f\u201c, u\u017e snad pro (doned\u00e1vna) l\u00eddra jedin\u00e9 parlamentn\u00ed opozice nebylo ani hodno. Krut\u00fd \u017eert v\u016f\u010di sv\u00fdm voli\u010d\u016fm. \u010cist\u00e9 politika\u0159en\u00ed a \u201eobchodnick\u00e1\u201c zbab\u011blost. Nic neutr\u00e1ln\u00edho v\u00a0dne\u0161n\u00ed situaci p\u0159ece nen\u00ed mo\u017en\u00e9. To je p\u0159\u00edkladn\u00fd \u00fat\u011bk z\u00a0boje. Kdo chce \u201ez\u016fstat na pozic\u00edch\u201c, nem\u016f\u017ee tomu pora\u017eenectv\u00ed rozum\u011bt.<\/p>\n<h2>Americk\u00e9 ba\u017einy odpa\u0159uj\u00ed jedy<\/h2>\n<p>Ne, spolupracovat (latinsky kolaborovat) s\u00a0nimi nen\u00ed mo\u017en\u00e9. Nikdy nebylo. A na metodu cukru a bi\u010de m\u00e1me je\u0161t\u011b mnoz\u00ed z\u00a0dob \u201ere\u00e1ln\u00e9ho socialismu\u201c vyp\u011bstovan\u00e1 varovn\u00e1 sv\u011bt\u00e9lka, kter\u00e1 nyn\u00ed divoce blikaj\u00ed. Co je to za \u017ev\u00e1sty o \u201espojen\u00ed v\u0161eho lidu\u201c do \u0161\u0165astn\u00e9ho budov\u00e1n\u00ed na\u0161\u00ed vysp\u011ble se hrout\u00edc\u00ed (kdysi) kapitalistick\u00e9 spole\u010dnosti? M\u00e1me spole\u010dn\u011b s\u00a0nimi vyprodat zbytky st\u00e1tn\u00ed suverenity? Takzvan\u011b se uklidnit, \u0159\u00edci si \u201eco jsme si, to jsme si\u201c \u2013 a spole\u010dn\u011b vyrazit za americk\u00e9 a bruselsk\u00e9 z\u00e1jmy na Rusa (jako jsme na n\u011bj vyrazili za Rakouska \u2013 a on n\u00e1m to vr\u00e1til za p\u00e1r let pozd\u011bji osvobozen\u00edm od Hitlera)?<\/p>\n<p>Hlavn\u00ed vl\u00e1dn\u00ed den\u00edk (New York Times) washingtonsk\u00e9 \u201eba\u017einy\u201c (kterou Trump nesta\u010dil vysu\u0161it) o na\u0161ich volb\u00e1ch napsal, \u017ee st\u0159et mezi Babi\u0161em a Pavlem byl prvn\u00edm z \u0159ady leto\u0161n\u00edch d\u016fle\u017eit\u00fdch hlasov\u00e1n\u00ed ve v\u00fdchodn\u00ed a st\u0159edn\u00ed Evrop\u011b. Pr\u00fd \u201ed\u016fle\u017eit\u00fdm testem, zda kdysi stoupaj\u00edc\u00ed vlna populismu v Evrop\u011b dos\u00e1hla vrcholu\u201c. D\u011blaj\u00ed test v\u00a0papi\u0148\u00e1ku, kter\u00fd p\u0159edt\u00edm napustili medi\u00e1ln\u00edmi jedy, l\u017e\u00ed a manipulac\u00ed. D\u00e1 jim asi povzbudiv\u00e1 \u010d\u00edsla. Jen aby nakonec nezjistili, \u017ee \u017d\u00e1dn\u00fd pl\u00e1n nikdy nevyjde.<\/p>\n<p>Ale to oni nev\u011bd\u00ed, tak\u017ee zat\u00edm jejich \u201epra\u017esk\u00fd korespondent\u201c tvrd\u00ed, \u017ee Babi\u0161ova taktika v p\u0159edvolebn\u00ed kampani kop\u00edrovala tu, kterou pou\u017e\u00edv\u00e1 jeho spojenec Viktor Orb\u00e1n, jen\u017e loni v dubnu slavil jasn\u00e9 v\u00edt\u011bzstv\u00ed po tvrzen\u00edch, \u017ee jeho hlavn\u00ed politick\u00fd soupe\u0159 chce poslat ma\u010farsk\u00e9 voj\u00e1ky bojovat na Ukrajinu proti Rusku. &#8222;Ale tento argument Babi\u0161ovi nezafungoval v \u010cesk\u00e9 republice, kter\u00e1 m\u00e1 mnohem rozmanit\u011bj\u0161\u00ed m\u00e9dia ne\u017e Ma\u010farsko\u2026\u201c<\/p>\n<h2>Vinnetou se m\u00fdlil<\/h2>\n<p>Rozmanit\u011bj\u0161\u00ed m\u00e9dia! T\u00edm jen ta americk\u00e1 novin\u00e1\u0159sk\u00e1 b\u0159e\u010dka potvrdila, \u017ee v\u0161e st\u00e1lo na p\u0159\u00edsn\u00e9 jednot\u011b \u010cT (coby centr\u00e1ly ovl\u00e1dan\u00e9 Ameri\u010dany) v \u201epevn\u00e9 jednot\u011b\u201c s\u00a0miliard\u00e1\u0159sk\u00fdmi medi\u00e1ln\u00edmi domy Bakalov\u00fdmi, K\u0159et\u00ednsk\u00e9ho \u010di Luka\u010dovi\u010dov\u00fdmi \u2013 tedy t\u00e9m\u011b\u0159 100% \u201ekorpor\u00e1tu\u201c. Tudy vedla hlavn\u00ed br\u00e1na k\u00a0volebn\u00edm manipulac\u00edm \u2013 a n\u00e1sledn\u011b k\u00a0dosazen\u00ed Petra Pavla na Hrad (o ostatn\u00edch volebn\u00edch podvodech se zat\u00edm m\u016f\u017eeme jen dohadovat, ale v\u00a0tomto p\u0159\u00edpad\u011b nehr\u00e1ly tu hlavn\u00ed roli \u2013 to p\u0159ijde a\u017e v\u00a0p\u0159\u00ed\u0161t\u00edch volb\u00e1ch do sn\u011bmovny).<\/p>\n<p>S\u00a0t\u011bmi \u201espolupracovat\u201c? Nejsme na tom dnes o mnoho l\u00e9pe ne\u017e Indi\u00e1ni, kter\u00e9 pot\u0159ebovali p\u0159edch\u016fdci na\u0161ich dne\u0161n\u00edch \u201espojenc\u016f\u201c vyvra\u017edit \u2013 a tak jim nab\u00eddli \u201epohodln\u00fd \u017eivot\u201c v\u00a0rezervac\u00edch. Tak\u00e9 jsem to kdysi hltal z\u00a0Vinetoua. Jak cht\u011bl (podle poh\u00e1dky Karla Maye) pr\u00fd v\u0161echny sjednotit (aby je pak koloniz\u00e1to\u0159i sn\u00e1ze zlikvidovali).<\/p>\n<p>Asi proto dnes mnohem l\u00e9pe rozum\u00edm gestu charismatick\u00fdch n\u00e1\u010deln\u00edk\u016f (n\u011bjak\u00fd se jist\u011b i u n\u00e1s zase n\u011bkdy vyno\u0159\u00ed), kte\u0159\u00ed cukr\u00e1tka odm\u00edtli \u2013 a zabodli (zd\u00e1nliv\u011b beznad\u011bjn\u011b) kop\u00ed do stepi:<\/p>\n<p>\u201eBoj!\u201c<\/p>\n<p>P\u0159evzato:\u00a0 <a href=\"https:\/\/protiproud.info\/politika\/6981-den-pote-co-prozradil-rusky-zradce-a-co-americky-ambasador-pavel-byl-dosazen-nikoli-zvolen-chvilkari-maji-obavy-okamura-nabizi-spolupraci-rozdel-a-panuj-cukr-a-bic-v-praxi-vinnetou-se-mylil-boj.htm\">PROTIPROUD<\/a><\/p>\n<\/div>\n<p>&nbsp;<\/p>\n<p><img decoding=\"async\" loading=\"lazy\" class=\"wp-image-19187 aligncenter\" src=\"http:\/\/www.infokuryr.cz\/n\/wp-content\/uploads\/2022\/12\/1-PRO-300x36.jpg\" alt=\"\" width=\"1300\" height=\"156\" srcset=\"https:\/\/www.infokuryr.cz\/n\/wp-content\/uploads\/2022\/12\/1-PRO-300x36.jpg 300w, https:\/\/www.infokuryr.cz\/n\/wp-content\/uploads\/2022\/12\/1-PRO.jpg 699w\" sizes=\"(max-width: 1300px) 100vw, 1300px\" \/><\/p>\n<p>&nbsp;<\/p>\n<p>&nbsp;<\/p>\n","protected":false},"excerpt":{"rendered":"<p>Pavel byl dosazen, nikoli zvolen. Chvilka\u0159i maj\u00ed obavy? Okamura nab\u00edz\u00ed spolupr\u00e1ci? Rozd\u011bl a panuj. Cukr&#8230;<\/p>\n","protected":false},"author":2,"featured_media":21951,"comment_status":"closed","ping_status":"closed","sticky":false,"template":"","format":"standard","meta":[],"categories":[6],"tags":[1042,29,27],"_links":{"self":[{"href":"https:\/\/www.infokuryr.cz\/n\/wp-json\/wp\/v2\/posts\/21950"}],"collection":[{"href":"https:\/\/www.infokuryr.cz\/n\/wp-json\/wp\/v2\/posts"}],"about":[{"href":"https:\/\/www.infokuryr.cz\/n\/wp-json\/wp\/v2\/types\/post"}],"author":[{"embeddable":true,"href":"https:\/\/www.infokuryr.cz\/n\/wp-json\/wp\/v2\/users\/2"}],"replies":[{"embeddable":true,"href":"https:\/\/www.infokuryr.cz\/n\/wp-json\/wp\/v2\/comments?post=21950"}],"version-history":[{"count":0,"href":"https:\/\/www.infokuryr.cz\/n\/wp-json\/wp\/v2\/posts\/21950\/revisions"}],"wp:featuredmedia":[{"embeddable":true,"href":"https:\/\/www.infokuryr.cz\/n\/wp-json\/wp\/v2\/media\/21951"}],"wp:attachment":[{"href":"https:\/\/www.infokuryr.cz\/n\/wp-json\/wp\/v2\/media?parent=21950"}],"wp:term":[{"taxonomy":"category","embeddable":true,"href":"https:\/\/www.infokuryr.cz\/n\/wp-json\/wp\/v2\/categories?post=21950"},{"taxonomy":"post_tag","embeddable":true,"href":"https:\/\/www.infokuryr.cz\/n\/wp-json\/wp\/v2\/tags?post=21950"}],"curies":[{"name":"wp","href":"https:\/\/api.w.org\/{rel}","templated":true}]}}