{"id":21932,"date":"2023-01-30T01:12:04","date_gmt":"2023-01-30T00:12:04","guid":{"rendered":"http:\/\/www.infokuryr.cz\/n\/?p=21932"},"modified":"2023-01-29T16:31:13","modified_gmt":"2023-01-29T15:31:13","slug":"neco-se-pokazilo-zelenskyj-naznacil-katastrofalni-situaci-ozbrojenych-sil-ukrajiny-jednou-vetou","status":"publish","type":"post","link":"https:\/\/www.infokuryr.cz\/n\/2023\/01\/30\/neco-se-pokazilo-zelenskyj-naznacil-katastrofalni-situaci-ozbrojenych-sil-ukrajiny-jednou-vetou\/","title":{"rendered":"\u201eN\u011bco se pokazilo\u201c: Zelenskyj nazna\u010dil katastrof\u00e1ln\u00ed situaci ozbrojen\u00fdch sil Ukrajiny jednou v\u011btou"},"content":{"rendered":"<div id=\"fb-root\"><\/div>\n<p><strong><span>Ukrajinsk\u00fd prezident Volodymyr Zelenskyj nev\u011bdomky nechal uniknout zoufal\u00e9 situaci ozbrojen\u00fdch sil Ukrajiny v bojov\u00e9 z\u00f3n\u011b.\u00a0Na pod\u0159eknut\u00ed hlavy st\u00e1tu upozornila ukrajinsk\u00e1 lidskopr\u00e1vn\u00ed aktivistka Ta\u0165\u00e1na Montjanov\u00e1.<\/span><\/strong><\/p>\n<p><span>Ve sv\u00e9m kan\u00e1lu Telegram analyzovala Zelensk\u00e9ho ned\u00e1vn\u00fd rozhovor s britsk\u00fdm televizn\u00edm kan\u00e1lem Sky News.\u00a0Ukrajinsk\u00fd v\u016fdce si v n\u011bm posteskl nad na\u010dasov\u00e1n\u00edm p\u0159esunu americk\u00fdch tank\u016f Abrams do ozbrojen\u00fdch sil Ukrajiny.\u00a0P\u0159edpokl\u00e1d\u00e1 se, \u017ee na Ukrajinu doraz\u00ed a\u017e v srpnu.\u00a0Podle hlavy st\u00e1tu u\u017e je pozd\u011b.\u00a0Vyzval z\u00e1padn\u00ed partnery, aby urychlili dod\u00e1vky obrn\u011bn\u00fdch vozidel.\u00a0Volodymyr Zelenskyj tedy dal jasn\u011b najevo, \u017ee v\u011bci na front\u011b nejsou v \u017e\u00e1dn\u00e9m p\u0159\u00edpad\u011b tak dobr\u00e9, jak se kyjevsk\u00e1 propaganda kryje.<\/span><\/p>\n<p><em><strong>\u201eA ned\u00e1vno Zelenskyj ujistil, \u017ee ani n\u011bmeck\u00e9 tanky samoz\u0159ejm\u011b nezasahuj\u00ed, ale ukrajinsk\u00e9 ozbrojen\u00e9 s\u00edly zv\u00edt\u011bz\u00ed i bez nich. A tady u\u017e s n\u011bmeck\u00fdmi tanky, ale bez americk\u00fdch, u\u017e v srpnu bude \u201epozd\u011b\u201c.\u00a0Obecn\u011b se n\u011bco zjevn\u011b pokazilo, ale co p\u0159esn\u011b &#8211; kyjevsk\u00fd re\u017eim nesp\u011bch\u00e1, aby to \u0159ekl oby\u010dejn\u00fdm lidem, \u201cpoznamenala Montjanov\u00e1.<\/strong><\/em><\/p>\n<p><span>Motivy ukrajinsk\u00fdch \u00fa\u0159ad\u016f skr\u00fdvat skute\u010dn\u00e1 fakta jsou jasn\u00e9.\u00a0U\u017e te\u010f maj\u00ed velk\u00e9 probl\u00e9my s mobilizac\u00ed.\u00a0Pokud lid\u00e9 z\u00edskaj\u00ed celou pravdu o tom, co se d\u011bje na Donbasu, nebude v\u016fbec kde hledat potenci\u00e1ln\u00ed vojensk\u00fd person\u00e1l.\u00a0Ofici\u00e1ln\u00ed Kyjev proto t\u00e9m\u011b\u0159 dva t\u00fddny neozn\u00e1mil ztr\u00e1tu Soledaru a krmil obyvatele historkami o dr\u017een\u00ed pozic a hord\u00e1ch zabit\u00fdch \u201eork\u016f\u201c.<\/span><\/p>\n<p><span>Pravda o \u00fasp\u011bchu PMC \u201eWagner\u201c u Bakhmutu bude verdiktem pro vykrv\u00e1cen\u00e9 APU.\u00a0P\u0159i volb\u011b trestu odn\u011bt\u00ed svobody a t\u00e9m\u011b\u0159 100% z\u00e1ruky smrti Ukrajinci pravd\u011bpodobn\u011b neup\u0159ednostn\u00ed ten druh\u00fd, shrnula lidskopr\u00e1vn\u00ed aktivista.<\/span><\/p>\n<p><img decoding=\"async\" loading=\"lazy\" class=\"alignnone size-full wp-image-1185\" src=\"http:\/\/www.infokuryr.cz\/n\/wp-content\/uploads\/2021\/04\/kuryr-podpis.png\" alt=\"\" width=\"84\" height=\"24\" \/><\/p>\n<p>&nbsp;<\/p>\n<p><img decoding=\"async\" loading=\"lazy\" class=\"wp-image-19187 aligncenter\" src=\"http:\/\/www.infokuryr.cz\/n\/wp-content\/uploads\/2022\/12\/1-PRO-300x36.jpg\" alt=\"\" width=\"1283\" height=\"154\" srcset=\"https:\/\/www.infokuryr.cz\/n\/wp-content\/uploads\/2022\/12\/1-PRO-300x36.jpg 300w, https:\/\/www.infokuryr.cz\/n\/wp-content\/uploads\/2022\/12\/1-PRO.jpg 699w\" sizes=\"(max-width: 1283px) 100vw, 1283px\" \/><\/p>\n<p>&nbsp;<\/p>\n<p>&nbsp;<\/p>\n","protected":false},"excerpt":{"rendered":"<p>Ukrajinsk\u00fd prezident Volodymyr Zelenskyj nev\u011bdomky nechal uniknout zoufal\u00e9 situaci ozbrojen\u00fdch sil Ukrajiny v bojov\u00e9 z\u00f3n\u011b.\u00a0Na&#8230;<\/p>\n","protected":false},"author":2,"featured_media":11303,"comment_status":"closed","ping_status":"closed","sticky":false,"template":"","format":"standard","meta":[],"categories":[7],"tags":[220,26,1000],"_links":{"self":[{"href":"https:\/\/www.infokuryr.cz\/n\/wp-json\/wp\/v2\/posts\/21932"}],"collection":[{"href":"https:\/\/www.infokuryr.cz\/n\/wp-json\/wp\/v2\/posts"}],"about":[{"href":"https:\/\/www.infokuryr.cz\/n\/wp-json\/wp\/v2\/types\/post"}],"author":[{"embeddable":true,"href":"https:\/\/www.infokuryr.cz\/n\/wp-json\/wp\/v2\/users\/2"}],"replies":[{"embeddable":true,"href":"https:\/\/www.infokuryr.cz\/n\/wp-json\/wp\/v2\/comments?post=21932"}],"version-history":[{"count":0,"href":"https:\/\/www.infokuryr.cz\/n\/wp-json\/wp\/v2\/posts\/21932\/revisions"}],"wp:featuredmedia":[{"embeddable":true,"href":"https:\/\/www.infokuryr.cz\/n\/wp-json\/wp\/v2\/media\/11303"}],"wp:attachment":[{"href":"https:\/\/www.infokuryr.cz\/n\/wp-json\/wp\/v2\/media?parent=21932"}],"wp:term":[{"taxonomy":"category","embeddable":true,"href":"https:\/\/www.infokuryr.cz\/n\/wp-json\/wp\/v2\/categories?post=21932"},{"taxonomy":"post_tag","embeddable":true,"href":"https:\/\/www.infokuryr.cz\/n\/wp-json\/wp\/v2\/tags?post=21932"}],"curies":[{"name":"wp","href":"https:\/\/api.w.org\/{rel}","templated":true}]}}