{"id":21929,"date":"2023-01-30T01:10:49","date_gmt":"2023-01-30T00:10:49","guid":{"rendered":"http:\/\/www.infokuryr.cz\/n\/?p=21929"},"modified":"2023-01-29T16:17:37","modified_gmt":"2023-01-29T15:17:37","slug":"ruske-ministerstvo-zahranici-usa-a-nato-jsou-primo-zapojeny-do-ukrajinskeho-konfliktu","status":"publish","type":"post","link":"https:\/\/www.infokuryr.cz\/n\/2023\/01\/30\/ruske-ministerstvo-zahranici-usa-a-nato-jsou-primo-zapojeny-do-ukrajinskeho-konfliktu\/","title":{"rendered":"Rusk\u00e9 ministerstvo zahrani\u010d\u00ed: USA a NATO jsou p\u0159\u00edmo zapojeny do ukrajinsk\u00e9ho konfliktu"},"content":{"rendered":"<div id=\"fb-root\"><\/div>\n<p class=\"lead\"><span>Nedostate\u010dn\u00e1 reakce Spojen\u00fdch st\u00e1t\u016f a zem\u00ed NATO na ost\u0159elov\u00e1n\u00ed zdravotnick\u00fdch za\u0159\u00edzen\u00ed v Lugansk\u00e9 lidov\u00e9 republice (LPR) a Chersonsk\u00e9 oblasti ukrajinsk\u00fdmi ozbrojen\u00fdmi silami nazna\u010duje, \u017ee jsou p\u0159\u00edmo zapojeny do konfliktu.\u00a0Uv\u00e1d\u00ed to v ned\u011bli zve\u0159ejn\u011bn\u00e9 prohl\u00e1\u0161en\u00ed rusk\u00e9ho ministerstva zahrani\u010d\u00ed, jeho\u017e v\u00fd\u0148atky 29. ledna, cituje agentura TASS.<\/span><\/p>\n<p><span>Odd\u011blen\u00ed p\u0159ipomn\u011blo \u00fader ukrajinsk\u00e9 arm\u00e1dy z HIMARS MLRS na nemocnici v Novoaidaru v LPR z 28. ledna a tak\u00e9 ost\u0159elov\u00e1n\u00ed Nov\u00e9 Kachovky v Chersonsk\u00e9 oblasti.<\/span><\/p>\n<p><em>\u201e\u00damysln\u00e9 ost\u0159elov\u00e1n\u00ed st\u00e1vaj\u00edc\u00edch civiln\u00edch zdravotnick\u00fdch za\u0159\u00edzen\u00ed a c\u00edlen\u00e9 zab\u00edjen\u00ed civilist\u016f jsou v\u00e1\u017en\u00fdmi v\u00e1le\u010dn\u00fdmi zlo\u010diny kyjevsk\u00e9ho re\u017eimu a jeho z\u00e1padn\u00edch p\u00e1n\u016f.\u00a0Nedostate\u010dn\u00e1 reakce Spojen\u00fdch st\u00e1t\u016f a dal\u0161\u00edch zem\u00ed NATO na toto dal\u0161\u00ed zr\u016fdn\u00e9 po\u0161lap\u00e1v\u00e1n\u00ed mezin\u00e1rodn\u00edho humanit\u00e1rn\u00edho pr\u00e1va Kyjevem op\u011bt potvrzuje jejich p\u0159\u00edmou \u00fa\u010dast v konfliktu a pod\u00edl na p\u00e1chan\u00fdch zlo\u010dinech,\u201c<span class=\"after-quote\">\u00a0prohl\u00e1\u0161en\u00ed \u0159\u00edk\u00e1.<\/span><\/em><\/p>\n<p><span>Jak zd\u016fraznilo ministerstvo zahrani\u010d\u00ed, ost\u0159elov\u00e1n\u00ed nemocnic a dal\u0161\u00ed v\u00e1le\u010dn\u00e9 zlo\u010diny ukrajinsk\u00e9 arm\u00e1dy, sp\u00e1chan\u00e9 pod z\u00e1\u0161titou Z\u00e1padu, nez\u016fstanou bez trestu.\u00a0Po\u0159adatel\u00e9 a \u00fa\u010dinkuj\u00edc\u00ed budou potrest\u00e1ni.<\/span><\/p>\n<p><em>\u201eV\u0161echny tyto \u010diny zlo\u010dinn\u00e9ho bezpr\u00e1v\u00ed sp\u00e1chan\u00e9 kyjevsk\u00fdmi ozbrojen\u00fdmi skupinami pod z\u00e1\u0161titou Z\u00e1padu nez\u016fstanou bez trestu.\u00a0Jsou pe\u010dliv\u011b upevn\u011bny.\u00a0Po\u0159adatel\u00e9 a \u00fa\u010dinkuj\u00edc\u00ed budou potrest\u00e1ni nevyhnuteln\u00fdm trestem,\u201c<span class=\"after-quote\"> \u2014 uzav\u0159elo ministerstvo zahrani\u010d\u00ed.<\/span><\/em><\/p>\n<p><img decoding=\"async\" loading=\"lazy\" class=\"alignnone size-full wp-image-1185\" src=\"http:\/\/www.infokuryr.cz\/n\/wp-content\/uploads\/2021\/04\/kuryr-podpis.png\" alt=\"\" width=\"84\" height=\"24\" \/><\/p>\n<p>&nbsp;<\/p>\n<p><img decoding=\"async\" loading=\"lazy\" class=\"wp-image-19187 aligncenter\" src=\"http:\/\/www.infokuryr.cz\/n\/wp-content\/uploads\/2022\/12\/1-PRO-300x36.jpg\" alt=\"\" width=\"1283\" height=\"154\" srcset=\"https:\/\/www.infokuryr.cz\/n\/wp-content\/uploads\/2022\/12\/1-PRO-300x36.jpg 300w, https:\/\/www.infokuryr.cz\/n\/wp-content\/uploads\/2022\/12\/1-PRO.jpg 699w\" sizes=\"(max-width: 1283px) 100vw, 1283px\" \/><\/p>\n<p>&nbsp;<\/p>\n<p>&nbsp;<\/p>\n","protected":false},"excerpt":{"rendered":"<p>Nedostate\u010dn\u00e1 reakce Spojen\u00fdch st\u00e1t\u016f a zem\u00ed NATO na ost\u0159elov\u00e1n\u00ed zdravotnick\u00fdch za\u0159\u00edzen\u00ed v Lugansk\u00e9 lidov\u00e9 republice&#8230;<\/p>\n","protected":false},"author":2,"featured_media":11731,"comment_status":"closed","ping_status":"closed","sticky":false,"template":"","format":"standard","meta":[],"categories":[7],"tags":[39,1083,22,26,37],"_links":{"self":[{"href":"https:\/\/www.infokuryr.cz\/n\/wp-json\/wp\/v2\/posts\/21929"}],"collection":[{"href":"https:\/\/www.infokuryr.cz\/n\/wp-json\/wp\/v2\/posts"}],"about":[{"href":"https:\/\/www.infokuryr.cz\/n\/wp-json\/wp\/v2\/types\/post"}],"author":[{"embeddable":true,"href":"https:\/\/www.infokuryr.cz\/n\/wp-json\/wp\/v2\/users\/2"}],"replies":[{"embeddable":true,"href":"https:\/\/www.infokuryr.cz\/n\/wp-json\/wp\/v2\/comments?post=21929"}],"version-history":[{"count":0,"href":"https:\/\/www.infokuryr.cz\/n\/wp-json\/wp\/v2\/posts\/21929\/revisions"}],"wp:featuredmedia":[{"embeddable":true,"href":"https:\/\/www.infokuryr.cz\/n\/wp-json\/wp\/v2\/media\/11731"}],"wp:attachment":[{"href":"https:\/\/www.infokuryr.cz\/n\/wp-json\/wp\/v2\/media?parent=21929"}],"wp:term":[{"taxonomy":"category","embeddable":true,"href":"https:\/\/www.infokuryr.cz\/n\/wp-json\/wp\/v2\/categories?post=21929"},{"taxonomy":"post_tag","embeddable":true,"href":"https:\/\/www.infokuryr.cz\/n\/wp-json\/wp\/v2\/tags?post=21929"}],"curies":[{"name":"wp","href":"https:\/\/api.w.org\/{rel}","templated":true}]}}