{"id":21922,"date":"2023-01-30T01:08:29","date_gmt":"2023-01-30T00:08:29","guid":{"rendered":"http:\/\/www.infokuryr.cz\/n\/?p=21922"},"modified":"2023-01-29T16:10:24","modified_gmt":"2023-01-29T15:10:24","slug":"jeden-dron-sestrelen-dva-zachyceny-a-zniceny-co-je-znamo-o-utoku-uav-na-zarizeni-iranskeho-ministerstva-obrany","status":"publish","type":"post","link":"https:\/\/www.infokuryr.cz\/n\/2023\/01\/30\/jeden-dron-sestrelen-dva-zachyceny-a-zniceny-co-je-znamo-o-utoku-uav-na-zarizeni-iranskeho-ministerstva-obrany\/","title":{"rendered":"Jeden dron sest\u0159elen, dva zachyceny a zni\u010deny: co je zn\u00e1mo o \u00fatoku UAV na za\u0159\u00edzen\u00ed \u00edr\u00e1nsk\u00e9ho ministerstva obrany"},"content":{"rendered":"<div id=\"fb-root\"><\/div>\n<p><strong>Ve\u010der 28. ledna bylo jedno z v\u00fdrobn\u00edch za\u0159\u00edzen\u00ed \u00edr\u00e1nsk\u00e9ho ministerstva obrany napadeno drony.\u00a0Jeden z dron\u016f byl sest\u0159elen, dal\u0161\u00ed dva byly zachyceny a zni\u010deny.\u00a0\u00cdr\u00e1nsk\u00e9 ministerstvo obrany uvedlo, \u017ee napaden\u00fd komplex neutrp\u011bl v\u00fdznamn\u00e9 \u0161kody.\u00a0Podle zpr\u00e1v m\u00e9di\u00ed se do \u00fatoku mohou zapojit Spojen\u00e9 st\u00e1ty a &#8222;jin\u00e1 zem\u011b&#8220;.<\/strong><\/p>\n<p><span style=\"font-size: 18pt;\"><strong>V sobotu 28. ledna ve\u010der byly napadeny objekty \u00edr\u00e1nsk\u00e9 vojensk\u00e9 infrastruktury.<\/strong><\/span><\/p>\n<p>Podle tiskov\u00e9 agentury IRNA s odkazem na \u00edr\u00e1nsk\u00e9 ministerstvo obrany za\u00fato\u010dily t\u0159i bezpilotn\u00ed letouny na jedno z center departementu ve m\u011bst\u011b Isfah\u00e1n zhruba ve 23:30 m\u00edstn\u00edho \u010dasu.<\/p>\n<p><strong>\u201eVe\u010der 28. ledna kolem 23:30 byl proveden \u00fatok pomoc\u00ed dron\u016f na jedno z v\u00fdrobn\u00edch za\u0159\u00edzen\u00ed tohoto odd\u011blen\u00ed ve m\u011bst\u011b Isfah\u00e1n.\u00a0V\u00e1\u017en\u00e9 \u0161kody, stejn\u011b jako lidsk\u00e9 ob\u011bti, ne.\u00a0V d\u016fsledku provozu syst\u00e9mu protivzdu\u0161n\u00e9 obrany bylo sest\u0159eleno jedno UAV, dal\u0161\u00ed dv\u011b vozidla byla zachycena a zni\u010dena, \u201cuv\u00e1d\u00ed se v prohl\u00e1\u0161en\u00ed, jeho\u017e text citovala rusk\u00e1 ambas\u00e1da.<\/strong><\/p>\n<p>Je t\u0159eba poznamenat, \u017ee v\u00fdrobn\u00ed komplex pokra\u010doval ve sv\u00e9 obvykl\u00e9 pr\u00e1ci, navzdory po\u0161kozen\u00ed st\u0159echy jedn\u00e9 z d\u00edlen.<\/p>\n<p>Podle m\u00edstn\u00edch m\u00e9di\u00ed hodlaj\u00ed t\u0159i \u010dlenov\u00e9 \u00edr\u00e1nsk\u00e9ho parlamentu nav\u0161t\u00edvit m\u00edsto v\u00fdbuchu v objektu ministerstva obrany v Isfah\u00e1nu.\u00a0\u00da\u0159ady z\u00e1rove\u0148 zah\u00e1jily vy\u0161et\u0159ov\u00e1n\u00ed p\u0159\u00ed\u010din incidentu.<\/p>\n<p>Podle port\u00e1lu Al Hadath s odvol\u00e1n\u00edm na zdroje byl c\u00edlem \u00fatoku dronem sklad s balistick\u00fdmi raketami.\u00a0Za \u00fatok jsou p\u0159itom zodpov\u011bdn\u00e9 Spojen\u00e9 st\u00e1ty a \u201ejin\u00e1 zem\u011b\u201c.<\/p>\n<p>\u0158ada m\u00e9di\u00ed spojuje \u00fatoky s n\u00e1v\u0161t\u011bvou \u0161\u00e9fa CIA v Izraeli.\u00a026. ledna p\u0159icestoval do zem\u011b \u0161\u00e9f americk\u00e9 zpravodajsk\u00e9 slu\u017eby William Burns, aby jednal se z\u00e1stupci Izraele a Palestiny s c\u00edlem deeskalovat nap\u011bt\u00ed mezi stranami.\u00a0Zejm\u00e9na se setkal s \u0161\u00e9fem zpravodajsk\u00e9 agentury Mossad.\u00a0Ve stejn\u00fd den skon\u010dilo spole\u010dn\u00e9 americko-izraelsk\u00e9 cvi\u010den\u00ed Juniper Oak.<\/p>\n<p>Haaretz z\u00e1rove\u0148 p\u00ed\u0161e, \u017ee Izrael dlouhodob\u011b vede st\u00ednovou v\u00e1lku s \u00cdr\u00e1nem, jej\u00ed\u017e sou\u010d\u00e1st\u00ed jsou zejm\u00e9na skryt\u00e9 \u00fatoky na \u00edr\u00e1nsk\u00e1 vojensk\u00e1 a jadern\u00e1 za\u0159\u00edzen\u00ed Isl\u00e1msk\u00e9 republiky.<\/p>\n<p>Za\u010d\u00e1tkem tohoto t\u00fddne vyzval izraelsk\u00fd prezident Jicchak Herzog v Evropsk\u00e9m parlamentu k boji proti \u201es\u00edl\u00e1m temnoty\u201c tv\u00e1\u0159\u00ed v tv\u00e1\u0159 \u00cdr\u00e1nu. Podle jeho n\u00e1zoru je Teher\u00e1n zapojen do boj\u016f na Ukrajin\u011b, \u0161\u00ed\u0159\u00ed n\u00e1sil\u00ed po cel\u00e9m Bl\u00edzk\u00e9m v\u00fdchod\u011b, vyv\u00edj\u00ed zbran\u011b hromadn\u00e9ho ni\u010den\u00ed a tak\u00e9 \u201eohro\u017euje stabilitu po cel\u00e9m sv\u011bt\u011b\u201c. Izraelsk\u00e1 policie potvrdila smrt sedmi lid\u00ed p\u0159i st\u0159elb\u011b v synagoze v Jeruzal\u00e9m\u011b. 27. ledna ve\u010der otev\u0159el mu\u017e&#8230;<\/p>\n<p>\u201eToto je testovac\u00ed \u010das pro n\u00e1s v\u0161echny.\u00a0Pokud v\u011b\u0159\u00edme, \u017ee hlas spravedlnosti nelze uml\u010det, pokud v\u011b\u0159\u00edme v jinou, hum\u00e1nn\u011bj\u0161\u00ed lidskost, mus\u00edme spolupracovat jako jedna komunita, odhodlan\u00e1 a sjednocen\u00e1, proti sil\u00e1m temnoty a nen\u00e1visti, kter\u00e9 n\u00e1s hroz\u00ed zni\u010dit,\u201c \u0159ekl.<\/p>\n<p>Herzog nav\u00edc den p\u0159edt\u00edm telefonoval s \u00e1zerb\u00e1jd\u017e\u00e1nsk\u00fdm prezidentem Ilhamem Alijevem. <a href=\"https:\/\/russian.rt.com\/world\/news\/1103346-baku-posolstvo-obsuzhdenie\">Teroristick\u00fd \u00fatok<\/a>\u00a0\u00a0na \u00fazem\u00ed \u00e1zerb\u00e1jd\u017e\u00e1nsk\u00e9ho velvyslanectv\u00ed v Teher\u00e1nu odsoudil\u00a0zejm\u00e9na izraelsk\u00fd prezident .\u00a0\u00dato\u010dn\u00edk ozbrojen\u00fd kulometem zabil jednoho str\u00e1\u017ece a dal\u0161\u00ed dva zranil.\u00a0\u00dato\u010dn\u00edk byl zat\u010den.\u00a0Jako motiv sv\u00e9ho jedn\u00e1n\u00ed uvedl \u201eosobn\u00ed a rodinn\u00e9 probl\u00e9my\u201c.<\/p>\n<p>Tak\u00e9 28. ledna ve\u010der do\u0161lo k v\u00fdbuchu a po\u017e\u00e1ru v ropn\u00e9 rafin\u00e9rii ve m\u011bst\u011b Azarshahr na severoz\u00e1pad\u011b \u00cdr\u00e1nu.\u00a0N\u011bkolik ropn\u00fdch n\u00e1dr\u017e\u00ed explodovalo.<\/p>\n<p>Je t\u0159eba poznamenat, \u017ee region se nach\u00e1z\u00ed pobl\u00ed\u017e provincie Z\u00e1padn\u00ed \u00c1zerb\u00e1jd\u017e\u00e1n, kde den p\u0159edt\u00edm do\u0161lo k zem\u011bt\u0159esen\u00ed o s\u00edle 5,9 stupn\u011b.\u00a0Zdroj ot\u0159es\u016f le\u017eel v hloubce 43 km, epicentrum se nach\u00e1zelo 23 km jihov\u00fdchodn\u011b od m\u011bsta Khoy.\u00a0V d\u016fsledku p\u0159\u00edrodn\u00ed katastrofy byli podle posledn\u00edch \u00fadaj\u016f zabiti t\u0159i lid\u00e9 a dal\u0161\u00edch 816 bylo zran\u011bno.<\/p>\n<p><span style=\"font-size: 14pt;\"><em><strong>Aktualizace:<\/strong><\/em><\/span><\/p>\n<p><span style=\"font-size: 18pt;\"><strong>\u00datok na vojensk\u00fd objekt v \u00edr\u00e1nsk\u00e9m m\u011bst\u011b Isfah\u00e1n provedlo americk\u00e9 letectvo<\/strong><\/span><\/p>\n<p class=\"lead\"><span>Bezpilotn\u00ed \u00fatok na vojensk\u00fd objekt v \u00edr\u00e1nsk\u00e9m m\u011bst\u011b Isfah\u00e1n provedlo americk\u00e9 letectvo.\u00a0Ozn\u00e1mil to dne 29. ledna televizn\u00ed kan\u00e1l Al-Arab\u00edja.<\/span><\/p>\n<p><span>Zdroj se odvol\u00e1v\u00e1 na zdroje, kter\u00e9 vysv\u011btlily, \u017ee c\u00edlem byl sklad s balistick\u00fdmi raketami.<\/span><\/p>\n<p><em><strong>&#8222;Do \u00cdr\u00e1nu byly zasl\u00e1ny zpr\u00e1vy, \u017ee za\u0159\u00edzen\u00ed na v\u00fdrobu balistick\u00fdch raket nebudou povolena,&#8220;<span class=\"after-quote\">\u00a0&#8211; kan\u00e1l cituje slova \u00fa\u010dastn\u00edk\u016f rozhovoru.<\/span><\/strong><\/em><\/p>\n<p><span>D\u0159\u00edve bylo ozn\u00e1meno, \u017ee minulou noc byl muni\u010dn\u00ed sklad v Isfah\u00e1nu napaden minidrony.\u00a0Jeden z nich byl sest\u0159elen syst\u00e9my protivzdu\u0161n\u00e9 obrany, dal\u0161\u00ed dva padly do speci\u00e1ln\u00edch past\u00ed.\u00a0Sklad byl m\u00edrn\u011b po\u0161kozen a nebyly hl\u00e1\u0161eny \u017e\u00e1dn\u00e9 ob\u011bti nebo ob\u011bti.<\/span><\/p>\n<p><span>V n\u011bkter\u00fdch m\u00e9di\u00edch se objevily zpr\u00e1vy o exploz\u00edch v dal\u0161\u00edch \u00edr\u00e1nsk\u00fdch m\u011bstech \u2013 Alborzu, Hamad\u00e1nu, Kered\u017ei a tak\u00e9 o n\u00e1letech v Teher\u00e1nu.\u00a0\u00cdr\u00e1nsk\u00e1 tiskov\u00e1 agentura IRNA tyto informace pop\u0159ela s t\u00edm, \u017ee za t\u00edmto medi\u00e1ln\u00edm \u00fatokem, jeho\u017e c\u00edlem je zas\u00edt mezi \u00cdr\u00e1nci paniku s c\u00edlem destabilizovat situaci v zemi, stoj\u00ed Izrael.<\/span><\/p>\n<p><img decoding=\"async\" loading=\"lazy\" class=\"alignnone size-full wp-image-1185\" src=\"http:\/\/www.infokuryr.cz\/n\/wp-content\/uploads\/2021\/04\/kuryr-podpis.png\" alt=\"\" width=\"84\" height=\"24\" \/><\/p>\n<p>&nbsp;<\/p>\n<p><img decoding=\"async\" loading=\"lazy\" class=\"wp-image-19187 aligncenter\" src=\"http:\/\/www.infokuryr.cz\/n\/wp-content\/uploads\/2022\/12\/1-PRO-300x36.jpg\" alt=\"\" width=\"1300\" height=\"156\" srcset=\"https:\/\/www.infokuryr.cz\/n\/wp-content\/uploads\/2022\/12\/1-PRO-300x36.jpg 300w, https:\/\/www.infokuryr.cz\/n\/wp-content\/uploads\/2022\/12\/1-PRO.jpg 699w\" sizes=\"(max-width: 1300px) 100vw, 1300px\" \/><\/p>\n<p>&nbsp;<\/p>\n","protected":false},"excerpt":{"rendered":"<p>Ve\u010der 28. ledna bylo jedno z v\u00fdrobn\u00edch za\u0159\u00edzen\u00ed \u00edr\u00e1nsk\u00e9ho ministerstva obrany napadeno drony.\u00a0Jeden z dron\u016f&#8230;<\/p>\n","protected":false},"author":2,"featured_media":21927,"comment_status":"closed","ping_status":"closed","sticky":false,"template":"","format":"standard","meta":[],"categories":[7],"tags":[38,1863,3533],"_links":{"self":[{"href":"https:\/\/www.infokuryr.cz\/n\/wp-json\/wp\/v2\/posts\/21922"}],"collection":[{"href":"https:\/\/www.infokuryr.cz\/n\/wp-json\/wp\/v2\/posts"}],"about":[{"href":"https:\/\/www.infokuryr.cz\/n\/wp-json\/wp\/v2\/types\/post"}],"author":[{"embeddable":true,"href":"https:\/\/www.infokuryr.cz\/n\/wp-json\/wp\/v2\/users\/2"}],"replies":[{"embeddable":true,"href":"https:\/\/www.infokuryr.cz\/n\/wp-json\/wp\/v2\/comments?post=21922"}],"version-history":[{"count":1,"href":"https:\/\/www.infokuryr.cz\/n\/wp-json\/wp\/v2\/posts\/21922\/revisions"}],"predecessor-version":[{"id":21928,"href":"https:\/\/www.infokuryr.cz\/n\/wp-json\/wp\/v2\/posts\/21922\/revisions\/21928"}],"wp:featuredmedia":[{"embeddable":true,"href":"https:\/\/www.infokuryr.cz\/n\/wp-json\/wp\/v2\/media\/21927"}],"wp:attachment":[{"href":"https:\/\/www.infokuryr.cz\/n\/wp-json\/wp\/v2\/media?parent=21922"}],"wp:term":[{"taxonomy":"category","embeddable":true,"href":"https:\/\/www.infokuryr.cz\/n\/wp-json\/wp\/v2\/categories?post=21922"},{"taxonomy":"post_tag","embeddable":true,"href":"https:\/\/www.infokuryr.cz\/n\/wp-json\/wp\/v2\/tags?post=21922"}],"curies":[{"name":"wp","href":"https:\/\/api.w.org\/{rel}","templated":true}]}}