{"id":21865,"date":"2023-01-29T01:04:31","date_gmt":"2023-01-29T00:04:31","guid":{"rendered":"http:\/\/www.infokuryr.cz\/n\/?p=21865"},"modified":"2023-01-28T16:24:02","modified_gmt":"2023-01-28T15:24:02","slug":"dansky-politik-spalil-koran-u-mesity-v-kodani-a-pak-i-u-velvyslanectvi-turecka","status":"publish","type":"post","link":"https:\/\/www.infokuryr.cz\/n\/2023\/01\/29\/dansky-politik-spalil-koran-u-mesity-v-kodani-a-pak-i-u-velvyslanectvi-turecka\/","title":{"rendered":"D\u00e1nsk\u00fd politik sp\u00e1lil Kor\u00e1n u me\u0161ity v Kodani a pak i u velvyslanectv\u00ed Turecka"},"content":{"rendered":"<div id=\"fb-root\"><\/div>\n<p><strong>P\u0159edseda d\u00e1nsk\u00e9 ultrapravicov\u00e9 strany Tvrd\u00e1 linie Rasmus Paludan sp\u00e1lil Kor\u00e1n u me\u0161ity v Kodani, ozn\u00e1mila agentura France Presse. Pot\u00e9 Paludan ozn\u00e1mil, \u017ee provedl dal\u0161\u00ed akci s p\u00e1len\u00edm Kor\u00e1nu, tentokr\u00e1t u budovy velvyslanectv\u00ed Turecka v Kodani.<\/strong><\/p>\n<p>V p\u00e1tek agentura France Presse ozn\u00e1mila, \u017ee Paludan sp\u00e1lil Kor\u00e1n u me\u0161ity v d\u00e1nsk\u00e9 metropoli. Pozd\u011bji provedl analogickou akci u velvyslanectv\u00ed Turecka v D\u00e1nsku.<\/p>\n<p>\u201eByl jsem pr\u00e1v\u011b u velvyslanectv\u00ed Turecka a sp\u00e1lil jsem tuto knihu, proto\u017ee je d\u016fle\u017eit\u00e9 Erdoganovi uk\u00e1zat, \u017ee nep\u0159ij\u00edm\u00e1me jeho zasahov\u00e1n\u00ed do z\u00e1le\u017eitost\u00ed svobody slova v D\u00e1nsku a \u0160v\u00e9dsku,\u201c prohl\u00e1sil Paludan ve video proslovu, kter\u00fd byluve\u0159ejn\u011bn na jeho str\u00e1nce na Instagramu.<\/p>\n<p>D\u0159\u00edve bylo ozn\u00e1meno, \u017ee MZV Turecka p\u0159edvolalo velvyslance D\u00e1nska v Anka\u0159e. Byl mu vyj\u00e1d\u0159en protest proti povolen\u00ed \u00fa\u0159ad\u016f prov\u00e9st akci se zneuct\u011bn\u00edm Kor\u00e1nu v Kodani.<\/p>\n<p>P\u0159edt\u00edm, 21. ledna, sp\u00e1lil p\u0159ed\u00e1k Tvrd\u00e9 linie posv\u00e1tnou knihu muslim\u016f u velvyslanectv\u00ed Turecka ve Stockholmu pot\u00e9, co k tomu dostal povolen\u00ed od \u0161v\u00e9dsk\u00fdch \u00fa\u0159ad\u016f.<\/p>\n<p><img decoding=\"async\" loading=\"lazy\" class=\"alignnone size-full wp-image-1185\" src=\"http:\/\/www.infokuryr.cz\/n\/wp-content\/uploads\/2021\/04\/kuryr-podpis.png\" alt=\"\" width=\"84\" height=\"24\" \/><\/p>\n<p>&nbsp;<\/p>\n<p><img decoding=\"async\" loading=\"lazy\" class=\"wp-image-19187 aligncenter\" src=\"http:\/\/www.infokuryr.cz\/n\/wp-content\/uploads\/2022\/12\/1-PRO-300x36.jpg\" alt=\"\" width=\"1292\" height=\"155\" srcset=\"https:\/\/www.infokuryr.cz\/n\/wp-content\/uploads\/2022\/12\/1-PRO-300x36.jpg 300w, https:\/\/www.infokuryr.cz\/n\/wp-content\/uploads\/2022\/12\/1-PRO.jpg 699w\" sizes=\"(max-width: 1292px) 100vw, 1292px\" \/><\/p>\n<p>&nbsp;<\/p>\n<p>&nbsp;<\/p>\n","protected":false},"excerpt":{"rendered":"<p>P\u0159edseda d\u00e1nsk\u00e9 ultrapravicov\u00e9 strany Tvrd\u00e1 linie Rasmus Paludan sp\u00e1lil Kor\u00e1n u me\u0161ity v Kodani, ozn\u00e1mila&#8230;<\/p>\n","protected":false},"author":2,"featured_media":21866,"comment_status":"closed","ping_status":"closed","sticky":false,"template":"","format":"standard","meta":[],"categories":[7],"tags":[500,1134,3020,420],"_links":{"self":[{"href":"https:\/\/www.infokuryr.cz\/n\/wp-json\/wp\/v2\/posts\/21865"}],"collection":[{"href":"https:\/\/www.infokuryr.cz\/n\/wp-json\/wp\/v2\/posts"}],"about":[{"href":"https:\/\/www.infokuryr.cz\/n\/wp-json\/wp\/v2\/types\/post"}],"author":[{"embeddable":true,"href":"https:\/\/www.infokuryr.cz\/n\/wp-json\/wp\/v2\/users\/2"}],"replies":[{"embeddable":true,"href":"https:\/\/www.infokuryr.cz\/n\/wp-json\/wp\/v2\/comments?post=21865"}],"version-history":[{"count":0,"href":"https:\/\/www.infokuryr.cz\/n\/wp-json\/wp\/v2\/posts\/21865\/revisions"}],"wp:featuredmedia":[{"embeddable":true,"href":"https:\/\/www.infokuryr.cz\/n\/wp-json\/wp\/v2\/media\/21866"}],"wp:attachment":[{"href":"https:\/\/www.infokuryr.cz\/n\/wp-json\/wp\/v2\/media?parent=21865"}],"wp:term":[{"taxonomy":"category","embeddable":true,"href":"https:\/\/www.infokuryr.cz\/n\/wp-json\/wp\/v2\/categories?post=21865"},{"taxonomy":"post_tag","embeddable":true,"href":"https:\/\/www.infokuryr.cz\/n\/wp-json\/wp\/v2\/tags?post=21865"}],"curies":[{"name":"wp","href":"https:\/\/api.w.org\/{rel}","templated":true}]}}