{"id":21860,"date":"2023-01-29T00:59:51","date_gmt":"2023-01-28T23:59:51","guid":{"rendered":"http:\/\/www.infokuryr.cz\/n\/?p=21860"},"modified":"2023-01-28T16:17:20","modified_gmt":"2023-01-28T15:17:20","slug":"v-dusledku-teroristickeho-utoku-v-jeruzaleme-zahynulo-minimalne-7-lidi","status":"publish","type":"post","link":"https:\/\/www.infokuryr.cz\/n\/2023\/01\/29\/v-dusledku-teroristickeho-utoku-v-jeruzaleme-zahynulo-minimalne-7-lidi\/","title":{"rendered":"V d\u016fsledku teroristick\u00e9ho \u00fatoku v Jeruzal\u00e9m\u011b zahynulo minim\u00e1ln\u011b 7 lid\u00ed"},"content":{"rendered":"<div id=\"fb-root\"><\/div>\n<p><strong>Minim\u00e1ln\u011b sedm lid\u00ed zahynulo a 10 bylo zran\u011bno v d\u016fsledku teroristick\u00e9ho \u00fatoku v Jeruzal\u00e9m\u011b, p\u00ed\u0161\u00ed noviny The Jerusalem Post.<\/strong><\/p>\n<p>Izraelsk\u00e1 policie ozn\u00e1mila, \u017ee terorista byl zne\u0161kodn\u011bn.<\/p>\n<p>\u201eTeroristick\u00fd \u00fatok vsynagoze vJeruzal\u00e9m\u011b\u2026 N\u011bkolik zran\u011bn\u00fdch na m\u00edst\u011b ud\u00e1losti. Terorista byl zne\u0161kodn\u011bn,\u201c uv\u00e1d\u00ed se ve zpr\u00e1v\u011b izraelsk\u00e9 policie na Twitteru.<\/p>\n<p>Izraelsk\u00e1 policie ozn\u00e1mila, \u017ee vykonavatel teroristick\u00e9ho \u010dinu jednal nejsp\u00ed\u0161e na vlastn\u00ed p\u011bst, je mrtv\u00fd.<\/p>\n<p>\u201eP\u0159edb\u011b\u017en\u00e9 vy\u0161et\u0159ov\u00e1n\u00ed\u2026 poukazuje na to, \u017ee sp\u00e1chal teroristick\u00fd \u010din na vlastn\u00ed p\u011bst. Podle \u00fadaj\u016f jde o 21let\u00e9ho obyvatele v\u00fdchodn\u00edho Jeruzal\u00e9ma,\u201c uv\u00e1d\u00ed se ve zpr\u00e1v\u011b policie na Twitteru.<\/p>\n<p>Jak tvrd\u00ed izraelsk\u00e1 m\u00e9dia, pachatel p\u0159ijel v aut\u011b k synagoze v severn\u00ed \u017eidovsk\u00e9 obci Neve-Ja\u2018akov ve v\u00fdchodn\u00edm Jeruzal\u00e9m\u011b a zah\u00e1jil palbu. K \u00fatoku do\u0161lo den po masov\u00e9 razii izraelsk\u00e9 arm\u00e1dy ve m\u011bst\u011b D\u017een\u00ednu na v\u00fdchodn\u00edm b\u0159ehu Jord\u00e1nu, v jej\u00edm\u017e pr\u016fb\u011bhu zahynulo 10 Palestinc\u016f. HAMAS ozna\u010dil teroristick\u00fd \u00fatok v Jeruzal\u00e9m\u011b za \u201ereakci\u201c na izraelskou razii v D\u017een\u00ednu.<\/p>\n<p><img decoding=\"async\" loading=\"lazy\" class=\"alignnone size-full wp-image-1185\" src=\"http:\/\/www.infokuryr.cz\/n\/wp-content\/uploads\/2021\/04\/kuryr-podpis.png\" alt=\"\" width=\"84\" height=\"24\" \/><\/p>\n<p>&nbsp;<\/p>\n<p><img decoding=\"async\" loading=\"lazy\" class=\"wp-image-19187 aligncenter\" src=\"http:\/\/www.infokuryr.cz\/n\/wp-content\/uploads\/2022\/12\/1-PRO-300x36.jpg\" alt=\"\" width=\"1258\" height=\"151\" srcset=\"https:\/\/www.infokuryr.cz\/n\/wp-content\/uploads\/2022\/12\/1-PRO-300x36.jpg 300w, https:\/\/www.infokuryr.cz\/n\/wp-content\/uploads\/2022\/12\/1-PRO.jpg 699w\" sizes=\"(max-width: 1258px) 100vw, 1258px\" \/><\/p>\n<p>&nbsp;<\/p>\n<p>&nbsp;<\/p>\n","protected":false},"excerpt":{"rendered":"<p>Minim\u00e1ln\u011b sedm lid\u00ed zahynulo a 10 bylo zran\u011bno v d\u016fsledku teroristick\u00e9ho \u00fatoku v Jeruzal\u00e9m\u011b, p\u00ed\u0161\u00ed&#8230;<\/p>\n","protected":false},"author":2,"featured_media":21861,"comment_status":"closed","ping_status":"closed","sticky":false,"template":"","format":"standard","meta":[],"categories":[7],"tags":[3571,353,320,82],"_links":{"self":[{"href":"https:\/\/www.infokuryr.cz\/n\/wp-json\/wp\/v2\/posts\/21860"}],"collection":[{"href":"https:\/\/www.infokuryr.cz\/n\/wp-json\/wp\/v2\/posts"}],"about":[{"href":"https:\/\/www.infokuryr.cz\/n\/wp-json\/wp\/v2\/types\/post"}],"author":[{"embeddable":true,"href":"https:\/\/www.infokuryr.cz\/n\/wp-json\/wp\/v2\/users\/2"}],"replies":[{"embeddable":true,"href":"https:\/\/www.infokuryr.cz\/n\/wp-json\/wp\/v2\/comments?post=21860"}],"version-history":[{"count":0,"href":"https:\/\/www.infokuryr.cz\/n\/wp-json\/wp\/v2\/posts\/21860\/revisions"}],"wp:featuredmedia":[{"embeddable":true,"href":"https:\/\/www.infokuryr.cz\/n\/wp-json\/wp\/v2\/media\/21861"}],"wp:attachment":[{"href":"https:\/\/www.infokuryr.cz\/n\/wp-json\/wp\/v2\/media?parent=21860"}],"wp:term":[{"taxonomy":"category","embeddable":true,"href":"https:\/\/www.infokuryr.cz\/n\/wp-json\/wp\/v2\/categories?post=21860"},{"taxonomy":"post_tag","embeddable":true,"href":"https:\/\/www.infokuryr.cz\/n\/wp-json\/wp\/v2\/tags?post=21860"}],"curies":[{"name":"wp","href":"https:\/\/api.w.org\/{rel}","templated":true}]}}