{"id":21858,"date":"2023-01-29T01:02:28","date_gmt":"2023-01-29T00:02:28","guid":{"rendered":"http:\/\/www.infokuryr.cz\/n\/?p=21858"},"modified":"2023-01-28T16:14:30","modified_gmt":"2023-01-28T15:14:30","slug":"jeruzalem-zasahla-druha-strelba-za-24-hodin","status":"publish","type":"post","link":"https:\/\/www.infokuryr.cz\/n\/2023\/01\/29\/jeruzalem-zasahla-druha-strelba-za-24-hodin\/","title":{"rendered":"Jeruzal\u00e9m zas\u00e1hla druh\u00e1 st\u0159elba za 24 hodin"},"content":{"rendered":"<div id=\"fb-root\"><\/div>\n<p><strong><span style=\"font-size: 18pt;\">Dva lid\u00e9 byli v\u00e1\u017en\u011b zran\u011bni st\u0159elbou, uvedli izrael\u0161t\u00ed p\u0159edstavitel\u00e9<\/span><\/strong><\/p>\n<p><span>Dva lid\u00e9 byli t\u011b\u017ece zran\u011bni a hospitalizov\u00e1ni pot\u00e9, co v Jeruzal\u00e9m\u011b v sobotu zah\u00e1jil st\u0159elbu st\u0159elec, uvedla izraelsk\u00e1 policie.\u00a0Uvedli, \u017ee podez\u0159el\u00fd, kter\u00e9mu je pouh\u00fdch 13 let, byl\u00a0<\/span><em><span>\u201eneutralizov\u00e1n\u201c.\u00a0<\/span><\/em><\/p>\n<p><span>Ob\u011bt\u00ed jsou otec a syn ve v\u011bku 47 a 22 let, uvedl list Haaretz s odkazem na n\u00e1rodn\u00ed z\u00e1chrannou slu\u017ebu.<\/span><\/p>\n<p><span>Podle policie podez\u0159el\u00e9ho zast\u0159elili dva ozbrojen\u00ed civilist\u00e9, kte\u0159\u00ed m\u011bli licencovan\u00e9 zbran\u011b.<\/span><\/p>\n<p><em><span>&#8222;Kontrola identity teroristy, kter\u00fd byl zran\u011bn a p\u0159emo\u017een, odhalila, \u017ee jde o 13let\u00e9ho obyvatele v\u00fdchodn\u00edho Jeruzal\u00e9ma,&#8220;<\/span><\/em><span>\u00a0\u00a0uvedli na Twitteru.<\/span><\/p>\n<p><span>K incidentu do\u0161lo v sousedstv\u00ed Silwan ve v\u00fdchodn\u00edm Jeruzal\u00e9m\u011b n\u011bkolik hodin pot\u00e9, co bylo v p\u00e1tek ve\u010der p\u0159ed jednou z m\u011bstsk\u00fdch synagog zabito sedm lid\u00ed a dal\u0161\u00ed t\u0159i zran\u011bni.\u00a0T\u00edm \u00fato\u010dn\u00edkem byl 21let\u00fd Palestinec z v\u00fdchodn\u00edho Jeruzal\u00e9ma.\u00a0Byl zabit d\u016fstojn\u00edky.<\/span><\/p>\n<p><span>Podle policie bylo po p\u00e1te\u010dn\u00edm \u00fatoku zat\u010deno 42 lid\u00ed, v\u010detn\u011b\u00a0\u00a0<\/span><em><span>\u201e\u010dlen\u016f teroristovy rodiny\u201c.\u00a0<\/span><\/em><span>\u00a0V Izraeli a na Z\u00e1padn\u00edm b\u0159ehu Jord\u00e1nu byly pos\u00edleny bezpe\u010dnostn\u00ed s\u00edly a policie byla um\u00edst\u011bna na\u00a0<\/span><em><span>\u201enejvy\u0161\u0161\u00ed\u201c<\/span><\/em><span>\u00a0stupe\u0148 pohotovosti.<\/span><\/p>\n<p><span>Izraelsk\u00e9 bezpe\u010dnostn\u00ed s\u00edly ve \u010dtvrtek provedly razii v uprchlick\u00e9m t\u00e1bo\u0159e Jenin v severn\u00ed \u010d\u00e1sti Z\u00e1padn\u00edho b\u0159ehu Jord\u00e1nu.\u00a0P\u0159edstavitel\u00e9 uvedli, \u017ee arm\u00e1da m\u011bla v \u00famyslu zatknout t\u0159i podez\u0159el\u00e9 z terorismu, kte\u0159\u00ed zah\u00e1jili palbu a byli zabiti.\u00a0M\u00edstn\u00ed \u00fa\u0159ady uvedly, \u017ee p\u0159i n\u00e1letu zem\u0159elo dev\u011bt Palestinc\u016f.<\/span><\/p>\n<p><span>V p\u00e1tek r\u00e1no bylo z Gazy na Izrael odp\u00e1leno n\u011bkolik raket.\u00a0Izrael reagoval \u00fadery na c\u00edle v Gaze, kter\u00e1 podle p\u0159edstavitel\u016f pat\u0159ila k militantn\u00ed skupin\u011b Ham\u00e1s.<\/span><\/p>\n<p><img decoding=\"async\" loading=\"lazy\" class=\"alignnone size-full wp-image-1185\" src=\"http:\/\/www.infokuryr.cz\/n\/wp-content\/uploads\/2021\/04\/kuryr-podpis.png\" alt=\"\" width=\"84\" height=\"24\" \/><\/p>\n<p>&nbsp;<\/p>\n<p><img decoding=\"async\" loading=\"lazy\" class=\"wp-image-19187 aligncenter\" src=\"http:\/\/www.infokuryr.cz\/n\/wp-content\/uploads\/2022\/12\/1-PRO-300x36.jpg\" alt=\"\" width=\"1275\" height=\"153\" srcset=\"https:\/\/www.infokuryr.cz\/n\/wp-content\/uploads\/2022\/12\/1-PRO-300x36.jpg 300w, https:\/\/www.infokuryr.cz\/n\/wp-content\/uploads\/2022\/12\/1-PRO.jpg 699w\" sizes=\"(max-width: 1275px) 100vw, 1275px\" \/><\/p>\n<p>&nbsp;<\/p>\n","protected":false},"excerpt":{"rendered":"<p>Dva lid\u00e9 byli v\u00e1\u017en\u011b zran\u011bni st\u0159elbou, uvedli izrael\u0161t\u00ed p\u0159edstavitel\u00e9 Dva lid\u00e9 byli t\u011b\u017ece zran\u011bni a&#8230;<\/p>\n","protected":false},"author":2,"featured_media":21859,"comment_status":"closed","ping_status":"closed","sticky":false,"template":"","format":"standard","meta":[],"categories":[7],"tags":[2210,353,320],"_links":{"self":[{"href":"https:\/\/www.infokuryr.cz\/n\/wp-json\/wp\/v2\/posts\/21858"}],"collection":[{"href":"https:\/\/www.infokuryr.cz\/n\/wp-json\/wp\/v2\/posts"}],"about":[{"href":"https:\/\/www.infokuryr.cz\/n\/wp-json\/wp\/v2\/types\/post"}],"author":[{"embeddable":true,"href":"https:\/\/www.infokuryr.cz\/n\/wp-json\/wp\/v2\/users\/2"}],"replies":[{"embeddable":true,"href":"https:\/\/www.infokuryr.cz\/n\/wp-json\/wp\/v2\/comments?post=21858"}],"version-history":[{"count":0,"href":"https:\/\/www.infokuryr.cz\/n\/wp-json\/wp\/v2\/posts\/21858\/revisions"}],"wp:featuredmedia":[{"embeddable":true,"href":"https:\/\/www.infokuryr.cz\/n\/wp-json\/wp\/v2\/media\/21859"}],"wp:attachment":[{"href":"https:\/\/www.infokuryr.cz\/n\/wp-json\/wp\/v2\/media?parent=21858"}],"wp:term":[{"taxonomy":"category","embeddable":true,"href":"https:\/\/www.infokuryr.cz\/n\/wp-json\/wp\/v2\/categories?post=21858"},{"taxonomy":"post_tag","embeddable":true,"href":"https:\/\/www.infokuryr.cz\/n\/wp-json\/wp\/v2\/tags?post=21858"}],"curies":[{"name":"wp","href":"https:\/\/api.w.org\/{rel}","templated":true}]}}