{"id":21857,"date":"2023-01-29T01:01:50","date_gmt":"2023-01-29T00:01:50","guid":{"rendered":"http:\/\/www.infokuryr.cz\/n\/?p=21857"},"modified":"2023-01-28T16:02:41","modified_gmt":"2023-01-28T15:02:41","slug":"fbi-zabavila-bidenovy-notebooky","status":"publish","type":"post","link":"https:\/\/www.infokuryr.cz\/n\/2023\/01\/29\/fbi-zabavila-bidenovy-notebooky\/","title":{"rendered":"FBI zabavila Bidenovy notebooky"},"content":{"rendered":"<div id=\"fb-root\"><\/div>\n<p><span style=\"font-size: 18pt;\"><strong>Z\u00e1pisn\u00edky obsahuj\u00ed n\u00e1pisy souvisej\u00edc\u00ed s Bidenov\u00fdm ofici\u00e1ln\u00edm podnik\u00e1n\u00edm jako viceprezidenta, \u0159ekl zdroj m\u00e9di\u00edm<\/strong><\/span><\/p>\n<p><span>Z\u00e1pisn\u00edky, kter\u00e9 si americk\u00fd prezident Joe Biden uchov\u00e1val b\u011bhem sv\u00e9ho p\u016fsoben\u00ed ve funkci viceprezidenta, byly mezi p\u0159edm\u011bty zabaven\u00fdmi FBI minul\u00fd t\u00fdden p\u0159i domovn\u00ed prohl\u00eddce v jeho dom\u011b v r\u00e1mci vy\u0161et\u0159ov\u00e1n\u00ed jeho \u0161patn\u00e9ho nakl\u00e1d\u00e1n\u00ed s utajovan\u00fdmi dokumenty, \u0159ekla NBC osoba obezn\u00e1men\u00e1 s vy\u0161et\u0159ov\u00e1n\u00edm. .<\/span><\/p>\n<p><span>Navzdory tomu, \u017ee nebyly ozna\u010deny jako tajn\u00e9, byly se\u0161ity odebr\u00e1ny, proto\u017ee obsahuj\u00ed psan\u00ed souvisej\u00edc\u00ed s Bidenov\u00fdm ofici\u00e1ln\u00edm podnik\u00e1n\u00edm v Obamov\u011b administrativ\u011b, v\u010detn\u011b podrobnost\u00ed o diplomatick\u00fdch kontaktech, uvedla v sobotu televizn\u00ed stanice.<\/span><\/p>\n<p><span>Z\u00e1pisn\u00edky byly sm\u011bs\u00ed z\u00e1znam\u016f o osobn\u00edch a \u00fa\u0159edn\u00edch t\u00e9matech, uvedl zdroj s t\u00edm, \u017ee str\u00e1nky bez citliv\u00fdch \u00fadaj\u016f lze tak\u00e9 pova\u017eovat za st\u00e1tn\u00ed majetek podle z\u00e1kona o prezidentsk\u00fdch z\u00e1znamech, proto\u017ee se t\u00fdkaj\u00ed \u010dinnosti vl\u00e1dy.<\/span><\/p>\n<p><span>Biden m\u011bl\u00a0<\/span><em><span>&#8222;velk\u00fd&#8220;<\/span><\/em><span>\u00a0po\u010det t\u011bchto notebook\u016f, osoba \u0159ekla, ale nemohl poskytnout p\u0159esn\u00e9 \u010d\u00edslo.<\/span><\/p>\n<p><span>Mluv\u010d\u00ed Bidenova osobn\u00edho pr\u00e1vn\u00edka Bob Bauer na adresu notebook\u016f \u0159ekl, \u017ee\u00a0<\/span><em><span>\u201ev souladu s na\u0161\u00edm pohledem na po\u017eadavky na\u0161\u00ed spolupr\u00e1ce s ministerstvem spravedlnosti v t\u00e9to z\u00e1le\u017eitosti nebudeme komentovat p\u0159esnost zpr\u00e1v tohoto charakteru. \u201c<\/span><\/em><\/p>\n<p><span>Vlastnictv\u00ed pozn\u00e1mkov\u00fdch blok\u016f z doby, kdy byl viceprezidentem,\u00a0<\/span><em><span>\u201evyvol\u00e1v\u00e1 ot\u00e1zky, zda spr\u00e1vn\u011b dodr\u017eoval postupy pro uchov\u00e1n\u00ed prezidentsk\u00fdch z\u00e1znam\u016f\u201c<\/span><\/em><span>\u00a0, a tak\u00e9\u00a0<\/span><em><span>\u201ejak ostatn\u00ed viceprezidenti a prezidenti, kte\u0159\u00ed m\u011bli podobn\u00e9 pozn\u00e1mkov\u00e9 bloky, kdy\u017e byli ve funkci, nakl\u00e1dali se sv\u00fdmi,\u201c<\/span><\/em><span>\u00a0uvedla NBC.<\/span><\/p>\n<p><span>13hodinov\u00e9 p\u00e1tr\u00e1n\u00ed, kter\u00e9 provedla FBI v prezidentov\u011b dom\u011b ve Wilmingtonu v Delaware, vedlo k objeven\u00ed dal\u0161\u00edch \u0161esti dokument\u016f ozna\u010den\u00fdch jako tajn\u00e9, v\u010detn\u011b n\u011bkter\u00fdch poch\u00e1zej\u00edc\u00edch z dob, kdy byl sen\u00e1torem.<\/span><\/p>\n<p><span>Biden p\u0159ist\u00e1l v hork\u00e9 vod\u011b pot\u00e9, co bylo za\u010d\u00e1tkem tohoto m\u011bs\u00edce odhaleno, \u017ee v jeho kancel\u00e1\u0159i v Penn Biden Center bylo nalezeno n\u011bkolik d\u00e1vek vl\u00e1dn\u00edch dokument\u016f, n\u011bkter\u00e9 ozna\u010den\u00e9 jako \u201ep\u0159\u00edsn\u011b tajn\u00e9\u201c, z jeho dvou funk\u010dn\u00edch obdob\u00ed viceprezidenta v letech 2009 a\u017e 2017. tanku a v jeho dom\u011b v Delaware, v\u010detn\u011b gar\u00e1\u017ee, v listopadu a lednu.\u00a0Byl jmenov\u00e1n zvl\u00e1\u0161tn\u00ed pr\u00e1vn\u00ed z\u00e1stupce, aby pro\u0161et\u0159il nespr\u00e1vn\u00e9 zach\u00e1zen\u00ed s dokumenty 80let\u00fdm prezidentem.<\/span><\/p>\n<p><span>Kdy\u017e mluvil o skand\u00e1lu minul\u00fd t\u00fdden, \u0159ekl Biden novin\u00e1\u0159\u016fm, \u017ee\u00a0<\/span><em><span>\u201etam nic nen\u00ed\u201c<\/span><\/em><span>\u00a0a \u017ee situace\u00a0<\/span><em><span>\u201enelituje\u201c<\/span><\/em><span>\u00a0.\u00a0Jeho koment\u00e1\u0159e vy\u00fastily v odpor dokonce i ze strany koleg\u016f demokrat\u016f, v\u010detn\u011b sen\u00e1tora Joea Manchina, kter\u00fd \u0159ekl, \u017ee je\u00a0<\/span><em><span>\u201eneuv\u011b\u0159iteln\u00e9\u201c<\/span><\/em><span>\u00a0a\u00a0<\/span><em><span>\u201enaprosto nezodpov\u011bdn\u00e9\u201c<\/span><\/em><span>\u00a0, aby Biden vystavoval st\u00e1tn\u00ed tajemstv\u00ed mo\u017en\u00e9 kr\u00e1de\u017ei.<\/span><\/p>\n<p><img decoding=\"async\" loading=\"lazy\" class=\"alignnone size-full wp-image-1185\" src=\"http:\/\/www.infokuryr.cz\/n\/wp-content\/uploads\/2021\/04\/kuryr-podpis.png\" alt=\"\" width=\"84\" height=\"24\" \/><\/p>\n<p>&nbsp;<\/p>\n<p><img decoding=\"async\" loading=\"lazy\" class=\"wp-image-19187 aligncenter\" src=\"http:\/\/www.infokuryr.cz\/n\/wp-content\/uploads\/2022\/12\/1-PRO-300x36.jpg\" alt=\"\" width=\"1267\" height=\"152\" srcset=\"https:\/\/www.infokuryr.cz\/n\/wp-content\/uploads\/2022\/12\/1-PRO-300x36.jpg 300w, https:\/\/www.infokuryr.cz\/n\/wp-content\/uploads\/2022\/12\/1-PRO.jpg 699w\" sizes=\"(max-width: 1267px) 100vw, 1267px\" \/><\/p>\n<p>&nbsp;<\/p>\n","protected":false},"excerpt":{"rendered":"<p>Z\u00e1pisn\u00edky obsahuj\u00ed n\u00e1pisy souvisej\u00edc\u00ed s Bidenov\u00fdm ofici\u00e1ln\u00edm podnik\u00e1n\u00edm jako viceprezidenta, \u0159ekl zdroj m\u00e9di\u00edm Z\u00e1pisn\u00edky, kter\u00e9&#8230;<\/p>\n","protected":false},"author":2,"featured_media":4128,"comment_status":"closed","ping_status":"closed","sticky":false,"template":"","format":"standard","meta":[],"categories":[7],"tags":[72,160,2134,4335],"_links":{"self":[{"href":"https:\/\/www.infokuryr.cz\/n\/wp-json\/wp\/v2\/posts\/21857"}],"collection":[{"href":"https:\/\/www.infokuryr.cz\/n\/wp-json\/wp\/v2\/posts"}],"about":[{"href":"https:\/\/www.infokuryr.cz\/n\/wp-json\/wp\/v2\/types\/post"}],"author":[{"embeddable":true,"href":"https:\/\/www.infokuryr.cz\/n\/wp-json\/wp\/v2\/users\/2"}],"replies":[{"embeddable":true,"href":"https:\/\/www.infokuryr.cz\/n\/wp-json\/wp\/v2\/comments?post=21857"}],"version-history":[{"count":0,"href":"https:\/\/www.infokuryr.cz\/n\/wp-json\/wp\/v2\/posts\/21857\/revisions"}],"wp:featuredmedia":[{"embeddable":true,"href":"https:\/\/www.infokuryr.cz\/n\/wp-json\/wp\/v2\/media\/4128"}],"wp:attachment":[{"href":"https:\/\/www.infokuryr.cz\/n\/wp-json\/wp\/v2\/media?parent=21857"}],"wp:term":[{"taxonomy":"category","embeddable":true,"href":"https:\/\/www.infokuryr.cz\/n\/wp-json\/wp\/v2\/categories?post=21857"},{"taxonomy":"post_tag","embeddable":true,"href":"https:\/\/www.infokuryr.cz\/n\/wp-json\/wp\/v2\/tags?post=21857"}],"curies":[{"name":"wp","href":"https:\/\/api.w.org\/{rel}","templated":true}]}}