{"id":21854,"date":"2023-01-29T01:00:04","date_gmt":"2023-01-29T00:00:04","guid":{"rendered":"http:\/\/www.infokuryr.cz\/n\/?p=21854"},"modified":"2023-01-28T15:59:32","modified_gmt":"2023-01-28T14:59:32","slug":"behem-cviceni-v-indii-havarovaly-stihacky","status":"publish","type":"post","link":"https:\/\/www.infokuryr.cz\/n\/2023\/01\/29\/behem-cviceni-v-indii-havarovaly-stihacky\/","title":{"rendered":"B\u011bhem cvi\u010den\u00ed v Indii havarovaly st\u00edha\u010dky"},"content":{"rendered":"<div id=\"fb-root\"><\/div>\n<p><span style=\"font-size: 18pt;\"><strong>Pilot byl zabit p\u0159i nehod\u011b Su-30 a Mirage 2000, uvedly \u00fa\u0159ady<\/strong><\/span><\/p>\n<p>Dv\u011b st\u00edha\u010dky havarovaly b\u011bhem cvi\u010dn\u00fdch let\u016f nad st\u0159edn\u00ed Indi\u00ed v sobotu brzy r\u00e1no, ozn\u00e1mily vojensk\u00e9 a civiln\u00ed \u00fa\u0159ady.\u00a0Podle indick\u00e9ho letectva byl p\u0159i incidentu zabit jeden pilot.<\/p>\n<p>V okrese Morena ve st\u00e1t\u011b Madhjaprad\u00e9\u0161 se z\u0159\u00edtil rusk\u00fd letoun Suchoj Su-30 a francouzsk\u00fd Mirage 2000, napsal na Twitteru hlavn\u00ed ministr Shivraj Singh Chouhan.\u00a0Pozd\u011bji bylo ozn\u00e1meno, \u017ee trosky z jednoho letadla byly nalezeny v Madhjaprad\u00e9\u0161i a druh\u00e9 dopadlo na zem v nedalek\u00e9m st\u00e1t\u011b R\u00e1d\u017easth\u00e1n.<\/p>\n<p>Videa na soci\u00e1ln\u00edch s\u00edt\u00edch ukazuj\u00ed zbytky letadla a obrovsk\u00fd po\u017e\u00e1r na jednom z m\u00edst hav\u00e1rie.<\/p>\n<p>Podle zpr\u00e1v letouny odstartovaly z leteck\u00e9 z\u00e1kladny Gwalior v Madhjaprad\u00e9\u0161i na pl\u00e1novan\u00e9 cvi\u010den\u00ed.\u00a0Kontakt s letadlem byl \u00fadajn\u011b ztracen kolem 5:30 m\u00edstn\u00edho \u010dasu.<\/p>\n<p>V m\u00e9di\u00edch se spekuluje, \u017ee se ob\u011b letadla mohla srazit ve vzduchu.\u00a0Zat\u00edm se v\u0161ak k p\u0159\u00ed\u010din\u011b incidentu ofici\u00e1ln\u011b nevyj\u00e1d\u0159ily.<\/p>\n<div class=\"rtcode\">\n<div class=\"twitter-tweet twitter-tweet-rendered\"><iframe id=\"twitter-widget-0\" class=\"\" title=\"Twitter Tweet\" src=\"https:\/\/platform.twitter.com\/embed\/Tweet.html?creatorScreenName=RT_com&amp;dnt=false&amp;embedId=twitter-widget-0&amp;features=eyJ0ZndfdGltZWxpbmVfbGlzdCI6eyJidWNrZXQiOltdLCJ2ZXJzaW9uIjpudWxsfSwidGZ3X2ZvbGxvd2VyX2NvdW50X3N1bnNldCI6eyJidWNrZXQiOnRydWUsInZlcnNpb24iOm51bGx9LCJ0ZndfdHdlZXRfZWRpdF9iYWNrZW5kIjp7ImJ1Y2tldCI6Im9uIiwidmVyc2lvbiI6bnVsbH0sInRmd19yZWZzcmNfc2Vzc2lvbiI6eyJidWNrZXQiOiJvbiIsInZlcnNpb24iOm51bGx9LCJ0Zndfc2hvd19idXNpbmVzc192ZXJpZmllZF9iYWRnZSI6eyJidWNrZXQiOiJvbiIsInZlcnNpb24iOm51bGx9LCJ0ZndfbWl4ZWRfbWVkaWFfMTU4OTciOnsiYnVja2V0IjoidHJlYXRtZW50IiwidmVyc2lvbiI6bnVsbH0sInRmd19leHBlcmltZW50c19jb29raWVfZXhwaXJhdGlvbiI6eyJidWNrZXQiOjEyMDk2MDAsInZlcnNpb24iOm51bGx9LCJ0ZndfZHVwbGljYXRlX3NjcmliZXNfdG9fc2V0dGluZ3MiOnsiYnVja2V0Ijoib24iLCJ2ZXJzaW9uIjpudWxsfSwidGZ3X3ZpZGVvX2hsc19keW5hbWljX21hbmlmZXN0c18xNTA4MiI6eyJidWNrZXQiOiJ0cnVlX2JpdHJhdGUiLCJ2ZXJzaW9uIjpudWxsfSwidGZ3X3Nob3dfYmx1ZV92ZXJpZmllZF9iYWRnZSI6eyJidWNrZXQiOiJvbiIsInZlcnNpb24iOm51bGx9LCJ0ZndfbGVnYWN5X3RpbWVsaW5lX3N1bnNldCI6eyJidWNrZXQiOnRydWUsInZlcnNpb24iOm51bGx9LCJ0Zndfc2hvd19nb3ZfdmVyaWZpZWRfYmFkZ2UiOnsiYnVja2V0Ijoib24iLCJ2ZXJzaW9uIjpudWxsfSwidGZ3X3Nob3dfYnVzaW5lc3NfYWZmaWxpYXRlX2JhZGdlIjp7ImJ1Y2tldCI6Im9uIiwidmVyc2lvbiI6bnVsbH0sInRmd190d2VldF9lZGl0X2Zyb250ZW5kIjp7ImJ1Y2tldCI6Im9uIiwidmVyc2lvbiI6bnVsbH19&amp;frame=false&amp;hideCard=false&amp;hideThread=false&amp;id=1619214710003630080&amp;lang=cs&amp;origin=https%3A%2F%2Fwww.rt.com%2Fnews%2F570603-india-fighter-jets-crash%2F&amp;sessionId=d36ac15fb21f6e2a0baffe6464dbdc33d952e876&amp;siteScreenName=RT_com&amp;theme=light&amp;widgetsVersion=aaf4084522e3a%3A1674595607486&amp;width=550px\" frameborder=\"0\" scrolling=\"no\" allowfullscreen=\"allowfullscreen\" data-tweet-id=\"1619214710003630080\" data-mce-fragment=\"1\"><\/iframe><\/div>\n<\/div>\n<p>Indick\u00e9 letectvo potvrdilo ztr\u00e1tu dvou sv\u00fdch letadel v tweetu.\u00a0<em>&#8222;Jeden ze t\u0159\u00ed z\u00fa\u010dastn\u011bn\u00fdch pilot\u016f utrp\u011bl smrteln\u00e1 zran\u011bn\u00ed,&#8220;<\/em>\u00a0uvedl s t\u00edm, \u017ee bylo zah\u00e1jeno vy\u0161et\u0159ov\u00e1n\u00ed.<\/p>\n<p>Dal\u0161\u00ed dva piloti byli zachr\u00e1n\u011bni a p\u0159evezeni do nemocnice, uvedl m\u00edstn\u00ed spr\u00e1vce v Madhjaprad\u00e9\u0161i Ankit Asthana.<\/p>\n<p>Rusk\u00fd Suchoj Su-30 je dvoum\u00edstn\u00fd v\u00edce\u00fa\u010delov\u00fd st\u00edhac\u00ed letoun, kter\u00fd existuje od poloviny 90. let.\u00a0St\u00edha\u010dka Mirage 2000, vyr\u00e1b\u011bn\u00e1 francouzskou spole\u010dnost\u00ed Dassault Aviation, byla p\u0159edstavena v polovin\u011b 80. let.\u00a0Je k dispozici v jedno- i dvoum\u00edstn\u00fdch modifikac\u00edch.<\/p>\n<p><img decoding=\"async\" loading=\"lazy\" class=\"alignnone size-full wp-image-1185\" src=\"http:\/\/www.infokuryr.cz\/n\/wp-content\/uploads\/2021\/04\/kuryr-podpis.png\" alt=\"\" width=\"84\" height=\"24\" \/><\/p>\n<p>&nbsp;<\/p>\n<p><img decoding=\"async\" loading=\"lazy\" class=\"wp-image-19187 aligncenter\" src=\"http:\/\/www.infokuryr.cz\/n\/wp-content\/uploads\/2022\/12\/1-PRO-300x36.jpg\" alt=\"\" width=\"1242\" height=\"149\" srcset=\"https:\/\/www.infokuryr.cz\/n\/wp-content\/uploads\/2022\/12\/1-PRO-300x36.jpg 300w, https:\/\/www.infokuryr.cz\/n\/wp-content\/uploads\/2022\/12\/1-PRO.jpg 699w\" sizes=\"(max-width: 1242px) 100vw, 1242px\" \/><\/p>\n<p>&nbsp;<\/p>\n","protected":false},"excerpt":{"rendered":"<p>Pilot byl zabit p\u0159i nehod\u011b Su-30 a Mirage 2000, uvedly \u00fa\u0159ady Dv\u011b st\u00edha\u010dky havarovaly b\u011bhem&#8230;<\/p>\n","protected":false},"author":2,"featured_media":21855,"comment_status":"closed","ping_status":"closed","sticky":false,"template":"","format":"standard","meta":[],"categories":[7],"tags":[1421,79,457],"_links":{"self":[{"href":"https:\/\/www.infokuryr.cz\/n\/wp-json\/wp\/v2\/posts\/21854"}],"collection":[{"href":"https:\/\/www.infokuryr.cz\/n\/wp-json\/wp\/v2\/posts"}],"about":[{"href":"https:\/\/www.infokuryr.cz\/n\/wp-json\/wp\/v2\/types\/post"}],"author":[{"embeddable":true,"href":"https:\/\/www.infokuryr.cz\/n\/wp-json\/wp\/v2\/users\/2"}],"replies":[{"embeddable":true,"href":"https:\/\/www.infokuryr.cz\/n\/wp-json\/wp\/v2\/comments?post=21854"}],"version-history":[{"count":1,"href":"https:\/\/www.infokuryr.cz\/n\/wp-json\/wp\/v2\/posts\/21854\/revisions"}],"predecessor-version":[{"id":21856,"href":"https:\/\/www.infokuryr.cz\/n\/wp-json\/wp\/v2\/posts\/21854\/revisions\/21856"}],"wp:featuredmedia":[{"embeddable":true,"href":"https:\/\/www.infokuryr.cz\/n\/wp-json\/wp\/v2\/media\/21855"}],"wp:attachment":[{"href":"https:\/\/www.infokuryr.cz\/n\/wp-json\/wp\/v2\/media?parent=21854"}],"wp:term":[{"taxonomy":"category","embeddable":true,"href":"https:\/\/www.infokuryr.cz\/n\/wp-json\/wp\/v2\/categories?post=21854"},{"taxonomy":"post_tag","embeddable":true,"href":"https:\/\/www.infokuryr.cz\/n\/wp-json\/wp\/v2\/tags?post=21854"}],"curies":[{"name":"wp","href":"https:\/\/api.w.org\/{rel}","templated":true}]}}