{"id":21795,"date":"2023-01-27T01:17:45","date_gmt":"2023-01-27T00:17:45","guid":{"rendered":"http:\/\/www.infokuryr.cz\/n\/?p=21795"},"modified":"2023-01-26T16:45:27","modified_gmt":"2023-01-26T15:45:27","slug":"velka-vlna-naletu-hlasena-na-ukrajine","status":"publish","type":"post","link":"https:\/\/www.infokuryr.cz\/n\/2023\/01\/27\/velka-vlna-naletu-hlasena-na-ukrajine\/","title":{"rendered":"Velk\u00e1 vlna n\u00e1let\u016f hl\u00e1\u0161ena na Ukrajin\u011b"},"content":{"rendered":"<div id=\"fb-root\"><\/div>\n<p><span style=\"font-size: 18pt;\"><strong>V cel\u00e9 zemi bylo aktivov\u00e1no varov\u00e1n\u00ed p\u0159ed n\u00e1letem<\/strong><\/span><\/p>\n<p><span>Ukrajina byla ve \u010dtvrtek r\u00e1no vystavena obrovsk\u00e9 vln\u011b rusk\u00fdch n\u00e1let\u016f, z r\u016fzn\u00fdch \u010d\u00e1st\u00ed zem\u011b, v\u010detn\u011b hlavn\u00edho m\u011bsta Kyjeva, byly hl\u00e1\u0161eny v\u00fdbuchy na energetick\u00fdch za\u0159\u00edzen\u00edch.<\/span><\/p>\n<p><em><span>&#8222;V\u00fdbuch v Kyjev\u011b.&#8220;\u00a0Z\u016fsta\u0148te v krytech,\u201c<\/span><\/em><span>\u00a0napsal starosta Vitalij Kli\u010dko na Telegramu.<\/span><\/p>\n<p><span>Videa na soci\u00e1ln\u00edch s\u00edt\u00edch uk\u00e1zala hust\u00fd \u010dern\u00fd kou\u0159 stoupaj\u00edc\u00ed z nezn\u00e1m\u00e9ho m\u00edsta ve m\u011bst\u011b.\u00a0Kyjevsk\u00e9 metro b\u011bhem n\u00e1let\u016f \u00fadajn\u011b ukon\u010dilo provoz.<\/span><\/p>\n<p><span>Ukrajinsk\u00e9 \u017eeleznice ozn\u00e1mily, \u017ee n\u011bkter\u00e9 vlaky budou m\u00edt zpo\u017ed\u011bn\u00ed, proto\u017ee za\u010daly p\u0159ich\u00e1zet zpr\u00e1vy o n\u00e1letech.<\/span><\/p>\n<p><span>Zpr\u00e1vy o exploz\u00edch p\u0159ich\u00e1zely tak\u00e9 z \u010dernomo\u0159sk\u00e9ho p\u0159\u00edstavu Od\u011bsa, kde m\u011bly b\u00fdt zasa\u017eeny nejm\u00e9n\u011b dv\u011b elektrick\u00e9 rozvodny.\u00a0Podle \u00fa\u010dt\u016f na soci\u00e1ln\u00edch s\u00edt\u00edch do\u0161lo ve m\u011bst\u011b k v\u00fdpadk\u016fm elekt\u0159iny a probl\u00e9m\u016fm s p\u0159\u00edstupem k internetu.<\/span><\/p>\n<p><span>V\u00fdbuchy byly hl\u00e1\u0161eny tak\u00e9 z Dn\u011bpru, Vinnice, Krivoj Rogu, Nikolajeva az n\u011bkter\u00fdch dal\u0161\u00edch m\u00edst.<\/span><\/p>\n<p><span>Ukrajin\u0161t\u00ed p\u0159edstavitel\u00e9 uvedli, \u017ee v Kyjev\u011b, Vinnitsk\u00e9 a \u017dytomirsk\u00e9 oblasti byla aktivov\u00e1na protivzdu\u0161n\u00e1 obrana.<\/span><\/p>\n<p><span>U\u017e d\u0159\u00edve poradce ukrajinsk\u00e9ho ministra vnitra Anton Gera\u0161\u010denko \u0159ekl, \u017ee rusk\u00e9 rakety p\u0159il\u00e9taj\u00ed ze sm\u011bru od Kaspick\u00e9ho mo\u0159e.<\/span><\/p>\n<p><span>Moskva zes\u00edlila tlak na Ukrajinu od \u0159\u00edjna lo\u0148sk\u00e9ho roku, kdy obvinila Kyjev z pou\u017e\u00edv\u00e1n\u00ed\u00a0<\/span><em><span>\u201eteroristick\u00e9 taktiky\u201c<\/span><\/em><span>\u00a0a ze zam\u011b\u0159ov\u00e1n\u00ed rusk\u00e9 infrastruktury, v\u010detn\u011b strategick\u00e9ho Krymsk\u00e9ho mostu.\u00a0Od t\u00e9 doby byla proti ukrajinsk\u00fdm vojensk\u00fdm za\u0159\u00edzen\u00edm a energetick\u00fdm za\u0159\u00edzen\u00edm provedena \u0159ada rozs\u00e1hl\u00fdch raketov\u00fdch \u00fatok\u016f, co\u017e vedlo k postupn\u00e9mu v\u00fdpadku proudu po cel\u00e9 zemi.<\/span><\/p>\n<p><img decoding=\"async\" loading=\"lazy\" class=\"alignnone size-full wp-image-1185\" src=\"http:\/\/www.infokuryr.cz\/n\/wp-content\/uploads\/2021\/04\/kuryr-podpis.png\" alt=\"\" width=\"84\" height=\"24\" \/><\/p>\n<p>&nbsp;<\/p>\n<p><img decoding=\"async\" loading=\"lazy\" class=\"wp-image-21721 aligncenter\" src=\"http:\/\/www.infokuryr.cz\/n\/wp-content\/uploads\/2023\/01\/pro-1-300x47.png\" alt=\"\" width=\"683\" height=\"107\" srcset=\"https:\/\/www.infokuryr.cz\/n\/wp-content\/uploads\/2023\/01\/pro-1-300x47.png 300w, https:\/\/www.infokuryr.cz\/n\/wp-content\/uploads\/2023\/01\/pro-1-1024x161.png 1024w, https:\/\/www.infokuryr.cz\/n\/wp-content\/uploads\/2023\/01\/pro-1-768x121.png 768w, https:\/\/www.infokuryr.cz\/n\/wp-content\/uploads\/2023\/01\/pro-1.png 1216w\" sizes=\"(max-width: 683px) 100vw, 683px\" \/><\/p>\n<p>&nbsp;<\/p>\n","protected":false},"excerpt":{"rendered":"<p>V cel\u00e9 zemi bylo aktivov\u00e1no varov\u00e1n\u00ed p\u0159ed n\u00e1letem Ukrajina byla ve \u010dtvrtek r\u00e1no vystavena obrovsk\u00e9&#8230;<\/p>\n","protected":false},"author":2,"featured_media":19671,"comment_status":"closed","ping_status":"closed","sticky":false,"template":"","format":"standard","meta":[],"categories":[7],"tags":[220,3535,26],"_links":{"self":[{"href":"https:\/\/www.infokuryr.cz\/n\/wp-json\/wp\/v2\/posts\/21795"}],"collection":[{"href":"https:\/\/www.infokuryr.cz\/n\/wp-json\/wp\/v2\/posts"}],"about":[{"href":"https:\/\/www.infokuryr.cz\/n\/wp-json\/wp\/v2\/types\/post"}],"author":[{"embeddable":true,"href":"https:\/\/www.infokuryr.cz\/n\/wp-json\/wp\/v2\/users\/2"}],"replies":[{"embeddable":true,"href":"https:\/\/www.infokuryr.cz\/n\/wp-json\/wp\/v2\/comments?post=21795"}],"version-history":[{"count":1,"href":"https:\/\/www.infokuryr.cz\/n\/wp-json\/wp\/v2\/posts\/21795\/revisions"}],"predecessor-version":[{"id":21796,"href":"https:\/\/www.infokuryr.cz\/n\/wp-json\/wp\/v2\/posts\/21795\/revisions\/21796"}],"wp:featuredmedia":[{"embeddable":true,"href":"https:\/\/www.infokuryr.cz\/n\/wp-json\/wp\/v2\/media\/19671"}],"wp:attachment":[{"href":"https:\/\/www.infokuryr.cz\/n\/wp-json\/wp\/v2\/media?parent=21795"}],"wp:term":[{"taxonomy":"category","embeddable":true,"href":"https:\/\/www.infokuryr.cz\/n\/wp-json\/wp\/v2\/categories?post=21795"},{"taxonomy":"post_tag","embeddable":true,"href":"https:\/\/www.infokuryr.cz\/n\/wp-json\/wp\/v2\/tags?post=21795"}],"curies":[{"name":"wp","href":"https:\/\/api.w.org\/{rel}","templated":true}]}}