{"id":21789,"date":"2023-01-27T01:12:34","date_gmt":"2023-01-27T00:12:34","guid":{"rendered":"http:\/\/www.infokuryr.cz\/n\/?p=21789"},"modified":"2023-01-26T15:56:44","modified_gmt":"2023-01-26T14:56:44","slug":"planovana-genocida-ockovani-proti-covidu-by-melo-zpusobit-skody-varuje-farmaceuticky-manazer","status":"publish","type":"post","link":"https:\/\/www.infokuryr.cz\/n\/2023\/01\/27\/planovana-genocida-ockovani-proti-covidu-by-melo-zpusobit-skody-varuje-farmaceuticky-manazer\/","title":{"rendered":"Pl\u00e1novan\u00e1 genocida: O\u010dkov\u00e1n\u00ed proti covidu by m\u011blo zp\u016fsobit \u0161kody, varuje farmaceutick\u00fd mana\u017eer"},"content":{"rendered":"<div id=\"fb-root\"><\/div>\n<div class=\"elementor-element elementor-element-1fb4c2c elementor-widget elementor-widget-theme-post-content\" data-id=\"1fb4c2c\" data-element_type=\"widget\" data-widget_type=\"theme-post-content.default\">\n<div class=\"elementor-widget-container\">\n<p><strong>Nen\u00ed to tak, \u017ee by se takzvan\u00e9 \u201evakc\u00edny\u201c proti Covidu jen tak uk\u00e1zaly jako ne\u00fa\u010dinn\u00e9 a smrt\u00edc\u00ed.\u00a0Sp\u00ed\u0161e byly jako takov\u00e9 navr\u017eeny, podle Alexandry \u201eSa\u0161i\u201c Latypov\u00e9, 25let\u00e9 farmaceutick\u00e9 veter\u00e1nky, kter\u00e1 se hodl\u00e1 obr\u00e1tit na v\u00fdzkum a \u0159\u00edk\u00e1, \u017ee ministerstvo obrany (DoD) \u201evelmi jasn\u011b muselo ubl\u00ed\u017eit\u201c t\u00edm, \u017ee provedlo \u201e masov\u00e1 genocida Ameri\u010dan\u016f\u201c.<\/strong><\/p>\n<p><span>Pod kontrolou a veden\u00edm ministerstva obrany za\u010dali v\u00fdrobci l\u00e9k\u016f jako Pfizer, Moderna a Janssen hromadn\u011b vyr\u00e1b\u011bt injek\u010dn\u00ed st\u0159\u00edka\u010dky pro operaci Warp Speed \u200b\u200b\u200b\u200bdlouho p\u0159edt\u00edm, ne\u017e se v\u016fbec objevily prvn\u00ed p\u0159\u00edpady \u201eCovid\u201c.\u00a0Podle Latypov\u00e9 se tyto \u201evlajkov\u00e9 lod\u011b\u201c pouze \u0159\u00eddily pokyny ministerstva obrany.<\/span><\/p>\n<p><span>To znamen\u00e1, \u017ee americk\u00e1 arm\u00e1da dohl\u00ed\u017eela na v\u00fdvoj a nasazen\u00ed t\u011bchto \u201eprotiopat\u0159en\u00ed proti Covidu\u201c, jak byla klasifikov\u00e1na, ne\u017e je nespr\u00e1vn\u011b naz\u00fdvala \u201evakc\u00edny\u201c.\u00a0Proto se tomu \u0159\u00edkalo Operace Warp Speed: proto\u017ee to byla vojensk\u00e1 v\u00e1lka, ne operace ve\u0159ejn\u00e9ho zdrav\u00ed.<\/span><\/p>\n<p><span>Svou roli sehr\u00e1ly tak\u00e9 Centra pro kontrolu a prevenci nemoc\u00ed (CDC) a \u00da\u0159ad pro kontrolu potravin a l\u00e9\u010div (FDA), kter\u00e9 urychlily povolen\u00ed nouzov\u00e9ho pou\u017eit\u00ed (EUA) pro smrt\u00edc\u00ed l\u00e9ky, po n\u011bm\u017e n\u00e1sledovalo ofici\u00e1ln\u00ed schv\u00e1len\u00ed pro n\u011bkter\u00e9 z nich \u2013 a zbytek je D\u011bjiny.\u00a0(Souvisej\u00edc\u00ed: V\u011bd\u011bli jste, \u017ee injekce Covid zp\u016fsobuj\u00ed Parkinsonovu chorobu?)<\/span><\/p>\n<p><span>To v\u0161e Latypov\u00e1 v prosinci p\u0159edstavila ve\u00a0<\/span><a href=\"https:\/\/www.bitchute.com\/video\/8ftbShzrkjl9\/\" target=\"_blank\" rel=\"noreferrer noopener\" data-type=\"URL\" data-id=\"https:\/\/www.bitchute.com\/video\/8ftbShzrkjl9\/\"><span>videop\u0159edn\u00e1\u0161ce<\/span><\/a><span>\u00a0, kterou m\u016f\u017eete zhl\u00e9dnout n\u00ed\u017ee:<\/span><\/p>\n<p><iframe loading=\"lazy\" src=\"https:\/\/www.bitchute.com\/embed\/8ftbShzrkjl9\/\" width=\"640\" height=\"360\" frameborder=\"0\" scrolling=\"no\" data-mce-fragment=\"1\"><\/iframe><\/p>\n<p class=\"has-medium-font-size\"><strong><span>O\u010dkov\u00e1n\u00ed proti covidu tr\u00e9nuje t\u011blo, aby se \u201ezni\u010dilo samo,\u201c varuje Latypov\u00e1<\/span><\/strong><\/p>\n<p><span>J\u00e1drem prezentace Latypov\u00e9 je tvrzen\u00ed, \u017ee ministerstvo obrany, Big Pharma a Big Regulation (FDA a CDC) se spikli s c\u00edlem sp\u00e1chat celosv\u011btovou masovou vra\u017edu prost\u0159ednictv\u00edm bioterorismu a informa\u010dn\u00ed v\u00e1lky.<\/span><\/p>\n<p><span>D\u016fkazy jsou ohromuj\u00edc\u00ed, \u017ee existuje z\u00e1m\u011br ubl\u00ed\u017eit lidem injekcemi Covid-19, takzvan\u00fdmi \u201evakc\u00ednami\u201c a dal\u0161\u00edmi nesmysln\u00fdmi opat\u0159en\u00edmi pro reakci na Covid, kter\u00e1 vl\u00e1dy po cel\u00e9m sv\u011bt\u011b postupn\u011b zav\u00e1d\u011bj\u00ed,\u201c uvedla.<\/span><\/p>\n<p><span>Op\u011bt to nen\u00ed tak, \u017ee by vakc\u00edny m\u011bly pom\u00e1hat lidem, ale \u017ee byly prost\u011b nebezpe\u010dn\u00e9.\u00a0Latypov\u00e1 \u0159\u00edk\u00e1, \u017ee byly z\u00e1m\u011brn\u011b pou\u017eity jako chemick\u00e1 a\/nebo biologick\u00e1 zbra\u0148 proti lidem, co\u017e je podpo\u0159eno mno\u017estv\u00edm literatury, studi\u00ed, v\u011bdeck\u00fdch diskus\u00ed (a) zve\u0159ejn\u011bn\u00fdch na toto t\u00e9ma.<\/span><\/p>\n<p><span>&#8222;Do injekc\u00ed Covid-19 je zabudov\u00e1no mnoho mechanism\u016f zran\u011bn\u00ed,&#8220; pokra\u010dovala.\u00a0&#8222;Hlavn\u00ed je, \u017ee c\u00edlem t\u011bchto injekc\u00ed je p\u0159im\u011bt va\u0161e bu\u0148ky, aby napadly samy sebe, p\u0159im\u011bt va\u0161e bu\u0148ky k expresi antigen\u016f, co\u017e jsou toxick\u00e9 spike proteiny, a pak vytvo\u0159it protil\u00e1tky, kter\u00e9 napadnou bu\u0148ky.\u00a0To tr\u00e9nuje va\u0161e t\u011blo k sebezni\u010den\u00ed.&#8220;<\/span><\/p>\n<p><span>Jin\u00fdmi slovy, tyto injekce nejsou bezpe\u010dn\u00e9 ani \u00fa\u010dinn\u00e9, pokud nen\u00ed c\u00edlem masivn\u011b vylidnit sv\u011bt.\u00a0V tomto p\u0159\u00edpad\u011b injekce funguj\u00ed p\u0159esn\u011b tak, jak byly napl\u00e1nov\u00e1ny \u2013 a to nejhor\u0161\u00ed teprve p\u0159ijde.<\/span><\/p>\n<p><span>Bezpe\u010dnostn\u00ed sign\u00e1ly byly &#8222;samoz\u0159ejm\u00e9&#8220; od za\u010d\u00e1tku, \u0159\u00edk\u00e1 Latypov\u00e1.\u00a0A p\u0159esto se zd\u00e1lo, \u017ee si toho nikdo v mocensk\u00e9m postaven\u00ed nev\u0161iml, nebo mo\u017en\u00e1 tyto bezpe\u010dnostn\u00ed sign\u00e1ly z\u00e1m\u011brn\u011b ignoroval, proto\u017ee c\u00edlem bylo zab\u00edjet lidi.<\/span><\/p>\n<p><span>&#8222;Tyto z\u00e1b\u011bry nemaj\u00ed \u017e\u00e1dnou \u00fa\u010dinnost,&#8220; vysv\u011btluje Latypov\u00e1.\u00a0\u201eDokonce v\u00edme, \u017ee existuje negativn\u00ed \u00fa\u010dinnost, co\u017e znamen\u00e1, \u017ee tato o\u010dkov\u00e1n\u00ed zvy\u0161uj\u00ed pravd\u011bpodobnost onemocn\u011bn\u00ed a \u00famrt\u00ed.<\/span><\/p>\n<p><span>Injek\u010dn\u00ed st\u0159\u00edka\u010dky byly vyrobeny zcela bez ohledu na spr\u00e1vnou v\u00fdrobn\u00ed praxi (GMP), zjevn\u011b tak\u00e9 z\u00e1m\u011brn\u011b, aby byl zaji\u0161t\u011bn smrteln\u00fd v\u00fdsledek produktu.\u00a0Pokud by byly dodr\u017eeny n\u00e1le\u017eit\u00e9 bezpe\u010dnostn\u00ed standardy, o\u010dkov\u00e1n\u00ed by mohlo b\u00fdt m\u00e9n\u011b smrteln\u00e9, co\u017e by bylo v rozporu se z\u00e1m\u011brem.<\/span><\/p>\n<p><span>&#8222;Zjistili jsme, \u017ee tyto produkty jsou \u0161pinav\u00e9, kontaminovan\u00e9 a v\u016fbec ne tak, jak je uvedeno na etiket\u011b,&#8220; \u0159\u00edk\u00e1 Latypov\u00e1.\u00a0&#8222;A pro za\u010d\u00e1tek jsou vysoce toxick\u00e9.&#8220;<\/span><\/p>\n<p><span>\u201eV\u0161ichni by m\u011bli b\u00fdt okam\u017eit\u011b zastaveni a v\u011bc by m\u011bla b\u00fdt d\u016fkladn\u011b pro\u0161et\u0159ena.\u00a0A zodpov\u011bdn\u00e9 bychom m\u011bli postavit p\u0159ed soud a pohnat je k odpov\u011bdnosti.\u00a0Dokud se tak nestane, nem\u016f\u017eeme pokra\u010dovat.&#8220;<\/span><\/p>\n<\/div>\n<\/div>\n<div class=\"elementor-element elementor-element-8c57238 quelle dc-has-condition dc-condition-empty elementor-widget elementor-widget-heading\" data-id=\"8c57238\" data-element_type=\"widget\" data-widget_type=\"heading.default\">\n<div class=\"elementor-widget-container\">\n<h3 class=\"elementor-heading-title elementor-size-default\"><span style=\"font-size: 8pt;\"><a href=\"https:\/\/www.naturalnews.com\/2023-01-24-covid-jabs-designed-for-harm-says-pharmaceutical-executive.html\" target=\"_blank\" rel=\"nofollow noopener\">ZDROJ<\/a><\/span><\/h3>\n<p><img decoding=\"async\" loading=\"lazy\" class=\"wp-image-21721 aligncenter\" src=\"http:\/\/www.infokuryr.cz\/n\/wp-content\/uploads\/2023\/01\/pro-1-300x47.png\" alt=\"\" width=\"664\" height=\"104\" srcset=\"https:\/\/www.infokuryr.cz\/n\/wp-content\/uploads\/2023\/01\/pro-1-300x47.png 300w, https:\/\/www.infokuryr.cz\/n\/wp-content\/uploads\/2023\/01\/pro-1-1024x161.png 1024w, https:\/\/www.infokuryr.cz\/n\/wp-content\/uploads\/2023\/01\/pro-1-768x121.png 768w, https:\/\/www.infokuryr.cz\/n\/wp-content\/uploads\/2023\/01\/pro-1.png 1216w\" sizes=\"(max-width: 664px) 100vw, 664px\" \/><\/p>\n<p>&nbsp;<\/p>\n<\/div>\n<\/div>\n","protected":false},"excerpt":{"rendered":"<p>Nen\u00ed to tak, \u017ee by se takzvan\u00e9 \u201evakc\u00edny\u201c proti Covidu jen tak uk\u00e1zaly jako ne\u00fa\u010dinn\u00e9&#8230;<\/p>\n","protected":false},"author":2,"featured_media":8800,"comment_status":"closed","ping_status":"closed","sticky":false,"template":"","format":"standard","meta":[],"categories":[7],"tags":[23,315,651],"_links":{"self":[{"href":"https:\/\/www.infokuryr.cz\/n\/wp-json\/wp\/v2\/posts\/21789"}],"collection":[{"href":"https:\/\/www.infokuryr.cz\/n\/wp-json\/wp\/v2\/posts"}],"about":[{"href":"https:\/\/www.infokuryr.cz\/n\/wp-json\/wp\/v2\/types\/post"}],"author":[{"embeddable":true,"href":"https:\/\/www.infokuryr.cz\/n\/wp-json\/wp\/v2\/users\/2"}],"replies":[{"embeddable":true,"href":"https:\/\/www.infokuryr.cz\/n\/wp-json\/wp\/v2\/comments?post=21789"}],"version-history":[{"count":0,"href":"https:\/\/www.infokuryr.cz\/n\/wp-json\/wp\/v2\/posts\/21789\/revisions"}],"wp:featuredmedia":[{"embeddable":true,"href":"https:\/\/www.infokuryr.cz\/n\/wp-json\/wp\/v2\/media\/8800"}],"wp:attachment":[{"href":"https:\/\/www.infokuryr.cz\/n\/wp-json\/wp\/v2\/media?parent=21789"}],"wp:term":[{"taxonomy":"category","embeddable":true,"href":"https:\/\/www.infokuryr.cz\/n\/wp-json\/wp\/v2\/categories?post=21789"},{"taxonomy":"post_tag","embeddable":true,"href":"https:\/\/www.infokuryr.cz\/n\/wp-json\/wp\/v2\/tags?post=21789"}],"curies":[{"name":"wp","href":"https:\/\/api.w.org\/{rel}","templated":true}]}}