{"id":21787,"date":"2023-01-27T01:11:53","date_gmt":"2023-01-27T00:11:53","guid":{"rendered":"http:\/\/www.infokuryr.cz\/n\/?p=21787"},"modified":"2023-01-26T15:52:31","modified_gmt":"2023-01-26T14:52:31","slug":"jacob-g-hornberger-a-co-nevyprovokovana-americka-agrese-proti-iraku","status":"publish","type":"post","link":"https:\/\/www.infokuryr.cz\/n\/2023\/01\/27\/jacob-g-hornberger-a-co-nevyprovokovana-americka-agrese-proti-iraku\/","title":{"rendered":"Jacob G, Hornberger: A co nevyprovokovan\u00e1 americk\u00e1 agrese proti Ir\u00e1ku?"},"content":{"rendered":"<div id=\"fb-root\"><\/div>\n<div class=\"elementor-element elementor-element-1fb4c2c elementor-widget elementor-widget-theme-post-content\" data-id=\"1fb4c2c\" data-element_type=\"widget\" data-widget_type=\"theme-post-content.default\">\n<div class=\"elementor-widget-container\">\n<p><span>Ohledn\u011b rusk\u00e9 invaze na Ukrajinu Washington Post ve sv\u00e9m sobotn\u00edm \u00favodn\u00edku prohl\u00e1sil, \u017ee boj na Ukrajin\u011b \u201eje tak\u00e9 z\u00e1sadn\u00ed pro Evropu a \u00fatok na nejz\u00e1kladn\u011bj\u0161\u00ed imperativ, na kter\u00e9m spo\u010d\u00edv\u00e1 z\u00e1padn\u00ed syst\u00e9m: nep\u0159\u00edpustnost nevyprovokovan\u00fdch agresivn\u00edch v\u00e1lek\u201c.<\/span><\/p>\n<p><span>V jin\u00e9m dne\u0161n\u00edm \u00favodn\u00edku Post vyz\u00fdv\u00e1 k mezin\u00e1rodn\u00edmu tribun\u00e1lu, kter\u00fd by obvinil Vladimira Putina a jeho \u201en\u00e1siln\u00edky\u201c z veden\u00ed \u201eagresivn\u00ed v\u00e1lky\u201c proti Ir\u00e1ku.\u00a0The Post cituje norimbersk\u00fd tribun\u00e1l: \u201eZah\u00e1jen\u00ed \u00fato\u010dn\u00e9 v\u00e1lky\u2026 nen\u00ed jen mezin\u00e1rodn\u00ed zlo\u010din;\u00a0je to nejvy\u0161\u0161\u00ed mezin\u00e1rodn\u00ed zlo\u010din, kter\u00fd se od ostatn\u00edch v\u00e1le\u010dn\u00fdch zlo\u010din\u016f li\u0161\u00ed pouze t\u00edm, \u017ee obsahuje cel\u00e9 zlo ze v\u0161eho.\u201c<\/span><\/p>\n<p><span>Co m\u011b v\u0161ak vrt\u00e1 hlavou, je, pro\u010d Post neodsuzuje tak\u00e9 prezidenta George W. Bushe a jeho \u201ep\u0159isluhova\u010de\u201c za jejich nevyprovokovanou invazi do Ir\u00e1ku a pro\u010d Post nevyvol\u00e1v\u00e1 tribun\u00e1l v norimbersk\u00e9m stylu pro Bushe a jeho &#8222;p\u0159isluhova\u010di.&#8220;\u00a0Koneckonc\u016f, pro v\u00e1le\u010dn\u00e9 zlo\u010diny tohoto druhu neexistuje \u017e\u00e1dn\u00e1 proml\u010dec\u00ed lh\u016fta, m\u011blo by b\u00fdt za nevyprovokovan\u00e9 agresivn\u00ed v\u00e1lky odsouzeno a souzeno pouze Rusko, N\u011bmecko a dal\u0161\u00ed n\u00e1rody?\u00a0Pro\u010d by m\u011bli b\u00fdt dr\u017eitel\u00e9 americk\u00fdch \u00fa\u0159ad\u016f vy\u0148ati z Norimbersk\u00e9ho principu?<\/span><\/p>\n<p><span>Je nesporn\u00fdm faktem, \u017ee Ir\u00e1k nikdy neza\u00fato\u010dil na Spojen\u00e9 st\u00e1ty americk\u00e9.\u00a0Spojen\u00e9 st\u00e1ty byly v tomto konfliktu od za\u010d\u00e1tku agresorem.\u00a0Bush a jeho stoupenci byli na\u0161tvan\u00ed, \u017ee jeho otec, prezident George HW Bush, nedok\u00e1zal sesadit Sadd\u00e1ma Husajna od moci ve v\u00e1lce v Z\u00e1livu.\u00a0Cht\u011bli napravit to, co pova\u017eovali za v\u00e1\u017enou chybu, kterou ud\u011blal star\u0161\u00ed Bush.<\/span><\/p>\n<p><span>Aby ospravedlnili svou nevyprovokovanou invazi do Ir\u00e1ku, Bush a jeho komplicov\u00e9 vykonstruovali le\u017e o \u00fadajn\u00fdch Sadd\u00e1mov\u00fdch zbran\u00edch hromadn\u00e9ho ni\u010den\u00ed.\u00a0Kdy\u017e byla jejich le\u017e odhalena t\u00edm, \u017ee tyto zbran\u011b hromadn\u00e9ho ni\u010den\u00ed neobjevili, Bush se za svou \u201echybu\u201c neomluvil a okam\u017eit\u011b nena\u0159\u00eddil sta\u017een\u00ed americk\u00fdch sil z Ir\u00e1ku.\u00a0M\u00edsto toho Bush na\u0159\u00eddil sv\u00e9 arm\u00e1d\u011b, aby z\u016fstala v Ir\u00e1ku a zabila ka\u017ed\u00e9ho, kdo se postavil proti nov\u00e9mu re\u017eimu, kter\u00fd on a jeho kump\u00e1ni zavedli.<\/span><\/p>\n<p><span>Ale i kdyby Bushovo tvrzen\u00ed o zbran\u00edch hromadn\u00e9ho ni\u010den\u00ed nebylo l\u017e\u00ed, skute\u010dnost, \u017ee n\u00e1rodn\u00ed st\u00e1t vlastn\u00ed zbran\u011b hromadn\u00e9ho ni\u010den\u00ed, neospravedl\u0148uje pr\u00e1vn\u011b ani mor\u00e1ln\u011b \u00fato\u010dnou v\u00e1lku proti tomuto n\u00e1rodn\u00edmu st\u00e1tu.\u00a0Krom\u011b toho pouze Organizace spojen\u00fdch n\u00e1rod\u016f, nikoli vl\u00e1da USA, m\u00e1 pravomoc prosazovat sv\u00e9 vlastn\u00ed rezoluce o zbran\u00edch hromadn\u00e9ho ni\u010den\u00ed a je nesporn\u00e9, \u017ee OSN nepovolila invazi a \u00fato\u010dnou v\u00e1lku proti Ir\u00e1ku.<\/span><\/p>\n<p><span>Nebyl to jen Bush\u016fv syn, kdo byl na\u0161tvan\u00fd, \u017ee Bush\u016fv otec nedok\u00e1zal ve v\u00e1lce v Z\u00e1livu zm\u011bnit re\u017eim.\u00a0B\u011bhem sv\u00e9ho p\u016fsoben\u00ed v 90. letech vedl prezident Bill Clinton v\u00e1lku proti ir\u00e1ck\u00e9mu lidu a prosadil jeden z nejbrut\u00e1ln\u011bj\u0161\u00edch sank\u010dn\u00edch re\u017eim\u016f v historii, kter\u00fd p\u0159isp\u011bl ke smrti stovek tis\u00edc nevinn\u00fdch ir\u00e1ck\u00fdch d\u011bt\u00ed.<\/span><\/p>\n<p><span>Ve skute\u010dnosti Clintonova velvyslankyn\u011b p\u0159i OSN Madeleine Albrightov\u00e1 v roce 1996 prohl\u00e1sila, \u017ee smrt p\u016fl milionu ir\u00e1ck\u00fdch d\u011bt\u00ed v d\u016fsledku sankc\u00ed \u201eza to stoj\u00ed\u201c.\u00a0T\u00edm \u201eto\u201c m\u011bla na mysli zm\u011bnu re\u017eimu, kter\u00e1 povede k odstaven\u00ed ir\u00e1ck\u00e9ho dikt\u00e1tora Sadd\u00e1ma Husajna od moci a jeho nahrazen\u00ed jin\u00fdm, USA uzn\u00e1van\u00fdm dikt\u00e1torem.<\/span><\/p>\n<p><span>My\u0161lenka byla takov\u00e1, \u017ee smrt v\u0161ech t\u011bch ir\u00e1ck\u00fdch d\u011bt\u00ed uvrhne Sadd\u00e1ma do krize sv\u011bdom\u00ed, kter\u00e1 ho p\u0159im\u011bje vzd\u00e1t se moci.\u00a0Smrt\u00edc\u00ed pl\u00e1n nevy\u0161el.\u00a0Sadd\u00e1m z\u016fstal u moci a smrt\u00edc\u00ed sankce pokra\u010dovaly v zab\u00edjen\u00ed nevinn\u00fdch ir\u00e1ck\u00fdch d\u011bt\u00ed dal\u0161\u00edch p\u011bt let, dokonce i pot\u00e9, co byl zvolen Bush, syn.<\/span><\/p>\n<p><span>Pro\u010d by Clinton, George W. Bush a jejich stoupenci nem\u011bli b\u00fdt st\u00edh\u00e1ni za to, \u017ee p\u0159isp\u011bli k nevyprovokovan\u00e9 vra\u017ed\u011b v\u0161ech t\u011bchto ir\u00e1ck\u00fdch d\u011bt\u00ed?\u00a0Pro\u010d by se \u201eagresivn\u00ed v\u00e1lka\u201c m\u011bla vztahovat pouze na bomby, kulky, rakety, voj\u00e1ky, tanky, drony a letadla a ne na ekonomick\u00e9 sankce, kter\u00e9 v\u011bdom\u011b, \u00famysln\u011b a \u00famysln\u011b zab\u00edjej\u00ed nevinn\u00e9 lidi?<\/span><\/p>\n<p><span>Ironi\u00ed na tom v\u0161em je, \u017ee Sadd\u00e1m Husajn, kter\u00e9ho ameri\u010dt\u00ed p\u0159edstavitel\u00e9 nazvali \u201enov\u00fdm Hitlerem\u201c, byl partnerem a spojencem americk\u00fdch p\u0159edstavitel\u016f v 80. letech, kdy\u017e vedl nevyprovokovanou \u00fato\u010dnou v\u00e1lku proti \u00cdr\u00e1nu.\u00a0Ameri\u010dt\u00ed p\u0159edstavitel\u00e9 podporovali Sadd\u00e1ma v jeho \u00fato\u010dn\u00e9 v\u00e1lce, proto\u017ee se jim l\u00edbilo, \u017ee jeho arm\u00e1da zab\u00edjela \u00cdr\u00e1nce.\u00a0D\u016fvodem bylo, \u017ee st\u00e1le je\u0161t\u011b neodpustili \u00edr\u00e1nsk\u00e9mu lidu svr\u017een\u00ed brut\u00e1ln\u00edho dikt\u00e1tora, kter\u00e9ho CIA p\u0159ivedla k moci p\u0159i zm\u011bn\u011b \u00edr\u00e1nsk\u00e9ho re\u017eimu v roce 1953 (\u00edr\u00e1nsk\u00e9ho \u0161\u00e1ha).<\/span><\/p>\n<p><span>Rusko dnes m\u016f\u017ee alespo\u0148 uv\u00e9st hrozbu USA pou\u017e\u00edt NATO k rozm\u00edst\u011bn\u00ed vojensk\u00fdch z\u00e1kladen, tank\u016f, voj\u00e1k\u016f a raket na Ukrajin\u011b jako d\u016fvod sv\u00e9 \u201enevyprovokovan\u00e9\u201c invaze na Ukrajinu.\u00a0Jedin\u00e9, co mohou Spojen\u00e9 st\u00e1ty uv\u00e9st, aby ospravedlnily svou nevyprovokovanou invazi do Ir\u00e1ku, je jejich vlastn\u00ed le\u017e o neexistuj\u00edc\u00edch zbran\u00edch hromadn\u00e9ho ni\u010den\u00ed.<\/span><\/p>\n<p><span>Na z\u00e1v\u011br mi dovolte zopakovat mimo\u0159\u00e1dn\u011b d\u016fle\u017eit\u00fd bod: Ir\u00e1k nikdy neza\u00fato\u010dil na Spojen\u00e9 st\u00e1ty.\u00a0Byly to Spojen\u00e9 st\u00e1ty, kdo za\u00fato\u010dil na Ir\u00e1k.\u00a0Po celou dobu konfliktu byly USA agresorem a Ir\u00e1k obr\u00e1ncem.<\/span><\/p>\n<p><span>Pro\u010d Washington Post neuzn\u00e1v\u00e1 a neuzn\u00e1v\u00e1 tento z\u00e1sadn\u011b d\u016fle\u017eit\u00fd bod?\u00a0Pro\u010d aplikuje Norimbersk\u00fd princip na Rusko a ne na Spojen\u00e9 st\u00e1ty?<\/span><\/p>\n<\/div>\n<\/div>\n<div class=\"elementor-element elementor-element-8c57238 quelle dc-has-condition dc-condition-empty elementor-widget elementor-widget-heading\" data-id=\"8c57238\" data-element_type=\"widget\" data-widget_type=\"heading.default\">\n<div class=\"elementor-widget-container\">\n<h3 class=\"elementor-heading-title elementor-size-default\"><span style=\"font-size: 8pt;\"><a href=\"https:\/\/www.fff.org\/2023\/01\/23\/what-about-the-unprovoked-u-s-aggression-against-iraq\/\" target=\"_blank\" rel=\"nofollow noopener\">ZDROJ<\/a><\/span><\/h3>\n<p><img decoding=\"async\" loading=\"lazy\" class=\"alignnone size-medium wp-image-21705\" src=\"http:\/\/www.infokuryr.cz\/n\/wp-content\/uploads\/2023\/01\/pro-300x47.png\" alt=\"\" width=\"300\" height=\"47\" srcset=\"https:\/\/www.infokuryr.cz\/n\/wp-content\/uploads\/2023\/01\/pro-300x47.png 300w, https:\/\/www.infokuryr.cz\/n\/wp-content\/uploads\/2023\/01\/pro-1024x161.png 1024w, https:\/\/www.infokuryr.cz\/n\/wp-content\/uploads\/2023\/01\/pro-768x121.png 768w, https:\/\/www.infokuryr.cz\/n\/wp-content\/uploads\/2023\/01\/pro.png 1216w\" sizes=\"(max-width: 300px) 100vw, 300px\" \/><\/p>\n<p>&nbsp;<\/p>\n<\/div>\n<\/div>\n","protected":false},"excerpt":{"rendered":"<p>Ohledn\u011b rusk\u00e9 invaze na Ukrajinu Washington Post ve sv\u00e9m sobotn\u00edm \u00favodn\u00edku prohl\u00e1sil, \u017ee boj na&#8230;<\/p>\n","protected":false},"author":2,"featured_media":21788,"comment_status":"closed","ping_status":"closed","sticky":false,"template":"","format":"standard","meta":[],"categories":[7],"tags":[267,37,40],"_links":{"self":[{"href":"https:\/\/www.infokuryr.cz\/n\/wp-json\/wp\/v2\/posts\/21787"}],"collection":[{"href":"https:\/\/www.infokuryr.cz\/n\/wp-json\/wp\/v2\/posts"}],"about":[{"href":"https:\/\/www.infokuryr.cz\/n\/wp-json\/wp\/v2\/types\/post"}],"author":[{"embeddable":true,"href":"https:\/\/www.infokuryr.cz\/n\/wp-json\/wp\/v2\/users\/2"}],"replies":[{"embeddable":true,"href":"https:\/\/www.infokuryr.cz\/n\/wp-json\/wp\/v2\/comments?post=21787"}],"version-history":[{"count":0,"href":"https:\/\/www.infokuryr.cz\/n\/wp-json\/wp\/v2\/posts\/21787\/revisions"}],"wp:featuredmedia":[{"embeddable":true,"href":"https:\/\/www.infokuryr.cz\/n\/wp-json\/wp\/v2\/media\/21788"}],"wp:attachment":[{"href":"https:\/\/www.infokuryr.cz\/n\/wp-json\/wp\/v2\/media?parent=21787"}],"wp:term":[{"taxonomy":"category","embeddable":true,"href":"https:\/\/www.infokuryr.cz\/n\/wp-json\/wp\/v2\/categories?post=21787"},{"taxonomy":"post_tag","embeddable":true,"href":"https:\/\/www.infokuryr.cz\/n\/wp-json\/wp\/v2\/tags?post=21787"}],"curies":[{"name":"wp","href":"https:\/\/api.w.org\/{rel}","templated":true}]}}