{"id":21783,"date":"2023-01-27T01:09:51","date_gmt":"2023-01-27T00:09:51","guid":{"rendered":"http:\/\/www.infokuryr.cz\/n\/?p=21783"},"modified":"2023-01-26T15:40:24","modified_gmt":"2023-01-26T14:40:24","slug":"nucene-mobilizace-nabyvaji-absurdnich-podob","status":"publish","type":"post","link":"https:\/\/www.infokuryr.cz\/n\/2023\/01\/27\/nucene-mobilizace-nabyvaji-absurdnich-podob\/","title":{"rendered":"Nucen\u00e9 mobilizace nab\u00fdvaj\u00ed absurdn\u00edch podob"},"content":{"rendered":"<div id=\"fb-root\"><\/div>\n<p><span style=\"font-size: 18pt;\"><strong>V Od\u011bse voj\u00e1ci pou\u017eili sanitku, aby n\u00e1hodn\u011b vydali mobiliza\u010dn\u00ed rozkazy mu\u017e\u016fm na ulici a odvezli je, v p\u0159\u00edpad\u011b pot\u0159eby i n\u00e1sil\u00edm<\/strong><\/span><\/p>\n<p><span>Souhrn\u00a0<\/span><a href=\"https:\/\/www.anti-spiegel.ru\/2023\/munition-in-akws-und-zwangsmobilisierungen-die-ereignisse-des-23-januar\/\" target=\"_blank\" rel=\"noreferrer noopener\"><span>ud\u00e1lost\u00ed na Ukrajin\u011b 23. ledna<\/span><\/a><span>\u00a0, kter\u00fd jsem p\u0159elo\u017eil, zmi\u0148oval i vynucen\u00e9 mobilizace, kter\u00e9 v sou\u010dasnosti na Ukrajin\u011b prob\u00edhaj\u00ed.\u00a0Vzhledem k tomu, \u017ee u\u017e nikdo v zemi nechce dobrovoln\u011b j\u00edt na frontu, jsou mu\u017ei \u010dasto nucen\u011b odv\u00e1d\u011bni do ulic, o \u010dem\u017e je na soci\u00e1ln\u00edch s\u00edt\u00edch mnoho vide\u00ed.\u00a0P\u0159ipojil jsem\u00a0<\/span><a href=\"https:\/\/t.me\/neuesausrussland\/12449\" target=\"_blank\" rel=\"noreferrer noopener\"><span>videa z Od\u011bsy<\/span><\/a><span>\u00a0, kter\u00e1 se \u0161\u00ed\u0159\u00ed na Ukrajin\u011b, mimo jin\u00e9 proto, \u017ee ukazuj\u00ed sanitku pou\u017e\u00edvanou jako kryt, z n\u00ed\u017e se uniformovan\u00ed mu\u017ei ne\u010dekan\u011b dost\u00e1vaj\u00ed k branc\u016fm p\u0159\u00edmo z ulice do arm\u00e1dy.<\/span><\/p>\n<p><span>Nebyla to v \u017e\u00e1dn\u00e9m p\u0159\u00edpad\u011b rusk\u00e1 propaganda, ale v Od\u011bse se to potvrdilo, proto\u017ee se proti tomuto postupu zformovaly masivn\u00ed protesty.\u00a0Nyn\u00ed odpov\u011bdn\u00fd autorita p\u0159isl\u00edbila, \u017ee se t\u00e9to praxe zdr\u017e\u00ed.\u00a0Informovala o tom rusk\u00e1 tiskov\u00e1 agentura TASS s odvol\u00e1n\u00edm na od\u011bsk\u00e1 m\u00e9dia a j\u00e1 jsem\u00a0<\/span><a href=\"https:\/\/tass.ru\/mezhdunarodnaya-panorama\/16877233\" target=\"_blank\" rel=\"noreferrer noopener\"><span>zpr\u00e1vu TASS<\/span><\/a><span>\u00a0p\u0159elo\u017eil .<\/span><\/p>\n<p><em><strong>Za\u010d\u00e1tek p\u0159ekladu:<\/strong><\/em><\/p>\n<h3><span style=\"font-size: 18pt;\">V Od\u011bse je sl\u00edbeno nepou\u017e\u00edvat k mobilizaci sanitky<\/span><\/h3>\n<p><strong><span>Tamn\u00ed vojensk\u00fd komisari\u00e1t dodal, \u017ee m\u00e1 k dispozici pouze jedno vozidlo, a ostatn\u00ed videa sanitek slou\u017e\u00edc\u00edch k vyd\u00e1v\u00e1n\u00ed mobiliza\u010dn\u00edch rozkaz\u016f ozna\u010dil za nepravdiv\u00e9.<\/span><\/strong><\/p>\n<p><span>St\u0159edisko n\u00e1boru a soci\u00e1ln\u00ed podpory v Od\u011bse v \u00fater\u00fd uvedlo, \u017ee sanitka ji\u017e nebude slou\u017eit k vyd\u00e1v\u00e1n\u00ed mobiliza\u010dn\u00edch p\u0159\u00edkaz\u016f.<\/span><\/p>\n<p><span>D\u0159\u00edve m\u00edstn\u00ed kan\u00e1ly Telegram zve\u0159ejnily video, na kter\u00e9m mu\u017ei ve vojensk\u00fdch uniform\u00e1ch nakl\u00e1daj\u00ed mu\u017ee do sanitky.\u00a0Podle m\u00edstn\u00edch m\u00e9di\u00ed takto pracuj\u00ed zam\u011bstnanci tamn\u00edho vojensk\u00e9ho komisari\u00e1tu.<\/span><\/p>\n<p><span>&#8222;Rozhodnut\u00ed \u0161\u00e9fa agentury pou\u017e\u00edt k vyrozum\u011bn\u00ed ob\u010dan\u016f podobn\u011b vyhl\u00ed\u017eej\u00edc\u00ed vozidlo, kter\u00e9 vyvolalo siln\u00e9 pobou\u0159en\u00ed ve\u0159ejnosti, nebylo poru\u0161en\u00edm z\u00e1kona. Aby se p\u0159ede\u0161lo podobn\u00e9 rezonanci a dal\u0161\u00ed provokaci, bude vozidlo ozna\u010deno n\u00e1lepkami Ambulance \u010d. d\u00e9le pou\u017e\u00edvan\u00e9,\u201c uvedl n\u00e1vrh rady v prohl\u00e1\u0161en\u00ed na sv\u00e9 facebookov\u00e9 str\u00e1nce.<\/span><\/p>\n<p><span>Pracovn\u00edk n\u00e1vrhu dodal, \u017ee a\u010dkoli m\u011bl k dispozici pouze jedno vozidlo, v\u0161echna ostatn\u00ed videa sanitek pou\u017e\u00edvan\u00fdch k doru\u010dov\u00e1n\u00ed mobiliza\u010dn\u00edch p\u0159\u00edkaz\u016f byla \u201enepravdiv\u00e1\u201c.<\/span><\/p>\n<p><em><strong>konec p\u0159ekladu<\/strong><\/em><\/p>\n<p><span>N\u011bmeck\u00e1 m\u00e9dia<em> (pozn. redakce IK: samoz\u0159ejm\u011b ani \u010desk\u00e1)<\/em> bohu\u017eel neinformuj\u00ed o n\u00e1siln\u00e9m nucen\u00e9m n\u00e1boru, kter\u00fd prob\u00edh\u00e1 v ulic\u00edch Ukrajiny. V\u0161e, co by mohlo naru\u0161it obraz \u201ehrdinn\u011b bojuj\u00edc\u00ed\u201c Ukrajiny, m\u00e1 b\u00fdt podle v\u0161eho utajeno.<\/span><\/p>\n<p><a href=\"http:\/\/Souhrn ud\u00e1lost\u00ed na Ukrajin\u011b 23. ledna , kter\u00fd jsem p\u0159elo\u017eil, zmi\u0148oval i vynucen\u00e9 mobilizace, kter\u00e9 v sou\u010dasnosti na Ukrajin\u011b prob\u00edhaj\u00ed. Vzhledem k tomu, \u017ee u\u017e nikdo v zemi nechce dobrovoln\u011b j\u00edt na frontu, jsou mu\u017ei \u010dasto nucen\u011b odv\u00e1d\u011bni do ulic, o \u010dem\u017e je na soci\u00e1ln\u00edch s\u00edt\u00edch mnoho vide\u00ed. P\u0159ipojil jsem videa z Od\u011bsy , kter\u00e1 se \u0161\u00ed\u0159\u00ed na Ukrajin\u011b, mimo jin\u00e9 proto, \u017ee ukazuj\u00ed sanitku pou\u017e\u00edvanou jako kryt, z n\u00ed\u017e se uniformovan\u00ed mu\u017ei ne\u010dekan\u011b dost\u00e1vaj\u00ed k branc\u016fm p\u0159\u00edmo z ulice do arm\u00e1dy.  Nebyla to v \u017e\u00e1dn\u00e9m p\u0159\u00edpad\u011b rusk\u00e1 propaganda, ale v Od\u011bse se to potvrdilo, proto\u017ee se proti tomuto postupu zformovaly masivn\u00ed protesty. Nyn\u00ed odpov\u011bdn\u00fd autorita p\u0159isl\u00edbila, \u017ee se t\u00e9to praxe zdr\u017e\u00ed. Informovala o tom rusk\u00e1 tiskov\u00e1 agentura TASS s odvol\u00e1n\u00edm na od\u011bsk\u00e1 m\u00e9dia a j\u00e1 jsem zpr\u00e1vu TASS p\u0159elo\u017eil .  Za\u010d\u00e1tek p\u0159ekladu:  V Od\u011bse je sl\u00edbeno nepou\u017e\u00edvat k mobilizaci sanitky Tamn\u00ed vojensk\u00fd komisari\u00e1t dodal, \u017ee m\u00e1 k dispozici pouze jedno vozidlo, a ostatn\u00ed videa sanitek slou\u017e\u00edc\u00edch k vyd\u00e1v\u00e1n\u00ed mobiliza\u010dn\u00edch rozkaz\u016f ozna\u010dil za nepravdiv\u00e9.  St\u0159edisko n\u00e1boru a soci\u00e1ln\u00ed podpory v Od\u011bse v \u00fater\u00fd uvedlo, \u017ee sanitka ji\u017e nebude slou\u017eit k vyd\u00e1v\u00e1n\u00ed mobiliza\u010dn\u00edch p\u0159\u00edkaz\u016f.  D\u0159\u00edve m\u00edstn\u00ed kan\u00e1ly Telegram zve\u0159ejnily video, na kter\u00e9m mu\u017ei ve vojensk\u00fdch uniform\u00e1ch nakl\u00e1daj\u00ed mu\u017ee do sanitky. Podle m\u00edstn\u00edch m\u00e9di\u00ed takto pracuj\u00ed zam\u011bstnanci tamn\u00edho vojensk\u00e9ho komisari\u00e1tu.  &quot;Rozhodnut\u00ed \u0161\u00e9fa agentury pou\u017e\u00edt k vyrozum\u011bn\u00ed ob\u010dan\u016f podobn\u011b vyhl\u00ed\u017eej\u00edc\u00ed vozidlo, kter\u00e9 vyvolalo siln\u00e9 pobou\u0159en\u00ed ve\u0159ejnosti, nebylo poru\u0161en\u00edm z\u00e1kona. Aby se p\u0159ede\u0161lo podobn\u00e9 rezonanci a dal\u0161\u00ed provokaci, bude vozidlo ozna\u010deno n\u00e1lepkami Ambulance \u010d. d\u00e9le pou\u017e\u00edvan\u00e9,\u201c uvedl n\u00e1vrh rady v prohl\u00e1\u0161en\u00ed na sv\u00e9 facebookov\u00e9 str\u00e1nce.  Pracovn\u00edk n\u00e1vrhu dodal, \u017ee a\u010dkoli m\u011bl k dispozici pouze jedno vozidlo, v\u0161echna ostatn\u00ed videa sanitek pou\u017e\u00edvan\u00fdch k doru\u010dov\u00e1n\u00ed mobiliza\u010dn\u00edch p\u0159\u00edkaz\u016f byla \u201enepravdiv\u00e1\u201c.  konec p\u0159ekladu  N\u011bmeck\u00e1 m\u00e9dia bohu\u017eel neinformuj\u00ed o n\u00e1siln\u00e9m nucen\u00e9m n\u00e1boru, kter\u00fd prob\u00edh\u00e1 v ulic\u00edch Ukrajiny. V\u0161e, co by mohlo naru\u0161it obraz \u201ehrdinn\u011b bojuj\u00edc\u00ed\u201c Ukrajiny, m\u00e1 b\u00fdt podle v\u0161eho utajeno.\">Thomas Roper<\/a><\/p>\n<p>&nbsp;<\/p>\n<p><img decoding=\"async\" loading=\"lazy\" class=\"alignnone  wp-image-21721\" src=\"http:\/\/www.infokuryr.cz\/n\/wp-content\/uploads\/2023\/01\/pro-1-300x47.png\" alt=\"\" width=\"683\" height=\"107\" srcset=\"https:\/\/www.infokuryr.cz\/n\/wp-content\/uploads\/2023\/01\/pro-1-300x47.png 300w, https:\/\/www.infokuryr.cz\/n\/wp-content\/uploads\/2023\/01\/pro-1-1024x161.png 1024w, https:\/\/www.infokuryr.cz\/n\/wp-content\/uploads\/2023\/01\/pro-1-768x121.png 768w, https:\/\/www.infokuryr.cz\/n\/wp-content\/uploads\/2023\/01\/pro-1.png 1216w\" sizes=\"(max-width: 683px) 100vw, 683px\" \/><\/p>\n<p>&nbsp;<\/p>\n","protected":false},"excerpt":{"rendered":"<p>V Od\u011bse voj\u00e1ci pou\u017eili sanitku, aby n\u00e1hodn\u011b vydali mobiliza\u010dn\u00ed rozkazy mu\u017e\u016fm na ulici a odvezli&#8230;<\/p>\n","protected":false},"author":2,"featured_media":21784,"comment_status":"closed","ping_status":"closed","sticky":false,"template":"","format":"standard","meta":[],"categories":[7],"tags":[80,1929,26],"_links":{"self":[{"href":"https:\/\/www.infokuryr.cz\/n\/wp-json\/wp\/v2\/posts\/21783"}],"collection":[{"href":"https:\/\/www.infokuryr.cz\/n\/wp-json\/wp\/v2\/posts"}],"about":[{"href":"https:\/\/www.infokuryr.cz\/n\/wp-json\/wp\/v2\/types\/post"}],"author":[{"embeddable":true,"href":"https:\/\/www.infokuryr.cz\/n\/wp-json\/wp\/v2\/users\/2"}],"replies":[{"embeddable":true,"href":"https:\/\/www.infokuryr.cz\/n\/wp-json\/wp\/v2\/comments?post=21783"}],"version-history":[{"count":0,"href":"https:\/\/www.infokuryr.cz\/n\/wp-json\/wp\/v2\/posts\/21783\/revisions"}],"wp:featuredmedia":[{"embeddable":true,"href":"https:\/\/www.infokuryr.cz\/n\/wp-json\/wp\/v2\/media\/21784"}],"wp:attachment":[{"href":"https:\/\/www.infokuryr.cz\/n\/wp-json\/wp\/v2\/media?parent=21783"}],"wp:term":[{"taxonomy":"category","embeddable":true,"href":"https:\/\/www.infokuryr.cz\/n\/wp-json\/wp\/v2\/categories?post=21783"},{"taxonomy":"post_tag","embeddable":true,"href":"https:\/\/www.infokuryr.cz\/n\/wp-json\/wp\/v2\/tags?post=21783"}],"curies":[{"name":"wp","href":"https:\/\/api.w.org\/{rel}","templated":true}]}}