{"id":21782,"date":"2023-01-27T01:08:25","date_gmt":"2023-01-27T00:08:25","guid":{"rendered":"http:\/\/www.infokuryr.cz\/n\/?p=21782"},"modified":"2023-01-26T15:33:43","modified_gmt":"2023-01-26T14:33:43","slug":"nekolik-poslednich-postrehu-a-glos-jeste-pred-druhym-kolem-protoze-po-bitve-je-kazdy-general","status":"publish","type":"post","link":"https:\/\/www.infokuryr.cz\/n\/2023\/01\/27\/nekolik-poslednich-postrehu-a-glos-jeste-pred-druhym-kolem-protoze-po-bitve-je-kazdy-general\/","title":{"rendered":"N\u011bkolik posledn\u00edch post\u0159eh\u016f a glos je\u0161t\u011b p\u0159ed druh\u00fdm kolem. Proto\u017ee po bitv\u011b je ka\u017ed\u00fd gener\u00e1l"},"content":{"rendered":"<div id=\"fb-root\"><\/div>\n<p><strong>Ten, kdo si naivn\u011b myslel (autor t\u011bchto \u0159\u00e1dek v\u00a0to na okam\u017eik tajn\u011b doufal), \u017ee ve chv\u00edli, kdy proti sob\u011b stoj\u00ed dva b\u00fdval\u00ed \u010dlenov\u00e9 KS\u010c, natvrdl\u00fd antikomunismus, kter\u00fd jen zast\u00edr\u00e1 pravou podstatu dne\u0161n\u00edho politick\u00e9ho \u0161t\u011bpen\u00ed (trefn\u011b o tom p\u00ed\u0161e kolega\u00a0<a href=\"https:\/\/brichacek.blog.idnes.cz\/blog.aspx?c=796522\">B\u0159ich\u00e1\u010dek\u00a0<\/a>i\u00a0<a href=\"https:\/\/neviditelnypes.lidovky.cz\/politika\/polemika-oba-kandidati-jsou-zlem.A230118_151249_p_politika_nef\">Hl\u00e1vka<\/a>), jednou pro v\u017edy zmiz\u00ed z ve\u0159ejn\u00e9 debaty, ten se fat\u00e1ln\u011b m\u00fdlil a mus\u00ed dnes valit o\u010di. Nezmizel. Stal se naopak je\u0161t\u011b nesmi\u0159iteln\u011bj\u0161\u00ed, jakkoli paradoxn\u011b to m\u016f\u017ee zn\u00edt.<\/strong><\/p>\n<p>V boji o to, \u010d\u00ed exkomunista je lep\u0161\u00ed, znesv\u00e1\u0159en\u00e9 t\u00e1bory neznaj\u00ed bratra. A to doslova. Soci\u00e1ln\u00edmi s\u00edt\u011bmi koluj\u00ed v\u00fdst\u0159i\u017eky konverzac\u00ed, ve kter\u00fdch se lid\u00e9 chlub\u00ed t\u0159eba t\u00edm, jak sv\u00fdm senior\u016fm, rodi\u010d\u016fm a prarodi\u010d\u016fm dali pomysln\u00fd n\u016f\u017e na krk. Budou-li volit Babi\u0161e, p\u0159estanou je nav\u0161t\u011bvovat nebo je zbav\u00ed mo\u017enosti v\u00eddat vnou\u010data. M\u00e1me tak p\u0159ed sebou doslova p\u0159irozen\u00fd experiment. Krystali\u010dt\u011bj\u0161\u00ed p\u0159\u00edklad jednoho ze z\u00e1sadn\u00edch argument\u016f, pro\u010d nep\u0159ij\u00edmat koresponden\u010dn\u00ed volbu, bychom hledali jen st\u011b\u017e\u00ed. Ale vzpome\u0148me si na ni i v\u00a0sobotu ve\u010der, kdy budeme b\u011bhem p\u00e1r hodin zn\u00e1t novou hlavu st\u00e1tu, a v\u00fdsledek nebude nik\u00fdm zpochyb\u0148ov\u00e1n. Je to obrovsk\u00e1 hodnota. Mimochodem pan Pavel koresponden\u010dn\u00ed volbu chce, Babi\u0161 ji odm\u00edt\u00e1.<\/p>\n<p>To v\u0161echno a mnoho dal\u0161\u00edho (n\u00e1bojnice, v\u00fdhru\u017en\u00e9 dopisy atd.) se d\u011bje p\u0159esn\u011b 15 let pot\u00e9, co v\u0161ichni hystericky volali po zaveden\u00ed p\u0159\u00edm\u00e9 volby, abychom se pr\u00fd pro p\u0159\u00ed\u0161t\u011b vyhnuli t\u00e9 hr\u016fze, kter\u00e1 se odehr\u00e1vala na spole\u010dn\u00e9 sch\u016fzi parlamentu b\u011bhem posledn\u00ed volby nep\u0159\u00edm\u00e9. V\u00e1clav Klaus tehdy \u0159ekl, \u017ee to byla selanka, v porovn\u00e1n\u00ed s t\u00edm, co se bude d\u00edt p\u0159i p\u0159\u00edm\u00e9 volb\u011b. No, op\u011bt se nem\u00fdlil. Klaus se nem\u00fdl\u00ed nikdy. A kdy\u017e to tak n\u00e1hodou vypad\u00e1, tak to je\u0161t\u011b nen\u00ed konec. To je nads\u00e1zka vlastn\u011b jen z\u010d\u00e1sti. Prezident Zeman si p\u0159\u00edmou volbu naopak pochvaluje, v ned\u00e1vn\u00e9m rozhovoru pro\u00a0<em>XTV<\/em>\u00a0ozna\u010dil kritick\u00fd n\u00e1zor V\u00e1clava Klause na ni za \u201evelk\u00fd nesmysl\u201c. Milo\u0161 Zeman zkr\u00e1tka v\u017edy v\u0161e posuzoval skrze sv\u00e9 zbytn\u011bl\u00e9 ego, skrze sebe sama. Zrady a zhrzenosti minulosti, to jsou motivy, j\u00edm\u017e byl schopen ob\u011btovat cokoli, a to i v\u010detn\u011b stability politick\u00e9ho syst\u00e9mu.<\/p>\n<p>Je\u0161t\u011b\u017ee u\u017e to v\u0161echno bude brzy za n\u00e1mi. Ale bude to za n\u00e1mi? Dost to z\u00e1le\u017e\u00ed na tom, kdo vyhraje. Pravd\u011bpodobn\u011b pan Pavel. Situace se dost zklidn\u00ed. Lid\u00e9, kte\u0159\u00ed jej nevolili, nemaj\u00ed \u010das na protesty, \u017eij\u00ed si sv\u00e9 \u017eivoty, maj\u00ed sv\u00e9 b\u011b\u017en\u00e9 existen\u010dn\u00ed starosti, je mezi nimi m\u00e1lo \u201eprofesion\u00e1ln\u00edch aktivist\u016f\u201c. Budou zklam\u00e1ni, ale jejich zklam\u00e1n\u00ed \u017e\u00e1dn\u00e1 velk\u00e1 televize rozhodn\u011b zesilovat nebude. Ostatn\u011b nebyli to Babi\u0161ovi p\u0159\u00edznivci, kdo systematicky a st\u00e1le agresivn\u011bji naru\u0161oval shrom\u00e1\u017ed\u011bn\u00ed protikandid\u00e1ta, za potlesku m\u00e9di\u00ed a ml\u010den\u00ed vl\u00e1dn\u00ed \u010d\u00e1sti politick\u00e9 sc\u00e9ny.<\/p>\n<p>Prezident Pavel bude nositelem hodnot liber\u00e1ln\u00edho euroamerick\u00e9ho mainstreamu (s\u00a0d\u016frazem na slovo americk\u00fd). Bude produktem sv\u00e9ho okol\u00ed a jeho i sv\u00e9 ambici\u00f3znosti. Hrav\u011b se se Sen\u00e1tem v rukou koalice shodne na kandid\u00e1tech na \u00fastavn\u00ed soudce. Ti budou v \u00fastav\u011b schopni nal\u00e9zat nov\u00e9 kreativn\u00ed v\u00fdklady, podobn\u011b jako se to d\u011bje jinde ve sv\u011bt\u011b. Dominovat budou t\u00e9mata bezpe\u010dnostn\u00ed, ekonomick\u00e9 ot\u00e1zky nikoli. Fakticky prezident ekonomiku nijak neovlivn\u00ed, o rad\u011b \u010cNB je rozhodnuto na p\u0159\u00ed\u0161t\u00edch 6 let.<\/p>\n<p>P\u0159ehnan\u00e9 nad\u011bje a o\u010dek\u00e1v\u00e1n\u00ed, kter\u00e1 si do n\u011bj ale i do jeho protikandid\u00e1ta projektuj\u00ed n\u011bkte\u0159\u00ed voli\u010di, budou z\u00e1konit\u011b zklam\u00e1na. Nem\u016f\u017ee to b\u00fdt jinak. Vol\u00edme si domn\u011bl\u00e9ho mesi\u00e1\u0161e. A p\u0159ijde vyst\u0159\u00edzliv\u011bn\u00ed. V\u00a0mysl\u00edch mnoha ob\u010dan\u016f jsou p\u0159\u00edtomn\u00e9 po\u0161etil\u00e9 p\u0159edstavy a o\u010dek\u00e1v\u00e1n\u00ed, kter\u00e9 se pravideln\u011b zhmot\u0148uj\u00ed ve volebn\u00edch v\u00fdsledc\u00edch. \u017de n\u011bkdo to bude d\u011blat jinak, l\u00e9pe, \u017ee p\u0159ijde politika \u010dist\u00e1 a dokonal\u00e1, \u017ee p\u0159ijde spasitel odn\u011bkud zvn\u011bj\u0161ku syst\u00e9mu a z\u00e1zra\u010dn\u011b v\u0161e vy\u0159e\u0161\u00ed. Propadaj\u00ed j\u00ed pravideln\u011b i nomin\u00e1ln\u011b pom\u011brn\u011b vzd\u011bl\u00e1n\u00ed lid\u00e9 stejn\u011b jako hlup\u00e1ci. Mo\u017en\u00e1 je to t\u00edm mesianismem husitsk\u00e9ho \u201epravda v\u00edt\u011bz\u00ed\u201d, mo\u017en\u00e1 Havlovou nepolitickou politikou, mo\u017en\u00e1 n\u011b\u010d\u00edm jin\u00fdm. Faktem ale z\u016fst\u00e1v\u00e1, \u017ee \u010de\u0161t\u00ed voli\u010di s t\u011bmito nere\u00e1ln\u00fdmi o\u010dek\u00e1v\u00e1n\u00edmi, kter\u00e1 v nich m\u00e9dia neust\u00e1le p\u0159i\u017eivuj\u00ed, s\u00a0pravidelnost\u00ed vkl\u00e1daj\u00ed svou d\u016fv\u011bru v dal\u0161\u00ed a dal\u0161\u00ed politikou nedot\u010den\u00e9 osoby, strany \u010di politick\u00e9 projekty, kter\u00e9 tato jejich nere\u00e1ln\u00e1 o\u010dek\u00e1v\u00e1n\u00ed posl\u00e9ze zcela logicky a s \u017eeleznou pravidelnost\u00ed zklam\u00e1vaj\u00ed. Jakkoli je mo\u017en\u00e9 podobn\u00e9 chov\u00e1n\u00ed vysledovat i v\u00a0zahrani\u010d\u00ed, asi v\u00a0tom je u n\u00e1s hodn\u011b z\u00a0odkazu Havlovy nepolitick\u00e9 politiky.<\/p>\n<p>Ale zp\u011bt k\u00a0potenci\u00e1ln\u00edm v\u00fdsledk\u016fm. Vyhraje-li naopak Andrej Babi\u0161, situace z\u016fstane d\u00e1l vyhrocen\u00e1. Ono tolik om\u00edlan\u00e9 rozd\u011blen\u00ed spole\u010dnosti toti\u017e neznamen\u00e1 nic jin\u00e9ho ne\u017e to, \u017ee jedni jsou nespokojeni s\u00a0volbou t\u011bch druh\u00fdch a nejsou ochotni ji p\u0159ijmout. V\u0161imn\u011bte si, \u017ee kdy\u017e vyhraj\u00ed ty \u201espr\u00e1vn\u00e9\u201c hodnoty, o \u017e\u00e1dn\u00e9m rozd\u011blen\u00ed se nemluv\u00ed, i kdy\u017e evidentn\u011b existuje. Jde pouze a jen o to, kter\u00e1 skupina m\u00e1 \u010das a prost\u0159edky na nikdy nekon\u010d\u00edc\u00ed (anti)kampa\u0148 a prakticky neomezen\u00fd p\u0159\u00edstup do m\u00e9di\u00ed. Asi je jasn\u00e9, kter\u00e1 je kter\u00e1. S v\u00fdhrou Milo\u0161e Zemana se nebyli schopni vyrovnat cel\u00fdch 10 let. Po eventu\u00e1ln\u00ed v\u00fdh\u0159e Babi\u0161e to bude podobn\u00e9, jen o mnoho vyost\u0159en\u011bj\u0161\u00ed.<\/p>\n<p>Bylo vlastn\u011b docela p\u0159\u00edzna\u010dn\u00e9, \u017ee p\u0159\u00edznivci Petra Pavla po \u0158ezn\u00ed\u010dkov\u011b ve\u0159ejnopr\u00e1vn\u00ed \u201edebat\u011b\u201c ani tak nevyjad\u0159ovali nad\u0161en\u00ed nad genialitou sv\u00e9ho kandid\u00e1ta, jako sp\u00ed\u0161 co nejorigin\u00e1ln\u011bj\u0161\u00ed opovr\u017een\u00ed nad t\u00edm druh\u00fdm\u2026 To je zkr\u00e1tka z\u00e1kladn\u00ed emoce t\u011bchto voleb. T\u00e9ma ur\u010duje a s\u00e1m j\u00edm je pouze p\u0159edseda nejsiln\u011bj\u0161\u00ed \u010desk\u00e9 politick\u00e9 strany.<\/p>\n<p>Babi\u0161 ale nezmiz\u00ed, ani kdy\u017e v\u00a0sobotu skon\u010d\u00ed na druh\u00e9m m\u00edst\u011b. U\u017e v prvn\u00edm kole, kdy bylo je\u0161t\u011b na \u201ev\u00fdb\u011br\u201c z\u00a0jin\u00fdch mo\u017enost\u00ed, dostal o p\u016fl milionu v\u00edc hlas\u016f ne\u017e ANO v\u00a0parlamentn\u00edch volb\u00e1ch. Babi\u0161 \u201euklizen\u00fd\u201c na Hrad s hnut\u00edm ANO zbaven\u00fdm jednot\u00edc\u00edho prvku by byl proto nejsp\u00ed\u0161 pro ODS a dal\u0161\u00ed mal\u00e9 strany v\u00fdhodou. V\u00edce ne\u017e Babi\u0161 v \u010dele pos\u00edlen\u00e9 nejsiln\u011bj\u0161\u00ed opozi\u010dn\u00ed strany. Nav\u00edc hlasy pro Petra Pavla jsou z velk\u00e9 \u010d\u00e1sti \u201eantibabi\u0161\u201c. Rozute\u010dou se v\u00a0okam\u017eiku, kdy voli\u010di dostanou lep\u0161\u00ed nab\u00eddku. Pavel pochopiteln\u011b \u017e\u00e1dnou stranu nevytvo\u0159\u00ed. Maj\u00ed-li politologov\u00e9 pravdu a volba Babi\u0161e je vesm\u011bs volbou pozitivn\u00ed, a ne proti n\u011bkomu, pak jsou hlasy, kter\u00e9 u\u017e te\u010f Babi\u0161 m\u00e1, silou mnohem koncentrovan\u011bj\u0161\u00ed a v\u00fdznamn\u011bj\u0161\u00ed, ne\u017e jak se z jeho pravd\u011bpodobn\u00e9 prohry ve druh\u00e9m kole bude na prvn\u00ed pohled zd\u00e1t. Dok\u00e1\u017ee tuto pozici udr\u017eet a\u017e do dal\u0161\u00edch parlamentn\u00edch voleb? Pokles \u017eivotn\u00ed \u00farovn\u011b a popularity vl\u00e1dy by mu v\u00a0tom mohly nem\u00e1lo pomoci.<\/p>\n<p>Kdo v\u00a0pr\u016fb\u011bhu kampan\u011b op\u011bt potvrdil, \u017ee je instituc\u00ed zcela zbyte\u010dnou, je \u010cesk\u00e1 televize. Potvrdila, \u017ee jej\u00ed ve\u0159ejnopr\u00e1vn\u00ed funkce je dokonale zastupiteln\u00e1 komer\u010dn\u00edmi zpravodajsk\u00fdmi kan\u00e1ly, \u017ee je organizac\u00ed, kter\u00e1 zcela opr\u00e1vn\u011bn\u011b vyvol\u00e1v\u00e1 hn\u011bv t\u00e9 \u010d\u00e1sti obyvatelstva, je\u017e je nucena ji platit a z\u00e1rove\u0148 se neztoto\u017e\u0148uje s konkr\u00e9tn\u00edm politick\u00fdm sm\u011brem, kter\u00fd televize evidentn\u011b propaguje. To ona napomohla zni\u010dit d\u016fv\u011bru ob\u010dan\u016f v tzv. tradi\u010dn\u00ed m\u00e9dia a vytla\u010dila je sm\u011brem k\u00a0jin\u00fdm informa\u010dn\u00edm zdroj\u016fm. Jej\u00ed role je neblah\u00e1, ale nikdo s\u00a0n\u00ed nic neud\u011bl\u00e1, ani Pavel, ani \u0160avel.<\/p>\n<p>V\u0161imli jste si, jak se mluv\u00ed o voli\u010d\u00edch Andreje Babi\u0161e? Jak se mnoz\u00ed sna\u017e\u00ed vyhnout jejich ur\u00e1\u017ek\u00e1m, ale nakonec z\u00a0toho vyjde to sam\u00e9? Jak se mluv\u00ed o tom, \u017ee Babi\u0161 svou podlou kampan\u00ed za\u00fato\u010dil na ty \u201enejzraniteln\u011bj\u0161\u00ed\u201c, na ty \u201eco se nemohou br\u00e1nit\u201c, co ani \u201enemohou v\u011bd\u011bt, \u017ee to co tvrd\u00ed, nem\u016f\u017ee b\u00fdt pravda\u201c. Kdy\u017e u\u017e nejsou Babi\u0161ovi voli\u010di p\u0159\u00edmo ur\u00e1\u017eeni, jak o tom psal kolega\u00a0<a href=\"https:\/\/www.institutvk.cz\/clanky\/2231.html\">Ivo Strej\u010dek<\/a>, tak se o nich mluv\u00ed z\u00a0pozice jak\u00e9si p\u0159ez\u00edrav\u00e9 shov\u00edvavosti, m\u00e1lem jako o malomysln\u00fdch. Kdy\u017e tolik chcete \u0159\u00edct, \u017ee jsou to blbci, ale z\u00e1rove\u0148 v\u00edte, \u017ee nem\u016f\u017eete nebo byste nem\u011bli, proto\u017ee jste p\u0159eci ti spr\u00e1vn\u00ed.<\/p>\n<p>Nem\u011blo by cenu neust\u00e1le p\u0159ipom\u00ednat ani to do o\u010d\u00ed bij\u00edc\u00ed farizejstv\u00ed, kdyby lid\u00e9, kte\u0159\u00ed zde roky medi\u00e1ln\u011b terorizuj\u00ed ostatn\u00ed sv\u00fdm moralizov\u00e1n\u00edm a antikomunismem, bez sebemen\u0161\u00edho uzard\u011bn\u00ed a jak\u00e9koli um\u011b\u0159enosti \u010di sebereflexe podporovali p\u0159edsedu ZO KS\u010c a frekventanta rozv\u011bd\u010dick\u00e9ho kurzu a potenci\u00e1ln\u00ed prvn\u00ed d\u00e1mu, absolventku Vojensk\u00e9 politick\u00e9 akademie Klementa Gottwalda. P\u0159edstav\u00edte si, kdyby podobnou historii m\u011bla Livia Klausov\u00e1? O ni\u010dem jin\u00e9m by se nemluvilo.<\/p>\n<p>Ve druh\u00e9m kole z\u00a0tohoto hlediska moc na v\u00fdb\u011br nen\u00ed. Ale opravdu bylo t\u0159eba d\u011blat z\u00a0man\u017eel\u016f Pavlov\u00fdch nositele odkazu V\u00e1clava a Olgy Havlov\u00fdch? Na druhou stranu, jakkoli to m\u016f\u017ee zn\u00edt jako paradoxn\u011b, je v\u00fdb\u011br druh\u00e9ho kola jedn\u00edm z d\u016fsledk\u016f destruktivn\u00ed role V\u00e1clava Havla a jeho systematick\u00e9ho \u00fatoku na politiku a stranictv\u00ed v \u010desk\u00e9m politick\u00e9m syst\u00e9mu. Sv\u00fdm zp\u016fsobem tak \u00fa\u010dastn\u00edci na\u0161\u00ed v\u00edkendov\u00e9 Sofiiny volby nositeli tohoto odkazu skute\u010dn\u011b jsou. Jsou to ale paradoxy, pane Van\u011bk.<\/p>\n<p>Kandid\u00e1t Pavel dnes v\u00a0duelu na serveru\u00a0<em>Novinky.cz<\/em>\u00a0ozna\u010dil za sv\u016fj zahrani\u010dn\u00ed vzor Volodymyra Zelensk\u00e9ho a finskou premi\u00e9rku Sannu Marinovou. Pavel si tedy bere za vzor v\u00e1le\u010dn\u00e9ho prezidenta, kter\u00fd sv\u00e9ho v\u011bhlasu dos\u00e1hl a\u017e ne\u00fastupnost\u00ed ve v\u00e1lce s\u00a0Ruskem, do t\u00e9 doby byla jeho politick\u00e1 dr\u00e1ha, \u0159ekn\u011bme, ukrajinsky \u201eproblematick\u00e1\u201c. Babi\u0161 jmenoval Macrona. Kdo \u017ee n\u00e1s to \u017eene na ten V\u00fdchod, jak \u0159\u00edk\u00e1 pan premi\u00e9r?<\/p>\n<p>Sobotou sice nic nekon\u010d\u00ed, ale i tak. U\u017e aby to bylo za n\u00e1mi.<\/p>\n<p><em>Filip \u0160ebesta, 25. ledna 2023<\/em><\/p>\n<p><a href=\"https:\/\/www.institutvk.cz\/clanky\/2232.html\">Institut V\u00e1clava Klouze<\/a><\/p>\n<p>&nbsp;<\/p>\n<p><img decoding=\"async\" loading=\"lazy\" class=\"wp-image-21721 aligncenter\" src=\"http:\/\/www.infokuryr.cz\/n\/wp-content\/uploads\/2023\/01\/pro-1-300x47.png\" alt=\"\" width=\"670\" height=\"105\" srcset=\"https:\/\/www.infokuryr.cz\/n\/wp-content\/uploads\/2023\/01\/pro-1-300x47.png 300w, https:\/\/www.infokuryr.cz\/n\/wp-content\/uploads\/2023\/01\/pro-1-1024x161.png 1024w, https:\/\/www.infokuryr.cz\/n\/wp-content\/uploads\/2023\/01\/pro-1-768x121.png 768w, https:\/\/www.infokuryr.cz\/n\/wp-content\/uploads\/2023\/01\/pro-1.png 1216w\" sizes=\"(max-width: 670px) 100vw, 670px\" \/><\/p>\n<p>&nbsp;<\/p>\n<p>&nbsp;<\/p>\n","protected":false},"excerpt":{"rendered":"<p>Ten, kdo si naivn\u011b myslel (autor t\u011bchto \u0159\u00e1dek v\u00a0to na okam\u017eik tajn\u011b doufal), \u017ee ve&#8230;<\/p>\n","protected":false},"author":2,"featured_media":21300,"comment_status":"closed","ping_status":"closed","sticky":false,"template":"","format":"standard","meta":[],"categories":[6],"tags":[1042,126,869,27],"_links":{"self":[{"href":"https:\/\/www.infokuryr.cz\/n\/wp-json\/wp\/v2\/posts\/21782"}],"collection":[{"href":"https:\/\/www.infokuryr.cz\/n\/wp-json\/wp\/v2\/posts"}],"about":[{"href":"https:\/\/www.infokuryr.cz\/n\/wp-json\/wp\/v2\/types\/post"}],"author":[{"embeddable":true,"href":"https:\/\/www.infokuryr.cz\/n\/wp-json\/wp\/v2\/users\/2"}],"replies":[{"embeddable":true,"href":"https:\/\/www.infokuryr.cz\/n\/wp-json\/wp\/v2\/comments?post=21782"}],"version-history":[{"count":0,"href":"https:\/\/www.infokuryr.cz\/n\/wp-json\/wp\/v2\/posts\/21782\/revisions"}],"wp:featuredmedia":[{"embeddable":true,"href":"https:\/\/www.infokuryr.cz\/n\/wp-json\/wp\/v2\/media\/21300"}],"wp:attachment":[{"href":"https:\/\/www.infokuryr.cz\/n\/wp-json\/wp\/v2\/media?parent=21782"}],"wp:term":[{"taxonomy":"category","embeddable":true,"href":"https:\/\/www.infokuryr.cz\/n\/wp-json\/wp\/v2\/categories?post=21782"},{"taxonomy":"post_tag","embeddable":true,"href":"https:\/\/www.infokuryr.cz\/n\/wp-json\/wp\/v2\/tags?post=21782"}],"curies":[{"name":"wp","href":"https:\/\/api.w.org\/{rel}","templated":true}]}}