{"id":21781,"date":"2023-01-27T01:07:38","date_gmt":"2023-01-27T00:07:38","guid":{"rendered":"http:\/\/www.infokuryr.cz\/n\/?p=21781"},"modified":"2023-01-26T15:20:34","modified_gmt":"2023-01-26T14:20:34","slug":"putin-leopardi-jedou-na-smrt-ale-jestli-zamori-donbas-ochuzenym-uranem-budeme-to-povazovat-za-jaderny-utok-proti-rusku","status":"publish","type":"post","link":"https:\/\/www.infokuryr.cz\/n\/2023\/01\/27\/putin-leopardi-jedou-na-smrt-ale-jestli-zamori-donbas-ochuzenym-uranem-budeme-to-povazovat-za-jaderny-utok-proti-rusku\/","title":{"rendered":"PUTIN: Leopardi jedou na smrt! Ale jestli zamo\u0159\u00ed Donbas ochuzen\u00fdm uranem, budeme to pova\u017eovat za jadern\u00fd \u00fatok proti Rusku!"},"content":{"rendered":"<div id=\"fb-root\"><\/div>\n<p><a href=\"https:\/\/rmx.news\/article\/german-foreign-minister-we-are-fighting-a-war-with-russia\/\">V\u010dera n\u011bmeck\u00e1 n\u00e1\u010delnice Baerbockov\u00e1 v Reichstagu vyhl\u00e1sila, \u017ee N\u011bmecko je ve v\u00e1lce s Ruskem!<\/a>\u00a0Posledn\u00ed, kdo to z Berl\u00edna hl\u00e1sal, se zast\u0159elil v jeho ruin\u00e1ch. V ty se nyn\u00ed asi op\u011bt pomoc\u00ed atomov\u00e9 z\u00e1\u0159e Berl\u00edn prom\u011bn\u00ed, proto\u017ee ani\u00a0<a href=\"https:\/\/en.topwar.ru\/209538-rossijskij-diplomat-gavrilov-predupredil-o-posledstvijah-vozmozhnogo-ispolzovanija-vsu-snarjadov-s-uranom-dlja-tankov-leopard-2.html\">Rusov\u00e9 nez\u016fstali v\u010dera pozadu a jejich diplomat na jedn\u00e1n\u00ed OBSE ve V\u00eddni sl\u00edbi<\/a>l, \u017ee pokud z\u00e1padn\u00ed tanky zamo\u0159\u00ed Donbas ochuzen\u00fdm rakovinotvorn\u00fdm uranem, stejn\u011b jako to u\u017e ud\u011blaly v Ir\u00e1ku, v S\u00fdrii, a na Balk\u00e1n\u011b,\u00a0<a href=\"https:\/\/tass.com\/russia\/1567173\">bude to Rusko pova\u017eovat za jadern\u00fd \u00fatok \u0161pinavou bombou na sv\u00e9 \u00fazem\u00ed<\/a>! Co bude n\u00e1sledovat, je naps\u00e1no v rusk\u00e9 v\u00e1le\u010dn\u00e9 doktr\u00edn\u011b. Jadern\u00e1 v\u00e1lka se tak op\u011bt o n\u011bco p\u0159ibl\u00ed\u017eila k na\u0161im lo\u017enic\u00edm, a tak si v\u0161e v dne\u0161n\u00ed rann\u00ed anal\u00fdze podrobn\u011bji rozebereme, aby se n\u00e1m d\u00edky pan\u00ed Baerbockov\u00e9 a jej\u00edm fialov\u00fdm nohsled\u016fm dob\u0159e us\u00ednalo, proto\u017ee n\u00e1\u0161 pan gener\u00e1l n\u00e1s v tom srabu nenech\u00e1 samotn\u00e9,\u00a0<a href=\"https:\/\/www.parlamentnilisty.cz\/arena\/monitor\/-Syny-bych-do-valky-poslal-General-Pavel-se-v-CT-nevyhnul-ani-citlivemu-dotazu-727160\">a po\u0161le do v\u00e1lky i sv\u00e9 syny<\/a>!<\/p>\n<p><img decoding=\"async\" loading=\"lazy\" class=\"wp-image-2855 aligncenter\" src=\"https:\/\/www.michalapetr.com\/wp-content\/uploads\/2023\/01\/article_63cb817e813917_11656985.jpeg\" sizes=\"(max-width: 769px) 100vw, 769px\" srcset=\"https:\/\/www.michalapetr.com\/wp-content\/uploads\/2023\/01\/article_63cb817e813917_11656985.jpeg 769w, https:\/\/www.michalapetr.com\/wp-content\/uploads\/2023\/01\/article_63cb817e813917_11656985-300x164.jpeg 300w, https:\/\/www.michalapetr.com\/wp-content\/uploads\/2023\/01\/article_63cb817e813917_11656985-705x385.jpeg 705w, https:\/\/www.michalapetr.com\/wp-content\/uploads\/2023\/01\/article_63cb817e813917_11656985-450x246.jpeg 450w\" alt=\"\" width=\"498\" height=\"272\" \/><\/p>\n<p>Tanky Abrams m\u011bly u\u017e v Ir\u00e1ku \u0161patn\u00e9 zku\u0161enosti z\u00a0<a href=\"https:\/\/en.wikipedia.org\/wiki\/HJ-8\">\u010d\u00ednsk\u00fdmi protitankov\u00fdmi zbran\u011bmi HJ-8, a to nen\u00ed \u017e\u00e1dn\u00ed novinka<\/a>.<\/p>\n<p>Z\u00e1padn\u00ed tanky dod\u00e1van\u00e9 nyn\u00ed na Ukrajinu obsahuj\u00ed ochuzen\u00fd uran, a to ve st\u0159el\u00e1ch, a v panc\u00ed\u0159i. Jakmile tento ochuzen\u00fd uran unikne n\u00e1sledkem boj\u016f do krajiny zp\u016fsobuje prudk\u00fd n\u00e1r\u016fst rakoviny. Podle presti\u017en\u00ed v\u011bdeck\u00e9 studie z roku 2020, kter\u00e9 m\u011b\u0159ila hladiny ochuzen\u00e9ho uranu v krvi ir\u00e1ck\u00fdch \u017een, bylo zji\u0161t\u011bno, \u017ee \u017eeny s rakovinou prsu maj\u00ed v krvi od 19 do 238, pr\u016fm\u011brn\u011b 94 nanogramu ochuzen\u00e9ho uranu na litr krve, zat\u00edm co,\u00a0\u017eeny bez rakoviny prsu, jen 5 a\u017e 18, pr\u016fm\u011brn\u011b 10,5 ng L\u00a0<sup>-1<\/sup>.\u00a0Medic\u00ednsk\u00fd v\u00fdzkum tak jednozna\u010dn\u011b prok\u00e1zal, \u017ee existuje p\u0159\u00edm\u00e1 spojitost mezi ochuzen\u00fdm uranem a n\u011bkolikan\u00e1sobn\u00fdm v\u00fdskytem rakoviny! Obdobn\u011b publikovan\u00e9 star\u0161\u00ed v\u00fdzkumy US Army potvrdily, \u017ee \u0159idi\u010d tanku Abrams je z vlastn\u00edho panc\u00ed\u0159e vystaven siln\u00e9 radiaci, d\u00edky kter\u00e9 m\u016f\u017ee mimo v\u00e1lku str\u00e1vit v tanku 158 dn\u00ed v roce, aby se nep\u0159ekro\u010dila hrani\u010dn\u00ed hodnota oz\u00e1\u0159en\u00ed 500 mrem\/rok. Mnohem v\u011bt\u0161\u00ed oz\u00e1\u0159en\u00ed ne\u017e z panc\u00ed\u0159e ov\u0161em sr\u0161\u00ed ze st\u0159el z ochuzen\u00e9ho uranu. Proto je sm\u011brnic\u00ed US-Army zak\u00e1z\u00e1no mimo \u00fazem\u00ed Ji\u017en\u00ed Koree ukl\u00e1dat st\u0159ely z ochuzen\u00e9ho uranu do tank\u016f a bojov\u00fdch vozidel Bradley, a ani v Koreji se s nimi nesm\u00ed st\u0159\u00edlet. Mnohem hor\u0161\u00ed situace nastane za boje, kdy se st\u0159ely pou\u017e\u00edvaj\u00ed, a nebo, kdy\u017e nep\u0159\u00e1telsk\u00e9 st\u0159ely roztav\u00ed \u010d\u00e1sti panc\u00ed\u0159e s ochuzen\u00fdm uranem. Vzniknou tak jak \u00falomky, kter\u00e9 zra\u0148uj\u00ed, tak mikro\u010d\u00e1stice, kter\u00e9 se vdechuj\u00ed. To v\u0161e potom nebezpe\u010dn\u011b zamo\u0159\u00ed boji\u0161t\u011b na stovky let! (<a href=\"https:\/\/man.fas.org\/dod-101\/sys\/land\/docs\/chapter6.html\">Sm\u011brnice US-Army o ochuzen\u00e9m uranu<\/a>.) (<a href=\"https:\/\/pubmed.ncbi.nlm.nih.gov\/33221962\/\">Studie o rakovin\u011b ir\u00e1ck\u00fdch \u017een<\/a>.)<\/p>\n<p><img decoding=\"async\" loading=\"lazy\" class=\"alignnone  wp-image-2856\" src=\"https:\/\/www.michalapetr.com\/wp-content\/uploads\/2023\/01\/ES_EfBaXgAAYaYg.jpg\" sizes=\"(max-width: 630px) 100vw, 630px\" srcset=\"https:\/\/www.michalapetr.com\/wp-content\/uploads\/2023\/01\/ES_EfBaXgAAYaYg.jpg 630w, https:\/\/www.michalapetr.com\/wp-content\/uploads\/2023\/01\/ES_EfBaXgAAYaYg-300x200.jpg 300w, https:\/\/www.michalapetr.com\/wp-content\/uploads\/2023\/01\/ES_EfBaXgAAYaYg-450x300.jpg 450w\" alt=\"\" width=\"519\" height=\"346\" \/><\/p>\n<p>Tank\u016fm Leopard zase v S\u00fdrii po setk\u00e1n\u00ed s rusk\u00fdmi protitankov\u00fdmi st\u0159elami RPG, odpalovan\u00fdmi na n\u011b p\u011b\u0161\u00edmi islamisty, l\u00e9taly v\u011b\u017ee jako \u0161\u00edlen\u00e9, a\u017e Turci na N\u011bmce zu\u0159ili, co jim to prodali za \u0161rot!\u00a0<a href=\"https:\/\/www.armyweb.cz\/clanek\/rusky-tank-t-90-vydrzel-primy-zasah-rizene-strely-na-bojisti-v-syrii\">T\u00edm sp\u00ed\u0161, \u017ee rusk\u00e9 T-90M, tyto z\u00e1sahy bez probl\u00e9m\u016f p\u0159e\u017eily<\/a>.<\/p>\n<p>USA sl\u00edbili, \u017ee Ukrajin\u011b dodaj\u00ed tanky Abrams, a\u017e je vyrob\u00ed! Toto je velmi nezvykl\u00fd postup, kter\u00fd m\u016f\u017ee znamenat, \u017ee USA bu\u010f necht\u011bj\u00ed, aby<\/p>\n<ol>\n<li>Ukrajin\u011b dodan\u00e9 tanky m\u011bly plnocenn\u00e9 technick\u00e9 vybaven\u00ed \u2013 satelitn\u00ed komunikaci a dal\u0161\u00ed vysoce utajovan\u00e9 p\u0159\u00edstroje<\/li>\n<li>A nebo se pokus\u00ed tank Abrams p\u0159estav\u011bt, tak aby nepou\u017e\u00edval ochuzen\u00fd uran. Je toti\u017e zvl\u00e1\u0161tn\u00ed, \u017ee tanky Abrams nebyly Ukrajin\u011b dod\u00e1ny ihned z Maroka,\u00a0<a href=\"https:\/\/cs.wikipedia.org\/wiki\/M1_Abrams\">kter\u00e9 jich m\u00e1 384 kus\u016f<\/a>, a jist\u011b bez utajovan\u00fdch p\u0159\u00edstroj\u016f,\u00a0<a href=\"https:\/\/www.thedefensepost.com\/2023\/01\/23\/morocco-provide-tanks-ukraine\/\">a\u010dkoli Maroko Ukrajin\u011b tanky T-72 dod\u00e1v\u00e1<\/a>.<\/li>\n<\/ol>\n<p>Mo\u017en\u00fdm hlavn\u00edm probl\u00e9mem je kan\u00f3n tank\u016f Abrams. Jde o n\u011bmeck\u00fd kan\u00f3n Rheinmetall r\u00e1\u017ee 120mm a d\u00e9lky 44 r\u00e1\u017e\u00ed,\u00a0<a href=\"https:\/\/en.wikipedia.org\/wiki\/Rheinmetall_Rh-120\">kter\u00fd se pova\u017euje za neschopn\u00fd,<\/a>\u00a0bez pou\u017eit\u00ed st\u0159el z ochuzen\u00e9ho uranu, pror\u00e1\u017eet panc\u00ed\u0159e modern\u00edch rusk\u00fdch variant tanku T-72. Vzhledem k n\u00e1sledk\u016fm pou\u017e\u00edv\u00e1n\u00ed st\u0159el z ochuzen\u00e9ho uranu, mohou USA tanky pro Ukrajinu cht\u00edt p\u0159estav\u011bt, na kan\u00f3n modern\u00edch n\u011bmeck\u00fdch tank\u016f Leopard 2 Rheinmetall r\u00e1\u017ee 120mm, ale d\u00e9lky 55 r\u00e1\u017e\u00ed, kter\u00fd s pou\u017eit\u00edm wolframov\u00e9ho n\u00e1boje dok\u00e1\u017ee prorazit modern\u00ed rusk\u00e9 varianty T-72, T-80, ale neproraz\u00ed panc\u00ed\u0159 T-90M!\u00a0<a href=\"https:\/\/militarywatchmagazine.com\/article\/how-dangerous-challenger2-ukraine\">Podobn\u011b neproraz\u00ed panc\u00ed\u0159 T-90M ani britsk\u00fd tank Challanger 2, dod\u00e1van\u00fd Ukrajin\u011b<\/a>.<\/p>\n<p><a href=\"https:\/\/www.quora.com\/Does-the-Leopard-2-MBT-have-a-depleted-uranium-APFSDS-round-If-so-what-is-the-rounds-penetration-capabilities\">Pr\u016fraznost st\u0159ely z ochuzen\u00e9ho uranu \u00a0DU M829A3<\/a>\u00a0vyp\u00e1len\u00e9 z kanonu Abrams na 2000m se odhaduje na 800mm modern\u00edho rusk\u00e9ho panc\u00ed\u0159e, n\u011bmeck\u00e9\u00a0<a href=\"https:\/\/www.quora.com\/Does-the-Leopard-2-MBT-have-a-depleted-uranium-APFSDS-round-If-so-what-is-the-rounds-penetration-capabilities\">st\u0159ely z wolframu DM53 pouze na 600\u2013640 mm<\/a>. Panc\u00ed\u0159 tanku\u00a0<a href=\"https:\/\/digitalnicestovatel.cz\/Kontakt-5_Relikt_Malachit\">T-90M ve variant\u011b Kontakt 5<\/a>\u00a0se odhaduje jako \u00fa\u010dinn\u00fd proti st\u0159el\u00e1m s pr\u016fraznost\u00ed 800mm.\u00a0<a href=\"https:\/\/www.armyweb.cz\/clanek\/rusky-tank-t-90-vydrzel-primy-zasah-rizene-strely-na-bojisti-v-syrii\">Rusk\u00e9 T-90 vydr\u017eely na boji\u0161ti v S\u00fdrii i p\u0159\u00edm\u00e9 z\u00e1sahy raketami<\/a>. N\u011bkolik m\u00e1lo des\u00edtek jich bylo zni\u010deno na Ukrajin\u011b, ale tak\u0159ka v\u00fdlu\u010dn\u011b star\u0161\u00edch variant, ne\u017e T-90M a vy\u0161\u0161\u00ed varianty, kter\u00e9 nyn\u00ed rusk\u00e1 arm\u00e1da \u010dasto pou\u017e\u00edv\u00e1! V p\u0159\u00edpad\u011b Leopard\u016f \u2013 pouze n\u011bkter\u00e9 varianty, typicky varianty 2A6 a vy\u0161\u0161\u00ed maj\u00ed m\u00edsto kan\u00f3nu L-44, kter\u00fd je proti\u00a0 absolutn\u00ed v\u011bt\u0161in\u011b rusk\u00fdch tank\u016fm ne\u00fa\u010dinn\u00fd, kanon L-55.<\/p>\n<p>Na z\u00e1v\u011br, jak\u00fd je rozd\u00edl mezi st\u0159elou z ochuzen\u00e9ho uranu, a z uranu.<\/p>\n<p class=\"q-text qu-display--block qu-wordBreak--break-word qu-textAlign--start\">Kdy\u017e st\u0159ela z ochuzen\u00e9ho uranu naraz\u00ed na tvrd\u00fd povrch, jako je panc\u00ed\u0159, \u0161pi\u010dka st\u0159ely se rozlom\u00ed, a stane se je\u0161t\u011b ost\u0159ej\u0161\u00ed ne\u017e p\u0159ed n\u00e1razem.\u00a0Tato vlastnost je zn\u00e1m\u00e1 jako samoost\u0159en\u00ed uranov\u00fdch st\u0159el. D\u00edky t\u00e9to vlastnosti je uran mnohem \u00fa\u010dinn\u011bj\u0161\u00ed p\u0159i pr\u016fniku panc\u00ed\u0159em, ne\u017e jin\u00fd kov. Wolfram se chov\u00e1 opa\u010dn\u011b, p\u0159i n\u00e1razu, se tam, kde se uran rozpadne a naost\u0159\u00ed, jen otup\u00ed. Dal\u0161\u00ed vlastnost\u00ed Uranu je. \u017ee na rozd\u00edl od jin\u00fdch kov\u016f, po prora\u017een\u00ed panc\u00ed\u0159e, n\u00e1sledkem t\u0159en\u00ed vzplane. Pronikne do tanku jako roz\u017ehaven\u00fd kulov\u00fd plasmov\u00fd blesk, a cel\u00fd tank podp\u00e1l\u00ed, a\u017e vybuchne. Nev\u00fdhodou je, \u017ee uranov\u00e1 st\u0159ela se p\u0159i pr\u016fniku panc\u00ed\u0159em prom\u011bn\u00ed v \u00falomky, prach a mikro\u010d\u00e1stice, a ty cel\u00e9 okol\u00ed v\u00fdbuchu na v\u011bky zamo\u0159\u00ed!<\/p>\n<p><a href=\"https:\/\/www.michalapetr.com\/map-1580-putin-leopardi-jedou-na-smrt-ale-jestli-zamori-donbas-ochuzenym-uranem-budeme-to-povazovat-za-jaderny-utok-proti-rusku\/\">Michael Svato\u0161<\/a><\/p>\n<p>&nbsp;<\/p>\n<p><img decoding=\"async\" loading=\"lazy\" class=\"wp-image-21721 aligncenter\" src=\"http:\/\/www.infokuryr.cz\/n\/wp-content\/uploads\/2023\/01\/pro-1-300x47.png\" alt=\"\" width=\"696\" height=\"109\" srcset=\"https:\/\/www.infokuryr.cz\/n\/wp-content\/uploads\/2023\/01\/pro-1-300x47.png 300w, https:\/\/www.infokuryr.cz\/n\/wp-content\/uploads\/2023\/01\/pro-1-1024x161.png 1024w, https:\/\/www.infokuryr.cz\/n\/wp-content\/uploads\/2023\/01\/pro-1-768x121.png 768w, https:\/\/www.infokuryr.cz\/n\/wp-content\/uploads\/2023\/01\/pro-1.png 1216w\" sizes=\"(max-width: 696px) 100vw, 696px\" \/><\/p>\n<p>&nbsp;<\/p>\n","protected":false},"excerpt":{"rendered":"<p>V\u010dera n\u011bmeck\u00e1 n\u00e1\u010delnice Baerbockov\u00e1 v Reichstagu vyhl\u00e1sila, \u017ee N\u011bmecko je ve v\u00e1lce s Ruskem!\u00a0Posledn\u00ed, kdo&#8230;<\/p>\n","protected":false},"author":2,"featured_media":992,"comment_status":"closed","ping_status":"closed","sticky":false,"template":"","format":"standard","meta":[],"categories":[6],"tags":[1042,220,102,22,73],"_links":{"self":[{"href":"https:\/\/www.infokuryr.cz\/n\/wp-json\/wp\/v2\/posts\/21781"}],"collection":[{"href":"https:\/\/www.infokuryr.cz\/n\/wp-json\/wp\/v2\/posts"}],"about":[{"href":"https:\/\/www.infokuryr.cz\/n\/wp-json\/wp\/v2\/types\/post"}],"author":[{"embeddable":true,"href":"https:\/\/www.infokuryr.cz\/n\/wp-json\/wp\/v2\/users\/2"}],"replies":[{"embeddable":true,"href":"https:\/\/www.infokuryr.cz\/n\/wp-json\/wp\/v2\/comments?post=21781"}],"version-history":[{"count":0,"href":"https:\/\/www.infokuryr.cz\/n\/wp-json\/wp\/v2\/posts\/21781\/revisions"}],"wp:featuredmedia":[{"embeddable":true,"href":"https:\/\/www.infokuryr.cz\/n\/wp-json\/wp\/v2\/media\/992"}],"wp:attachment":[{"href":"https:\/\/www.infokuryr.cz\/n\/wp-json\/wp\/v2\/media?parent=21781"}],"wp:term":[{"taxonomy":"category","embeddable":true,"href":"https:\/\/www.infokuryr.cz\/n\/wp-json\/wp\/v2\/categories?post=21781"},{"taxonomy":"post_tag","embeddable":true,"href":"https:\/\/www.infokuryr.cz\/n\/wp-json\/wp\/v2\/tags?post=21781"}],"curies":[{"name":"wp","href":"https:\/\/api.w.org\/{rel}","templated":true}]}}