{"id":21779,"date":"2023-01-27T01:06:09","date_gmt":"2023-01-27T00:06:09","guid":{"rendered":"http:\/\/www.infokuryr.cz\/n\/?p=21779"},"modified":"2023-01-26T15:16:02","modified_gmt":"2023-01-26T14:16:02","slug":"jindrich-kulhavy-boj-vrcholi-drzime-ti-palce-republiko","status":"publish","type":"post","link":"https:\/\/www.infokuryr.cz\/n\/2023\/01\/27\/jindrich-kulhavy-boj-vrcholi-drzime-ti-palce-republiko\/","title":{"rendered":"Jind\u0159ich Kulhav\u00fd: Boj vrchol\u00ed, dr\u017e\u00edme Ti palce republiko"},"content":{"rendered":"<div id=\"fb-root\"><\/div>\n<p><span class=\"anotation\">Dne\u0161n\u00edm dnem vrchol\u00ed snaha dvou nej\u00fasp\u011b\u0161n\u011bj\u0161\u00edch kandid\u00e1t\u016f na post prezidenta republiky. N\u00e1hle uzdraven\u00fd Petr Pavel \u010d\u00e1ste\u010dn\u011b zaplnil Starom\u011bstsk\u00e9 n\u00e1m\u011bst\u00ed, aby pot\u00e9 stihnul prvn\u00ed trochu korektn\u011bj\u0161\u00ed debatu na Prima-CNN. Andrej Babi\u0161 naopak po v\u00fdhru\u017ek\u00e1ch a extempore v Jablonci, kdy ho agresivn\u00ed fanou\u0161ci gener\u00e1la Pavla nenechali ani doj\u00edt na m\u00edsto kon\u00e1n\u00ed m\u00edtinku, ukon\u010dil ji\u017e d\u0159\u00edve kontaktn\u00ed kampa\u0148 s voli\u010di. V kontrastu s t\u00edm ne\u010dekan\u011b p\u0159i\u0161el do \u010cT a zmaten\u00e9ho Petra Pavla sv\u00fdm zp\u016fsobem i p\u0159es obrovsk\u00e9 nasazen\u00ed moder\u00e1tora ve prosp\u011bch protikandid\u00e1ta zesm\u011b\u0161nil. Nikoliv chov\u00e1n\u00edm, ale sp\u00ed\u0161e znalostmi politick\u00e9ho a ekonomick\u00e9ho prost\u0159ed\u00ed.\u00a0<\/span><\/p>\n<div id=\"pagetext\">\n<p>\u00a0Z\u00edtra je p\u00e1tek, otev\u0159ou se dve\u0159e volebn\u00edch m\u00edstnost\u00ed a po dva necel\u00e9 dny se budete moct rozhodnout o sv\u00e9 bl\u00edzk\u00e9 budoucnosti. Petr Pavel p\u0159edstavuje spojen\u00ed Hradu s komorami Parlamentu \u010cR, kde m\u00e1 P\u011btikoalice prost\u011b navrch. Andrej Babi\u0161 je tv\u00e1\u0159\u00ed i hlavou hnut\u00ed ANO, p\u0159i\u010dem\u017e se p\u0159\u00edli\u0161 nem\u016f\u017ee op\u0159\u00edt ani o lav\u00edruj\u00edc\u00ed SPD s Okamurou v \u010dele. Ten se posledn\u00ed dobou chov\u00e1 zvl\u00e1\u0161tn\u011b a zcela nepochopiteln\u011b pro v\u011bt\u0161inu p\u0159\u00edznivc\u016f SPD se p\u0159ikl\u00e1m\u00ed ke spolupr\u00e1ci s Fialou. Mo\u017en\u00e1 t\u00edm pr\u00e1v\u011b svou stranu poh\u0159b\u00edv\u00e1, proto\u017ee v z\u00e1kulis\u00ed posiluje nov\u011b utvo\u0159en\u00e1 PRO, kter\u00e1 v dal\u0161\u00edch parlamentn\u00edch volb\u00e1ch m\u016f\u017ee odeslat t\u00e1paj\u00edc\u00ed SPD do propadli\u0161t\u011b d\u011bjin.<\/p>\n<p>Jestli\u017ee se zd\u00e1, \u017ee m\u00e1 Petr Pavel n\u00e1skok, co\u017e d\u00edky medi\u00e1ln\u00edmu prot\u011b\u017eov\u00e1n\u00ed vypad\u00e1 jako jistota, pak s\u00e1zkov\u00e9 kancel\u00e1\u0159e vyhla\u0161uj\u00ed zm\u011bnu v po\u010d\u00e1te\u010dn\u00edm trendu a \u0161ance obou kandid\u00e1t\u016f se vyrovn\u00e1vaj\u00ed. Podpora Pavla je zjevn\u00e1 u obvykl\u00fdch liber\u00e1l\u016f z um\u011bleck\u00e9ho sv\u011bta, ov\u0161em lid\u00e9, kte\u0159\u00ed um\u00ed po\u010d\u00edtat, se Pavlova ta\u017een\u00ed na Hrad hroz\u00ed. P\u0159esto mezi jeho fanou\u0161ky najdete i ty, kte\u0159\u00ed bez ostychu pob\u00edrali r\u016fzn\u00e9 podpory v dob\u011b pandemie a zneu\u017e\u00edvali situace k dvoj\u00edm p\u0159\u00edjm\u016fm, aby nyn\u00ed nemohli Babi\u0161ovi p\u0159ij\u00edt na jm\u00e9no.<\/p>\n<p>Babi\u0161 m\u00e1 t\u011b\u017e\u0161\u00ed pozici, na rozd\u00edl od Pavla vedl zemi v nejt\u011b\u017e\u0161\u00ed dob\u011b a zdaleka ne v\u0161e bylo ide\u00e1ln\u00ed \u010di n\u011bkter\u00e1 opat\u0159en\u00ed \u00fanosn\u00e1. To mu nad\u011blalo dost nep\u0159\u00e1tel, nav\u00edc Fiala na n\u011bm 8 let nenech\u00e1val nit suchou. I p\u0159es Antibabi\u0161e mu do Parlamentu a vl\u00e1dy musel pomoct sv\u00fdm \u010darov\u00e1n\u00edm s p\u0159edvolebn\u00edmi koalicemi p\u0159edseda \u00dastavn\u00edho soudu Rychetsk\u00fd a v\u00fdhra nebyla zrovna v\u00fdrazn\u00e1. Respektive nebyla by \u017e\u00e1dn\u00e1, kdy\u017e by Top09 a Pir\u00e1ti ze Sn\u011bmovny po pr\u00e1vu vypadnuli. V\u00fdsledky tomu odpov\u00eddaly.\u00a0 Z toho vypl\u00fdv\u00e1, \u017ee Babi\u0161ovi z\u016fstalo relativn\u011b dost p\u0159\u00edznivc\u016f a m\u016f\u017ee Pavla p\u0159etla\u010dit. Podobnou situaci jsme tu m\u011bli v dob\u011b duel Draho\u0161-Zeman. Jak to dopadlo, to u\u017e v\u00edme.<\/p>\n<p>Z\u00edtra a v sobotu se tedy m\u016f\u017eete rozhodnout mezi v\u00e1le\u010dn\u00edkem Petrem Pavlem a star\u00fdm politicko-podnikatelsk\u00fdm harcovn\u00edkem Andrejem Babi\u0161em. Mezi Fialovo klikou a \u010d\u00e1st\u00ed opozice. Mezi extr\u00e9mn\u011b profituj\u00edc\u00edm \u010cEZem na Va\u0161ich pen\u011b\u017eenk\u00e1ch a \u010cEZem dod\u00e1vaj\u00edc\u00edm elekt\u0159inu \u010cech\u016fm za solidn\u00ed ceny. Mezi ukrajinizac\u00ed a snahou ovlivnit p\u0159ibl\u00ed\u017een\u00ed se k jedn\u00e1n\u00ed o m\u00edru. Mezi brannou povinnost\u00ed a z\u016fst\u00e1n\u00edm mu\u017e\u016f u sv\u00fdch rodin. Mezi americko-unijn\u00edm \u0159i\u0165olezectv\u00edm a pokusem udr\u017eet st\u00e1tn\u00ed svrchovanost. Mezi politickou naivnost\u00ed a ji\u017e existuj\u00edc\u00edmi kontakty se zahrani\u010dn\u00edmi hlavami st\u00e1tu. U Pavla v\u00edte p\u0159esn\u011b, na \u010dem jste. U Babi\u0161e jste naprosto v nejistot\u011b, s \u010d\u00edm p\u0159ijde. Tak to prost\u011b je a z\u00e1le\u017e\u00ed na V\u00e1s, jak se rozhodnete. Nakonec bude stejn\u011b d\u016fle\u017eit\u00e9, kdo a jak poctiv\u011b bude po\u010d\u00edtat odevzdan\u00e9 hlasy. A up\u0159\u00edmn\u011b, to pova\u017eujeme za velmi nejistou prom\u011bnnou, kter\u00e1 m\u016f\u017ee i z dal\u0161\u00edch voleb ud\u011blat fra\u0161ku. V\u0161ichni v\u00edme,kam a\u017e dos\u00e1hnou prsty Sorose. Tak Ti n\u00e1rode dr\u017e\u00edme palce.<\/p>\n<p><a href=\"https:\/\/www.inadhled.live\/zajimavosti\/boj-vrcholi-drzime-ti-palce-republiko\/\">Jind\u0159ich Kulhav\u00fd<\/a><\/p>\n<\/div>\n<p>&nbsp;<\/p>\n<p><img decoding=\"async\" loading=\"lazy\" class=\"wp-image-21721 aligncenter\" src=\"http:\/\/www.infokuryr.cz\/n\/wp-content\/uploads\/2023\/01\/pro-1-300x47.png\" alt=\"\" width=\"689\" height=\"108\" srcset=\"https:\/\/www.infokuryr.cz\/n\/wp-content\/uploads\/2023\/01\/pro-1-300x47.png 300w, https:\/\/www.infokuryr.cz\/n\/wp-content\/uploads\/2023\/01\/pro-1-1024x161.png 1024w, https:\/\/www.infokuryr.cz\/n\/wp-content\/uploads\/2023\/01\/pro-1-768x121.png 768w, https:\/\/www.infokuryr.cz\/n\/wp-content\/uploads\/2023\/01\/pro-1.png 1216w\" sizes=\"(max-width: 689px) 100vw, 689px\" \/><\/p>\n<p>&nbsp;<\/p>\n","protected":false},"excerpt":{"rendered":"<p>Dne\u0161n\u00edm dnem vrchol\u00ed snaha dvou nej\u00fasp\u011b\u0161n\u011bj\u0161\u00edch kandid\u00e1t\u016f na post prezidenta republiky. N\u00e1hle uzdraven\u00fd Petr Pavel&#8230;<\/p>\n","protected":false},"author":2,"featured_media":21780,"comment_status":"closed","ping_status":"closed","sticky":false,"template":"","format":"standard","meta":[],"categories":[6],"tags":[126,29,869,27],"_links":{"self":[{"href":"https:\/\/www.infokuryr.cz\/n\/wp-json\/wp\/v2\/posts\/21779"}],"collection":[{"href":"https:\/\/www.infokuryr.cz\/n\/wp-json\/wp\/v2\/posts"}],"about":[{"href":"https:\/\/www.infokuryr.cz\/n\/wp-json\/wp\/v2\/types\/post"}],"author":[{"embeddable":true,"href":"https:\/\/www.infokuryr.cz\/n\/wp-json\/wp\/v2\/users\/2"}],"replies":[{"embeddable":true,"href":"https:\/\/www.infokuryr.cz\/n\/wp-json\/wp\/v2\/comments?post=21779"}],"version-history":[{"count":0,"href":"https:\/\/www.infokuryr.cz\/n\/wp-json\/wp\/v2\/posts\/21779\/revisions"}],"wp:featuredmedia":[{"embeddable":true,"href":"https:\/\/www.infokuryr.cz\/n\/wp-json\/wp\/v2\/media\/21780"}],"wp:attachment":[{"href":"https:\/\/www.infokuryr.cz\/n\/wp-json\/wp\/v2\/media?parent=21779"}],"wp:term":[{"taxonomy":"category","embeddable":true,"href":"https:\/\/www.infokuryr.cz\/n\/wp-json\/wp\/v2\/categories?post=21779"},{"taxonomy":"post_tag","embeddable":true,"href":"https:\/\/www.infokuryr.cz\/n\/wp-json\/wp\/v2\/tags?post=21779"}],"curies":[{"name":"wp","href":"https:\/\/api.w.org\/{rel}","templated":true}]}}