{"id":21778,"date":"2023-01-27T01:05:59","date_gmt":"2023-01-27T00:05:59","guid":{"rendered":"http:\/\/www.infokuryr.cz\/n\/?p=21778"},"modified":"2023-01-26T15:09:55","modified_gmt":"2023-01-26T14:09:55","slug":"ivan-david-general-pavel-a-nefinancni-plneni","status":"publish","type":"post","link":"https:\/\/www.infokuryr.cz\/n\/2023\/01\/27\/ivan-david-general-pavel-a-nefinancni-plneni\/","title":{"rendered":"Ivan David: Gener\u00e1l Pavel a nefinan\u010dn\u00ed pln\u011bn\u00ed"},"content":{"rendered":"<div id=\"fb-root\"><\/div>\n<p><strong>M\u00e1me v\u00a0\u010cR tak\u00e9 \u201e\u00da\u0159ad pro dohled nad hospoda\u0159en\u00edm politick\u00fdch stran a\u00a0hnut\u00ed\u201c. Pe\u010dliv\u011b sleduje hospoda\u0159en\u00ed. \u00da\u010detnictv\u00ed mus\u00ed b\u00fdt pr\u016fhledn\u00e9 jako sklo. V\u00a0dob\u011b voleb mus\u00ed v\u00e9st strany \u201etransparentn\u00ed volebn\u00ed \u00fa\u010dty\u201c. Sleduj\u00ed tak\u00e9 \u201enefinan\u010dn\u00ed pln\u011bn\u00ed\u201c. T\u00edm se rozum\u00ed dary a\u00a0slu\u017eby, za kter\u00e9 obdarovan\u00fd neplat\u00ed, ale zapo\u010d\u00edt\u00e1vaj\u00ed se podle sv\u00e9 finan\u010dn\u00ed hodnoty. To m\u00e1 ov\u0161em h\u00e1\u010dek. Nezapo\u010d\u00edt\u00e1vaj\u00ed se v\u0161echny slu\u017eby, i\u00a0kdy\u017e jejich hodnota je velmi vysok\u00e1.<\/strong><\/p>\n<p>Co t\u00edm rozum\u00edm? P\u0159edev\u0161\u00edm obrovskou pomoc m\u00e9di\u00ed volebn\u00edm subjekt\u016fm a\u00a0kandid\u00e1t\u016fm, kte\u0159\u00ed dost\u00e1vaj\u00ed v\u00a0m\u00e9di\u00edch prostor nav\u00edc oproti konkurent\u016fm, a\u00a0nejen to, moder\u00e1to\u0159i jim kladou ot\u00e1zky na n\u011b\u017e je radost odpov\u00eddat, a\u00a0naopak nekladou ot\u00e1zky nep\u0159\u00edjemn\u00e9. Pokud jsou v\u00a0diskuzi protistranou grilov\u00e1ni, pak p\u0159eru\u0161\u00ed grilov\u00e1n\u00ed sk\u00e1k\u00e1n\u00edm do \u0159e\u010di oponentovi. Sem pat\u0159\u00ed tak\u00e9 \u010dl\u00e1nky v\u00a0m\u00e9di\u00edch, kter\u00e9 jsou pochvaln\u00e9. A\u00a0co teprve dokole\u010dka inzerovan\u00e9 v\u00fdsledky \u00fadajn\u00fdch zcela neov\u011b\u0159iteln\u00fdch pr\u016fzkum\u016f ve\u0159ejn\u00e9ho m\u00edn\u011bn\u00ed? Nebudeme p\u0159ece h\u00e1jit d\u011btinsk\u00e9 tvrzen\u00ed, \u017ee na\u0161e m\u00edn\u011bn\u00edtvorn\u00e1 m\u00e9dia aspo\u0148 ta \u201eve\u0159ejnopr\u00e1vn\u00ed\u201c jsou objektivn\u00ed a\u00a0vyv\u00e1\u017een\u00e1. To by to tu zav\u00e1n\u011blo p\u0159\u00edli\u0161nou demokraci\u00ed.<\/p>\n<p>Tato podpora by m\u011bla b\u00fdt d\u016fsledn\u011b vy\u010d\u00edslena, v\u017edy\u0165 \u010das v\u00a0m\u00e9di\u00edch n\u011bco stoj\u00ed a\u00a0reklamn\u00ed plocha tak\u00e9. M\u011bla by, ale nen\u00ed. To by takov\u00fd Petr Pavel d\u00e1vno p\u0159ekro\u010dil n\u011bkolikan\u00e1sobn\u011b z\u00e1konn\u00fd limit pro financov\u00e1n\u00ed kandid\u00e1t\u016f. Ani se neptejme na profit mocn\u00fdch podporovatel\u016f, finan\u010dn\u00edch i\u00a0nefinan\u010dn\u00edch p\u0159isp\u011bvatel\u016f do kampan\u011b, redaktor\u016f a\u00a0moder\u00e1tor\u016f.<\/p>\n<p>Vedle bonus\u016f ov\u0161em existuj\u00ed i\u00a0malusy, jak je zn\u00e1me z\u00a0poji\u0161t\u011bn\u00ed. I\u00a0ty by bylo nanejv\u00fd\u0161 korektn\u00ed zapo\u010d\u00edt\u00e1vat.<\/p>\n<p>Co t\u00edm m\u00edn\u00edm?<\/p>\n<p>Samoz\u0159ejm\u011b nezvan\u00ed do m\u00e9di\u00ed politik\u016f, kte\u0159\u00ed maj\u00ed b\u00fdt utajeni p\u0159ed ve\u0159ejnost\u00ed, jsou-li u\u017e pozv\u00e1ni, pak budi\u017e atakov\u00e1ni podp\u00e1sov\u00fdmi ot\u00e1zkami se l\u017eiv\u00fdmi tvrzen\u00edmi, cht\u011bj\u00ed-li se obh\u00e1jit, pak je t\u0159eba sk\u00e1kat do \u0159e\u010di. Lze p\u0159ipojit opakovan\u00e9 publikov\u00e1n\u00ed manipulativn\u00edch tvrzen\u00ed a\u00a0l\u017eiv\u00fdch dehonestac\u00ed. I\u00a0to vy\u017eaduje medi\u00e1ln\u00ed prostor, kter\u00fd lze vy\u010d\u00edslit. M\u011bl by b\u00fdt ode\u010dten od volebn\u00edho finan\u010dn\u00edho limitu zneva\u017eovan\u00fdch stran a\u00a0politik\u016f, nebo je\u0161t\u011b l\u00e9pe, p\u0159i\u010dten k\u00a0limitu stran a\u00a0kandid\u00e1t\u016f prot\u00e9\u017eovan\u00fdch, nap\u0159\u00edklad gener\u00e1la Pavla nebo Danu\u0161e Nerudov\u00e9.<\/p>\n<p>Samoz\u0159ejm\u011b, \u017ee p\u011btikoalice a\u00a0v\u00edt\u011bz\u00edc\u00ed politi\u010dt\u00ed \u0161\u00edb\u0159i se tomu mohou jen sm\u00e1t. \u0158ekli by pod rou\u0161kou nezve\u0159ejnitelnosti: \u201eOvl\u00e1dli jsme st\u00e1t, rozhodujeme o\u00a0va\u0161ich pen\u011bz\u00edch a\u00a0va\u0161em ve\u0159ejn\u00e9m m\u00edn\u011bn\u00ed, a\u00a0budeme s\u00a0t\u00edm pokra\u010dovat dokud to p\u016fjde, tak se s\u00a0t\u00edm smi\u0159te holoubkov\u00e9!\u201c<\/p>\n<p><a href=\"https:\/\/www.novarepublika.online\/2023\/01\/general-pavel-a-nefinancni-plneni\">MUDr. Ivan David, CSc.<\/a><\/p>\n<p><img decoding=\"async\" loading=\"lazy\" class=\"alignnone size-medium wp-image-922\" src=\"http:\/\/www.infokuryr.cz\/n\/wp-content\/uploads\/2021\/04\/Ivan-David-1-222x300.jpg\" alt=\"\" width=\"222\" height=\"300\" srcset=\"https:\/\/www.infokuryr.cz\/n\/wp-content\/uploads\/2021\/04\/Ivan-David-1-222x300.jpg 222w, https:\/\/www.infokuryr.cz\/n\/wp-content\/uploads\/2021\/04\/Ivan-David-1.jpg 466w\" sizes=\"(max-width: 222px) 100vw, 222px\" \/><\/p>\n<p>&nbsp;<\/p>\n<p><img decoding=\"async\" loading=\"lazy\" class=\"wp-image-21721 aligncenter\" src=\"http:\/\/www.infokuryr.cz\/n\/wp-content\/uploads\/2023\/01\/pro-1-300x47.png\" alt=\"\" width=\"696\" height=\"109\" srcset=\"https:\/\/www.infokuryr.cz\/n\/wp-content\/uploads\/2023\/01\/pro-1-300x47.png 300w, https:\/\/www.infokuryr.cz\/n\/wp-content\/uploads\/2023\/01\/pro-1-1024x161.png 1024w, https:\/\/www.infokuryr.cz\/n\/wp-content\/uploads\/2023\/01\/pro-1-768x121.png 768w, https:\/\/www.infokuryr.cz\/n\/wp-content\/uploads\/2023\/01\/pro-1.png 1216w\" sizes=\"(max-width: 696px) 100vw, 696px\" \/><\/p>\n<p>&nbsp;<\/p>\n","protected":false},"excerpt":{"rendered":"<p>M\u00e1me v\u00a0\u010cR tak\u00e9 \u201e\u00da\u0159ad pro dohled nad hospoda\u0159en\u00edm politick\u00fdch stran a\u00a0hnut\u00ed\u201c. Pe\u010dliv\u011b sleduje hospoda\u0159en\u00ed. \u00da\u010detnictv\u00ed&#8230;<\/p>\n","protected":false},"author":2,"featured_media":21064,"comment_status":"closed","ping_status":"closed","sticky":false,"template":"","format":"standard","meta":[],"categories":[6],"tags":[1042,158,1173,4226],"_links":{"self":[{"href":"https:\/\/www.infokuryr.cz\/n\/wp-json\/wp\/v2\/posts\/21778"}],"collection":[{"href":"https:\/\/www.infokuryr.cz\/n\/wp-json\/wp\/v2\/posts"}],"about":[{"href":"https:\/\/www.infokuryr.cz\/n\/wp-json\/wp\/v2\/types\/post"}],"author":[{"embeddable":true,"href":"https:\/\/www.infokuryr.cz\/n\/wp-json\/wp\/v2\/users\/2"}],"replies":[{"embeddable":true,"href":"https:\/\/www.infokuryr.cz\/n\/wp-json\/wp\/v2\/comments?post=21778"}],"version-history":[{"count":0,"href":"https:\/\/www.infokuryr.cz\/n\/wp-json\/wp\/v2\/posts\/21778\/revisions"}],"wp:featuredmedia":[{"embeddable":true,"href":"https:\/\/www.infokuryr.cz\/n\/wp-json\/wp\/v2\/media\/21064"}],"wp:attachment":[{"href":"https:\/\/www.infokuryr.cz\/n\/wp-json\/wp\/v2\/media?parent=21778"}],"wp:term":[{"taxonomy":"category","embeddable":true,"href":"https:\/\/www.infokuryr.cz\/n\/wp-json\/wp\/v2\/categories?post=21778"},{"taxonomy":"post_tag","embeddable":true,"href":"https:\/\/www.infokuryr.cz\/n\/wp-json\/wp\/v2\/tags?post=21778"}],"curies":[{"name":"wp","href":"https:\/\/api.w.org\/{rel}","templated":true}]}}