{"id":21776,"date":"2023-01-27T01:03:02","date_gmt":"2023-01-27T00:03:02","guid":{"rendered":"http:\/\/www.infokuryr.cz\/n\/?p=21776"},"modified":"2023-01-26T15:00:33","modified_gmt":"2023-01-26T14:00:33","slug":"jana-putzlacher-temne-pozadi-ceny-pro-kterou-si-caputova-dojela-do-berlina","status":"publish","type":"post","link":"https:\/\/www.infokuryr.cz\/n\/2023\/01\/27\/jana-putzlacher-temne-pozadi-ceny-pro-kterou-si-caputova-dojela-do-berlina\/","title":{"rendered":"Jana Putzlacher: Temn\u00e9 pozad\u00ed ceny, pro kterou si \u010caputov\u00e1 dojela do Berl\u00edna"},"content":{"rendered":"<div id=\"fb-root\"><\/div>\n<p><strong>Mainstreamov\u00e1 m\u00e9dia a lichotn\u00edci nejr\u016fzn\u011bj\u0161\u00edch druh\u016f se nemohla odtrhnout od chv\u00e1ly slovensk\u00e9 prezidentky Zuzany \u010caputov\u00e9, kter\u00e1 p\u0159ed n\u011bkolika dny v Berl\u00edn\u011b z\u00edskala Schwarzkopfovu evropskou cenu. Jej\u00ed nositele vyb\u00edr\u00e1 porota mlad\u00fdch Evropan\u016f, kter\u00fdm Schwarzkopfova nadace d\u00e1v\u00e1 mo\u017enost vyznamenat osobnosti a organizace, kter\u00e9 z pohledu mlad\u00fdch mimo\u0159\u00e1dn\u011b p\u0159isp\u011bly k evropsk\u00e9mu porozum\u011bn\u00ed a k pos\u00edlen\u00ed evropsk\u00fdch ide\u00e1l\u016f. S touto nadac\u00ed a samotnou cenou je to v\u0161ak pon\u011bkud slo\u017eit\u011bj\u0161\u00ed, ne\u017e by se na prvn\u00ed pohled, mo\u017en\u00e1 zvl\u00e1\u0161t\u011b mlad\u00fdm lidem bez znalosti minulosti, mohlo zd\u00e1t. Na Facebooku se nad temn\u00fdm pozad\u00edm Schwarzkopfovy ceny zamyslel slovensk\u00fd politolog Eduard Chmel\u00e1r.<\/strong><\/p>\n<p>Schwarzkopfova cena vede k my\u0161lence, \u017ee slovensk\u00e1 prezidentka ji dostala za nejl\u00e9pe nalakovan\u00e9 vlasy na kontinentu nebo za reklamu vlasov\u00e9 zna\u010dky. Podle od\u016fvodn\u011bn\u00ed ji v\u0161ak dostala za \u201eodvahu postavit se organizovan\u00e9mu zlo\u010dinu\u201c. Tady za\u010d\u00edn\u00e1 kritick\u00fd \u010dlov\u011bk dost\u00e1vat prvn\u00ed pochybnosti, zvl\u00e1\u0161t\u011b kdy\u017e si nem\u016f\u017ee vzpomenout na jej\u00ed jedin\u00fd odv\u00e1\u017en\u00fd \u010din &#8211; ten skute\u010dn\u00fd, ne ten marketingov\u00fd, p\u00ed\u0161e Chmel\u00e1r.<\/p>\n<p>Nesta\u010d\u00ed se divit, na \u010dem m\u00e1 tato pasivn\u00ed, ale nepochybn\u011b citliv\u00e1 osoba z\u00e1sluhu, jako by byla ve v\u0161em jako J\u00e1ra Cimrman. H\u00e1d\u00e1m, \u017ee j\u00ed chyb\u00ed jen &#8222;\u0158\u00e1d my\u0161\u00edho oc\u00e1sku&#8220;, p\u00ed\u0161e autor.<\/p>\n<p>To v\u0161ak zdaleka nen\u00ed v\u0161e a realita je je\u0161t\u011b v\u00edce problematick\u00e1. Schwarzkopfovu Evropskou cenu ud\u011bluje od roku 1971 Nadace Heinze Schwarzkofa, kterou zalo\u017eila vdova po zn\u00e1m\u00e9m n\u011bmeck\u00e9m podnikateli, aby o\u010distila nebo (p\u0159esn\u011bji) zakryla minulost. Heinz Schwarzkopf nebyl toti\u017e jen sv\u011btov\u011b proslul\u00fd podnikatel, kter\u00fd vybudoval slavnou chemickou a kosmetickou zna\u010dku. Byl p\u0159edev\u0161\u00edm prominentn\u00edm \u010dlenem NSDAP a velitelem praporu SS, kter\u00fd se jako nejreprezentativn\u011bj\u0161\u00ed jezdeck\u00e1 formace hlavn\u00edho m\u011bsta \u0159\u00ed\u0161e \u00fa\u010dastnil v\u0161ech relevantn\u00edch vojensk\u00fdch p\u0159ehl\u00eddek, pochod\u0148ov\u00fdch pr\u016fvod\u016f a shrom\u00e1\u017ed\u011bn\u00ed Reichstagu.<\/p>\n<p>Od ml\u00e1d\u00ed byl p\u0159esv\u011bd\u010den\u00fdm nacistou, ji\u017e ve sv\u00e9 pr\u00e1ci prosazoval totalitn\u00ed pracovn\u00ed z\u00e1kony zaveden\u00e9 Adolfem Hitlerem. Byl favoritem nacistick\u00e9ho v\u016fdce a m\u011bl \u00fazk\u00e9 vztahy s nejbrut\u00e1ln\u011bj\u0161\u00edmi vrahy SS a v\u00e1le\u010dn\u00fdmi zlo\u010dinci jako Hermann Fegelein, Gustav Lombard nebo Erwin R\u00f6sener. B\u011bhem v\u00e1lky jeho firma vyr\u00e1b\u011bla produkty pro Wehrmacht, d\u00edky kter\u00fdm b\u00e1je\u010dn\u011b bohatla.<\/p>\n<p>Pro svou pr\u00e1ci vyu\u017e\u00edvala politicky a rasov\u011b pron\u00e1sledovan\u00e9 v\u011bzn\u011b, p\u0159i\u010dem\u017e Schwarzkopf s\u00e1m vedl n\u011bkolik t\u00e1bor\u016f nucen\u00fdch prac\u00ed. Po v\u00e1lce byl zat\u010den a uv\u011bzn\u011bn v britsk\u00e9m interna\u010dn\u00edm t\u00e1bo\u0159e. Jeliko\u017e v\u0161ak jeho podnikatelsk\u00e9 zku\u0161enosti byly d\u016fle\u017eit\u00e9 pro pov\u00e1le\u010dn\u00fd restart n\u011bmeck\u00e9 ekonomiky, byl propu\u0161t\u011bn v roce 1948. Teprve v roce 2008, kdy se objevily jeho dal\u0161\u00ed nacistick\u00e9 zlo\u010diny, byla Nadace Heinze Schwarzkopfa p\u0159ejmenov\u00e1na na Schwarzkofovu nadaci a jej\u00ed stanoven\u00e9 c\u00edle se roz\u0161\u00ed\u0159ily o \u201eboj proti pravicov\u00e9mu extremismu, rasismu a antisemitismu\u201d.<\/p>\n<p>Kdy\u017e sly\u0161\u00edme, jak ve sv\u00e9m projevu p\u0159i p\u0159eb\u00edr\u00e1n\u00ed ceny apelovala na n\u00e1vrat k hodnot\u00e1m, ch\u00e1peme, \u017ee se od nich p\u0159\u00edli\u0161 nevzd\u00e1lila. Tak t\u0159eba \u010caputov\u00e1 pova\u017euje pokra\u010dov\u00e1n\u00ed v\u00e1lky na Ukrajin\u011b za \u201enejlep\u0161\u00ed prost\u0159edek k dosa\u017een\u00ed spravedliv\u00e9ho m\u00edru a po\u0159\u00e1dku zalo\u017een\u00e9ho na evropsk\u00e9 vl\u00e1d\u011b\u201c. Slovensk\u00e1 prezidentka tak\u00e9 op\u011bt promluvila o sv\u00e9m nejobl\u00edben\u011bj\u0161\u00edm t\u00e9matu, cenzu\u0159e &#8211; \u0159ekla, \u017ee regulace soci\u00e1ln\u00edch s\u00edt\u00ed je nutnost\u00ed. Mo\u017en\u00e1 ji dostala i jako ocen\u011bn\u00ed za lo\u0148skou poctu t\u0159\u00ed exponent\u016f lu\u010f\u00e1ck\u00e9ho re\u017eimu.<\/p>\n<p>Chmel\u00e1r tak\u00e9 uv\u00e1d\u00ed, \u017ee n\u011bkte\u0159\u00ed zahrani\u010dn\u00ed investigativn\u00ed novin\u00e1\u0159i u\u017e dlouho poukazuj\u00ed na to, \u017ee ud\u011blov\u00e1n\u00ed cen m\u016f\u017ee b\u00fdt zp\u016fsob, jak pr\u00e1t pen\u00edze ze zahrani\u010d\u00ed na volebn\u00ed kampa\u0148 politik\u016f chr\u00e1n\u011bn\u00fdch mocensk\u00fdmi centry. Na prvn\u00ed pohled je pr\u00fd zcela jasn\u00e9, \u017ee pen\u00edze, kter\u00e9 z\u00edskala Zuzana \u010caputov\u00e1, byly \u0161pinav\u00e9 a \u017ee seznam t\u011bch, kte\u0159\u00ed takovou cenu z principu odm\u00edtli, je mnohem del\u0161\u00ed ne\u017e seznam jej\u00edch laure\u00e1t\u016f.<\/p>\n<p>Nebudeme se h\u00e1dat, zda si \u010caputov\u00e1 takov\u00e9 ocen\u011bn\u00ed zaslou\u017e\u00ed, \u0159\u00edk\u00e1 Chmel\u00e1r, a dod\u00e1v\u00e1: Jen n\u00e1s pros\u00edm nenu\u0165te j\u00ed blahop\u0159\u00e1t k takov\u00e9 hanebn\u00e9 a pochybn\u00e9 poct\u011b.<\/p>\n<p>Jana Putzlacher<\/p>\n<p>&nbsp;<\/p>\n<p><img decoding=\"async\" loading=\"lazy\" class=\"wp-image-21721 aligncenter\" src=\"http:\/\/www.infokuryr.cz\/n\/wp-content\/uploads\/2023\/01\/pro-1-300x47.png\" alt=\"\" width=\"683\" height=\"107\" srcset=\"https:\/\/www.infokuryr.cz\/n\/wp-content\/uploads\/2023\/01\/pro-1-300x47.png 300w, https:\/\/www.infokuryr.cz\/n\/wp-content\/uploads\/2023\/01\/pro-1-1024x161.png 1024w, https:\/\/www.infokuryr.cz\/n\/wp-content\/uploads\/2023\/01\/pro-1-768x121.png 768w, https:\/\/www.infokuryr.cz\/n\/wp-content\/uploads\/2023\/01\/pro-1.png 1216w\" sizes=\"(max-width: 683px) 100vw, 683px\" \/><\/p>\n<p>&nbsp;<\/p>\n","protected":false},"excerpt":{"rendered":"<p>Mainstreamov\u00e1 m\u00e9dia a lichotn\u00edci nejr\u016fzn\u011bj\u0161\u00edch druh\u016f se nemohla odtrhnout od chv\u00e1ly slovensk\u00e9 prezidentky Zuzany \u010caputov\u00e9,&#8230;<\/p>\n","protected":false},"author":2,"featured_media":7474,"comment_status":"closed","ping_status":"closed","sticky":false,"template":"","format":"standard","meta":[],"categories":[6],"tags":[1691,1279,4327],"_links":{"self":[{"href":"https:\/\/www.infokuryr.cz\/n\/wp-json\/wp\/v2\/posts\/21776"}],"collection":[{"href":"https:\/\/www.infokuryr.cz\/n\/wp-json\/wp\/v2\/posts"}],"about":[{"href":"https:\/\/www.infokuryr.cz\/n\/wp-json\/wp\/v2\/types\/post"}],"author":[{"embeddable":true,"href":"https:\/\/www.infokuryr.cz\/n\/wp-json\/wp\/v2\/users\/2"}],"replies":[{"embeddable":true,"href":"https:\/\/www.infokuryr.cz\/n\/wp-json\/wp\/v2\/comments?post=21776"}],"version-history":[{"count":0,"href":"https:\/\/www.infokuryr.cz\/n\/wp-json\/wp\/v2\/posts\/21776\/revisions"}],"wp:featuredmedia":[{"embeddable":true,"href":"https:\/\/www.infokuryr.cz\/n\/wp-json\/wp\/v2\/media\/7474"}],"wp:attachment":[{"href":"https:\/\/www.infokuryr.cz\/n\/wp-json\/wp\/v2\/media?parent=21776"}],"wp:term":[{"taxonomy":"category","embeddable":true,"href":"https:\/\/www.infokuryr.cz\/n\/wp-json\/wp\/v2\/categories?post=21776"},{"taxonomy":"post_tag","embeddable":true,"href":"https:\/\/www.infokuryr.cz\/n\/wp-json\/wp\/v2\/tags?post=21776"}],"curies":[{"name":"wp","href":"https:\/\/api.w.org\/{rel}","templated":true}]}}