{"id":21766,"date":"2023-01-26T00:59:29","date_gmt":"2023-01-25T23:59:29","guid":{"rendered":"http:\/\/www.infokuryr.cz\/n\/?p=21766"},"modified":"2023-01-25T17:11:37","modified_gmt":"2023-01-25T16:11:37","slug":"general-pavel-delame-i-lobbing-sestrih-z-ceskeho-medialniho-rybnicku","status":"publish","type":"post","link":"https:\/\/www.infokuryr.cz\/n\/2023\/01\/26\/general-pavel-delame-i-lobbing-sestrih-z-ceskeho-medialniho-rybnicku\/","title":{"rendered":"GENER\u00c1L PAVEL D\u011aL\u00c1ME I LOBBING Sest\u0159ih z \u010desk\u00e9ho medi\u00e1ln\u00edho rybn\u00ed\u010dku"},"content":{"rendered":"<div id=\"fb-root\"><\/div>\n<p><b>D\u011aL\u00c1ME I LOBBING &#8230; Aneb co V\u00e1m \u010cT neuk\u00e1\u017ee.<\/b><\/p>\n<p><iframe loading=\"lazy\" title=\"GENER\u00c1L PAVEL D\u011aL\u00c1ME I LOBBING\" width=\"640\" height=\"360\" src=\"https:\/\/www.youtube.com\/embed\/a5sbKTxjrjY?feature=oembed\" frameborder=\"0\" allow=\"accelerometer; autoplay; clipboard-write; encrypted-media; gyroscope; picture-in-picture; web-share\" allowfullscreen><\/iframe><\/p>\n<p><img decoding=\"async\" loading=\"lazy\" class=\"wp-image-21721 aligncenter\" src=\"http:\/\/www.infokuryr.cz\/n\/wp-content\/uploads\/2023\/01\/pro-1-300x47.png\" alt=\"\" width=\"645\" height=\"101\" srcset=\"https:\/\/www.infokuryr.cz\/n\/wp-content\/uploads\/2023\/01\/pro-1-300x47.png 300w, https:\/\/www.infokuryr.cz\/n\/wp-content\/uploads\/2023\/01\/pro-1-1024x161.png 1024w, https:\/\/www.infokuryr.cz\/n\/wp-content\/uploads\/2023\/01\/pro-1-768x121.png 768w, https:\/\/www.infokuryr.cz\/n\/wp-content\/uploads\/2023\/01\/pro-1.png 1216w\" sizes=\"(max-width: 645px) 100vw, 645px\" \/><\/p>\n<p>&nbsp;<\/p>\n<p>&nbsp;<\/p>\n<p>&nbsp;<\/p>\n","protected":false},"excerpt":{"rendered":"<p>D\u011aL\u00c1ME I LOBBING &#8230; Aneb co V\u00e1m \u010cT neuk\u00e1\u017ee. &nbsp; &nbsp; &nbsp;<\/p>\n","protected":false},"author":2,"featured_media":12236,"comment_status":"closed","ping_status":"closed","sticky":false,"template":"","format":"standard","meta":[],"categories":[6],"tags":[1173,4324,889],"_links":{"self":[{"href":"https:\/\/www.infokuryr.cz\/n\/wp-json\/wp\/v2\/posts\/21766"}],"collection":[{"href":"https:\/\/www.infokuryr.cz\/n\/wp-json\/wp\/v2\/posts"}],"about":[{"href":"https:\/\/www.infokuryr.cz\/n\/wp-json\/wp\/v2\/types\/post"}],"author":[{"embeddable":true,"href":"https:\/\/www.infokuryr.cz\/n\/wp-json\/wp\/v2\/users\/2"}],"replies":[{"embeddable":true,"href":"https:\/\/www.infokuryr.cz\/n\/wp-json\/wp\/v2\/comments?post=21766"}],"version-history":[{"count":0,"href":"https:\/\/www.infokuryr.cz\/n\/wp-json\/wp\/v2\/posts\/21766\/revisions"}],"wp:featuredmedia":[{"embeddable":true,"href":"https:\/\/www.infokuryr.cz\/n\/wp-json\/wp\/v2\/media\/12236"}],"wp:attachment":[{"href":"https:\/\/www.infokuryr.cz\/n\/wp-json\/wp\/v2\/media?parent=21766"}],"wp:term":[{"taxonomy":"category","embeddable":true,"href":"https:\/\/www.infokuryr.cz\/n\/wp-json\/wp\/v2\/categories?post=21766"},{"taxonomy":"post_tag","embeddable":true,"href":"https:\/\/www.infokuryr.cz\/n\/wp-json\/wp\/v2\/tags?post=21766"}],"curies":[{"name":"wp","href":"https:\/\/api.w.org\/{rel}","templated":true}]}}