{"id":21746,"date":"2023-01-26T01:00:47","date_gmt":"2023-01-26T00:00:47","guid":{"rendered":"http:\/\/www.infokuryr.cz\/n\/?p=21746"},"modified":"2023-01-25T15:36:45","modified_gmt":"2023-01-25T14:36:45","slug":"bublina-splaskla-reznicek-opet-ceska-televize-je-darebak-a-banda-soudruha-generala-pavla-take","status":"publish","type":"post","link":"https:\/\/www.infokuryr.cz\/n\/2023\/01\/26\/bublina-splaskla-reznicek-opet-ceska-televize-je-darebak-a-banda-soudruha-generala-pavla-take\/","title":{"rendered":"Bublina splaskla: \u0158ezn\u00ed\u010dek (op\u011bt \u010cesk\u00e1 televize) je dareb\u00e1k a banda soudruha gener\u00e1la Pavla tak\u00e9"},"content":{"rendered":"<div id=\"fb-root\"><\/div>\n<div class=\"introtext\">\n<p>A diplomatickou cestou je to vylo\u017eeno diplomatick\u00fdmi slovy: ot\u00e1zka na Babi\u0161e nebyla \u201e\u00fapln\u011b chytr\u00e1\u201c, \u0159ekl prezident Duda. Tot\u00e9\u017e si mysl\u00ed norm\u00e1ln\u00ed \u010de\u0161t\u00ed ob\u010dan\u00e9, narozd\u00edl od zvr\u00e1cen\u00e9 extremistick\u00e9 bandy soudruha gener\u00e1la korouhvi\u010dky Pavla.<\/p>\n<\/div>\n<div class=\"fulltext\">\n<p>Je zaj\u00edmav\u00e9, \u017ee \u010de\u0161t\u00ed &#8222;dezol\u00e1ti&#8220; jsou inteligentn\u011bj\u0161\u00ed, ne\u017e diplomat\u00e9 Kol\u00e1\u0159ov\u00e9, Vot\u00e1pkov\u00e9, o poradc\u00edch soudruha gener\u00e1la ani nemluv\u011b. Cenzo\u0159i nikdy p\u0159\u00edli\u0161 inteligenc\u00ed nevynikali<\/p>\n<h2><strong>A co je to za gaunery ve vl\u00e1d\u011b, kte\u0159\u00ed ur\u00e1\u017e\u00ed ka\u017ed\u00e9ho, jasn\u011b vyj\u00e1d\u0159ila \u010cernochov\u00e1:<\/strong><\/h2>\n<h2><em><span style=\"font-size: 14pt;\">\u201eVa\u0161i podporovatel\u00e9 jsou jako otroci pro va\u0161e hnut\u00ed ochotni ud\u011blat \u00fapln\u011b v\u0161echno,\u201c dodala.<\/span><\/em><\/h2>\n<p>Zdroj:\u00a0<a href=\"https:\/\/www.idnes.cz\/zpravy\/domaci\/ministryne-obrany-cernochova-snemovna-otroci-podporovatele-ano.A230124_175432_domaci_kop#utm_source=rss&amp;utm_medium=feed&amp;utm_campaign=domaci&amp;utm_content=main\" target=\"_blank\" rel=\"noopener\">https:\/\/www.idnes.cz\/zpravy\/domaci\/ministryne-obrany-cernochova-snemovna-otroci-podporovatele-ano.A230124_175432_domaci_kop#utm_source=rss&amp;utm_medium=feed&amp;utm_campaign=domaci&amp;utm_content=main<\/a><\/p>\n<p>P\u0159itom je st\u00e1le siln\u011bj\u0161\u00ed podez\u0159en\u00ed, \u017ee ta svinstva jdou ze \u0161t\u00e1bu \u010di okol\u00ed soudruha gener\u00e1la, stejn\u011b jako pol\u00e9v\u00e1n\u00ed ukrajinskou barvou, st\u0159\u00edlen\u00ed pan\u00ed Moniky Babi\u0161ov\u00e9 mezi o\u010di, vra\u017ed\u011bn\u00ed a post\u0159\u00edlen\u00ed lid\u00ed na V\u00e1clavsk\u00e9m n\u00e1m\u011bst\u00ed, pod\u0159ez\u00e1n\u00ed a vykrven\u00ed prezidenta a mimochodem:<\/p>\n<p>kam zmizela prokur\u00e1torka Marie Polednov\u00e1, pardon Brad\u00e1\u010dov\u00e1, \u010di od roku 2017 prezident Unie st\u00e1tn\u00edch z\u00e1stupc\u016f. JUDr. Mgr. Jan\u00a0<em>Lata<\/em>, Ph.D., kdy\u017e lidem vyhro\u017eovali za norm\u00e1ln\u00ed v\u00fdroky a kritiky &#8211; n\u00e1zory\u00a0<strong>a zde se p\u0159\u00edmo vyhro\u017euje popravou a vra\u017edami a najednou je ticho jak po p\u011b\u0161in\u011b?<\/strong><\/p>\n<p><img decoding=\"async\" class=\"aligncenter\" src=\"https:\/\/www.skrytapravda.cz\/images\/blogy\/2951\/2023\/1leden\/323627249_914559442889108_895531444024536775_n_e7627.webp\" alt=\"323627249 914559442889108 895531444024536775 n e7627\" \/><\/p>\n<p><img decoding=\"async\" class=\"aligncenter\" src=\"https:\/\/www.skrytapravda.cz\/images\/blogy\/2951\/2023\/1leden\/323939708_695988172024317_4995883579356429582_n_0754b.webp\" alt=\"323939708 695988172024317 4995883579356429582 n 0754b\" \/><\/p>\n<p><img decoding=\"async\" loading=\"lazy\" class=\"aligncenter\" src=\"https:\/\/www.skrytapravda.cz\/images\/blogy\/2951\/2022\/12prosinec\/zver_reporyjec_2dcaf.webp\" alt=\"zver reporyjec 2dcaf\" width=\"675\" height=\"388\" \/><\/p>\n<p><strong>Berou za svoji pr\u00e1ci plat, \u017ee jsou najednou neviditeln\u00ed, pokud nejh\u016f\u0159e vyhro\u017euj\u00ed ti &#8222;mor\u00e1ln\u011b v\u00fdznamn\u00ed&#8220;?<\/strong><\/p>\n<\/div>\n<p><a href=\"https:\/\/www.skrytapravda.cz\/z-domova\/1039-bublina-splaskla-reznicek-opet-ceska-televize-je-darebak-a-banda-soudruha-generala-pavla-take\">Petr Pokorn\u00fd<\/a><\/p>\n<p>&nbsp;<\/p>\n<p><img decoding=\"async\" loading=\"lazy\" class=\"wp-image-21705 aligncenter\" src=\"http:\/\/www.infokuryr.cz\/n\/wp-content\/uploads\/2023\/01\/pro-300x47.png\" alt=\"\" width=\"664\" height=\"104\" srcset=\"https:\/\/www.infokuryr.cz\/n\/wp-content\/uploads\/2023\/01\/pro-300x47.png 300w, https:\/\/www.infokuryr.cz\/n\/wp-content\/uploads\/2023\/01\/pro-1024x161.png 1024w, https:\/\/www.infokuryr.cz\/n\/wp-content\/uploads\/2023\/01\/pro-768x121.png 768w, https:\/\/www.infokuryr.cz\/n\/wp-content\/uploads\/2023\/01\/pro.png 1216w\" sizes=\"(max-width: 664px) 100vw, 664px\" \/><\/p>\n<p>&nbsp;<\/p>\n","protected":false},"excerpt":{"rendered":"<p>A diplomatickou cestou je to vylo\u017eeno diplomatick\u00fdmi slovy: ot\u00e1zka na Babi\u0161e nebyla \u201e\u00fapln\u011b chytr\u00e1\u201c, \u0159ekl&#8230;<\/p>\n","protected":false},"author":2,"featured_media":21747,"comment_status":"closed","ping_status":"closed","sticky":false,"template":"","format":"standard","meta":[],"categories":[6],"tags":[126,869,122,4321],"_links":{"self":[{"href":"https:\/\/www.infokuryr.cz\/n\/wp-json\/wp\/v2\/posts\/21746"}],"collection":[{"href":"https:\/\/www.infokuryr.cz\/n\/wp-json\/wp\/v2\/posts"}],"about":[{"href":"https:\/\/www.infokuryr.cz\/n\/wp-json\/wp\/v2\/types\/post"}],"author":[{"embeddable":true,"href":"https:\/\/www.infokuryr.cz\/n\/wp-json\/wp\/v2\/users\/2"}],"replies":[{"embeddable":true,"href":"https:\/\/www.infokuryr.cz\/n\/wp-json\/wp\/v2\/comments?post=21746"}],"version-history":[{"count":0,"href":"https:\/\/www.infokuryr.cz\/n\/wp-json\/wp\/v2\/posts\/21746\/revisions"}],"wp:featuredmedia":[{"embeddable":true,"href":"https:\/\/www.infokuryr.cz\/n\/wp-json\/wp\/v2\/media\/21747"}],"wp:attachment":[{"href":"https:\/\/www.infokuryr.cz\/n\/wp-json\/wp\/v2\/media?parent=21746"}],"wp:term":[{"taxonomy":"category","embeddable":true,"href":"https:\/\/www.infokuryr.cz\/n\/wp-json\/wp\/v2\/categories?post=21746"},{"taxonomy":"post_tag","embeddable":true,"href":"https:\/\/www.infokuryr.cz\/n\/wp-json\/wp\/v2\/tags?post=21746"}],"curies":[{"name":"wp","href":"https:\/\/api.w.org\/{rel}","templated":true}]}}