{"id":21738,"date":"2023-01-25T06:39:31","date_gmt":"2023-01-25T05:39:31","guid":{"rendered":"http:\/\/www.infokuryr.cz\/n\/?p=21738"},"modified":"2023-01-25T06:39:31","modified_gmt":"2023-01-25T05:39:31","slug":"zadrzeni-organizatora-protivladniho-protestu-v-praze-k-cemu-se-cr-pripravuje","status":"publish","type":"post","link":"https:\/\/www.infokuryr.cz\/n\/2023\/01\/25\/zadrzeni-organizatora-protivladniho-protestu-v-praze-k-cemu-se-cr-pripravuje\/","title":{"rendered":"Zadr\u017een\u00ed organiz\u00e1tora protivl\u00e1dn\u00edho protestu v Praze. K \u010demu se \u010cR p\u0159ipravuje?"},"content":{"rendered":"<div id=\"fb-root\"><\/div>\n<p>Po ukon\u010den\u00ed sobotn\u00edch protivl\u00e1dn\u00edch demonstrac\u00ed v Praze zadr\u017eela \u010desk\u00e1 policie organiz\u00e1tora protest\u016f Ladislava Vr\u00e1bela za \u201eznepokojov\u00e1n\u00ed ve\u0159ejnosti\u201c. Vr\u00e1bel nez\u00e1visl\u00fdm m\u00e9di\u00edm \u0159ekl, \u017ee \u0161lo o jeho listopadov\u00fd projev, kdy\u017e upozornil, \u017ee se \u010cesk\u00e1 republika n\u00e1kupem F-35 p\u0159ipravuje na jadernou v\u00e1lku s Ruskem.<br \/>\nLadislav Vrabel uvedl, \u017ee ho b\u011bhem akce polili deseti litry \u017elutomodr\u00e9 barvy. Vr\u00e1bel\u016fv kamar\u00e1d se pokusil jednoho z \u00fato\u010dn\u00edk\u016f zadr\u017eet, ale policie dovolila \u00fato\u010dn\u00edk\u016fm ut\u00e9ct.<\/p>\n<p>Po demonstraci p\u0159ed budovou vl\u00e1dy, kter\u00e9 se z\u00fa\u010dastnilo n\u011bkolik tis\u00edc lid\u00ed, ve chv\u00edli, kdy poskytoval rozhovor, k n\u011bmu p\u0159istoupili t\u0159i p\u0159\u00edslu\u0161n\u00edci krimin\u00e1ln\u00ed policie a zadr\u017eeli ho. O\u010dek\u00e1val, \u017ee bude uv\u011bzn\u011bn, ale na policejn\u00edm odd\u011blen\u00ed mu \u0159ekli, \u017ee je zat\u010den kv\u016fli mo\u017enosti \u00fat\u011bku ze zem\u011b.<\/p>\n<p>\u201eD\u016fvod obvin\u011bn\u00ed vid\u00edm v listopadov\u00e9m protestu, kdy jsem mluvil o letadlech F-35, kter\u00e9 chce na\u0161e vl\u00e1da koupit. \u0158ekl jsem, \u017ee jedin\u00fd rozd\u00edl mezi Gripeny (\u0161v\u00e9dsk\u00fdmi proudov\u00fdmi letadly) a F-35 je ten, \u017ee F-35 mohou n\u00e9st jadern\u00e9 rakety. F-35 jsou pomalej\u0161\u00ed, h\u016f\u0159e ovladateln\u00e9 a pomalej\u0161\u00ed v letu a jedin\u00fd d\u016fvod, pro\u010d by je \u010cesk\u00e1 republika kupovala, a to je m\u016fj p\u0159edpoklad, je ten, \u017ee mohou n\u00e9st jadern\u00e9 zbran\u011b.\u201c<\/p>\n<p>B\u011bhem sv\u00e9ho vystoupen\u00ed \u0159ekl, \u017ee podle jeho n\u00e1zoru je jedin\u00fdm d\u016fvodem n\u00e1kupu tohoto letounu p\u0159\u00edprava k \u00fatoku, jeliko\u017e \u010desk\u00e1 vl\u00e1da prohl\u00e1sila, \u017ee je ve v\u00e1lce s Ruskem, je tedy logick\u00e9 doj\u00edt k z\u00e1v\u011bru, \u017ee vl\u00e1da se chyst\u00e1 ho napadnout.<\/p>\n<p>\u201eProjev trval p\u011bt a\u017e sedm minut a j\u00e1 jsem v n\u011bm uvedl domn\u011bnky o politice jadern\u00fdch zbran\u00ed a upozornil jsem, co se za n\u00e1kupem t\u011bchto letadel m\u016f\u017ee skr\u00fdvat. Bylo to varov\u00e1n\u00ed, proto\u017ee kdy\u017e za\u00fato\u010d\u00edme na Rusko, Rusko odpov\u00ed. To jsem \u0159ekl a na z\u00e1klad\u011b toho m\u011b cht\u011bj\u00ed odsoudit a uv\u011bznit,\u201c \u0159\u00edk\u00e1 \u010desk\u00fd aktivista.<\/p>\n<p>Vr\u00e1bel str\u00e1vil na policii n\u011bkolik hodin, b\u011bhem nich\u017e mu odebrali vzorky DNA a otisky prst\u016f. Jeho obh\u00e1jce prohl\u00e1sil, \u017ee Vrabel byl zadr\u017een neopr\u00e1vn\u011bn\u011b, proto\u017ee minul\u00fd t\u00fdden spolu str\u00e1vili sedm hodin u soudu kv\u016fli jin\u00e9mu obvin\u011bn\u00ed a ob\u017ealovan\u00fd na p\u0159edvol\u00e1n\u00ed reagoval n\u00e1le\u017eit\u00fdm zp\u016fsobem. Dodal, \u017ee proti nez\u00e1konn\u00e9mu zadr\u017een\u00ed pod\u00e1 st\u00ed\u017enost a \u017ee to, z \u010deho je Vrabel obvin\u011bn, je vytr\u017eeno z kontextu.<\/p>\n<p>V\u0161imn\u011bte si, \u017ee stejnou praktiku p\u0159edv\u00e1d\u011bn\u00ed odp\u016frc\u016f re\u017eimu praktikoval totalitn\u00ed komunistick\u00fd re\u017eim. Tak\u017ee jsem tam, kde jsem p\u0159ed rokem 1989 byli.<\/p>\n<p><img decoding=\"async\" loading=\"lazy\" class=\"alignnone size-full wp-image-1185\" src=\"http:\/\/www.infokuryr.cz\/n\/wp-content\/uploads\/2021\/04\/kuryr-podpis.png\" alt=\"\" width=\"84\" height=\"24\" \/><\/p>\n<p>&nbsp;<\/p>\n<p><img decoding=\"async\" loading=\"lazy\" class=\"wp-image-21721 aligncenter\" src=\"http:\/\/www.infokuryr.cz\/n\/wp-content\/uploads\/2023\/01\/pro-1-300x47.png\" alt=\"\" width=\"651\" height=\"102\" srcset=\"https:\/\/www.infokuryr.cz\/n\/wp-content\/uploads\/2023\/01\/pro-1-300x47.png 300w, https:\/\/www.infokuryr.cz\/n\/wp-content\/uploads\/2023\/01\/pro-1-1024x161.png 1024w, https:\/\/www.infokuryr.cz\/n\/wp-content\/uploads\/2023\/01\/pro-1-768x121.png 768w, https:\/\/www.infokuryr.cz\/n\/wp-content\/uploads\/2023\/01\/pro-1.png 1216w\" sizes=\"(max-width: 651px) 100vw, 651px\" \/><\/p>\n<p>&nbsp;<\/p>\n","protected":false},"excerpt":{"rendered":"<p>Po ukon\u010den\u00ed sobotn\u00edch protivl\u00e1dn\u00edch demonstrac\u00ed v Praze zadr\u017eela \u010desk\u00e1 policie organiz\u00e1tora protest\u016f Ladislava Vr\u00e1bela za&#8230;<\/p>\n","protected":false},"author":2,"featured_media":21739,"comment_status":"closed","ping_status":"closed","sticky":false,"template":"","format":"standard","meta":[],"categories":[6],"tags":[86,3266,1186],"_links":{"self":[{"href":"https:\/\/www.infokuryr.cz\/n\/wp-json\/wp\/v2\/posts\/21738"}],"collection":[{"href":"https:\/\/www.infokuryr.cz\/n\/wp-json\/wp\/v2\/posts"}],"about":[{"href":"https:\/\/www.infokuryr.cz\/n\/wp-json\/wp\/v2\/types\/post"}],"author":[{"embeddable":true,"href":"https:\/\/www.infokuryr.cz\/n\/wp-json\/wp\/v2\/users\/2"}],"replies":[{"embeddable":true,"href":"https:\/\/www.infokuryr.cz\/n\/wp-json\/wp\/v2\/comments?post=21738"}],"version-history":[{"count":1,"href":"https:\/\/www.infokuryr.cz\/n\/wp-json\/wp\/v2\/posts\/21738\/revisions"}],"predecessor-version":[{"id":21740,"href":"https:\/\/www.infokuryr.cz\/n\/wp-json\/wp\/v2\/posts\/21738\/revisions\/21740"}],"wp:featuredmedia":[{"embeddable":true,"href":"https:\/\/www.infokuryr.cz\/n\/wp-json\/wp\/v2\/media\/21739"}],"wp:attachment":[{"href":"https:\/\/www.infokuryr.cz\/n\/wp-json\/wp\/v2\/media?parent=21738"}],"wp:term":[{"taxonomy":"category","embeddable":true,"href":"https:\/\/www.infokuryr.cz\/n\/wp-json\/wp\/v2\/categories?post=21738"},{"taxonomy":"post_tag","embeddable":true,"href":"https:\/\/www.infokuryr.cz\/n\/wp-json\/wp\/v2\/tags?post=21738"}],"curies":[{"name":"wp","href":"https:\/\/api.w.org\/{rel}","templated":true}]}}