{"id":21702,"date":"2023-01-24T00:57:36","date_gmt":"2023-01-23T23:57:36","guid":{"rendered":"http:\/\/www.infokuryr.cz\/n\/?p=21702"},"modified":"2023-01-23T11:19:31","modified_gmt":"2023-01-23T10:19:31","slug":"jindrich-kulhavy-ct-uz-si-na-nestrannost-nehraje","status":"publish","type":"post","link":"https:\/\/www.infokuryr.cz\/n\/2023\/01\/24\/jindrich-kulhavy-ct-uz-si-na-nestrannost-nehraje\/","title":{"rendered":"Jind\u0159ich Kulhav\u00fd: \u010cT u\u017e si na nestrannost nehraje"},"content":{"rendered":"<div id=\"fb-root\"><\/div>\n<p><span class=\"anotation\">Ned\u011bln\u00ed ve\u010dern\u00ed debata byla na \u010cesk\u00e9 televizi ur\u010dena debat\u011b mezi kandid\u00e1ty na \u00fa\u0159ad prezidenta Petrem Pavlem a Andrejem Babi\u0161em. P\u0159esto\u017ee expremi\u00e9r Babi\u0161 dop\u0159edu avizoval svou ne\u00fa\u010dast, ne\u010dekan\u011b se dostavil. Bylo evidentn\u00ed, \u017ee t\u00edm redakci zasko\u010dil, proto\u017ee ta byla p\u0159ipravena pojmout drah\u00fd vys\u00edlac\u00ed \u010das jako p\u011bn\u00ed \u00f3dy na P\u011btikoalic\u00ed protla\u010dovan\u00e9ho Petra Pavla. Babi\u0161 jim do toho hodil vidle jen \u010d\u00e1ste\u010dn\u011b, proto\u017ee usilovnou prac\u00ed moder\u00e1tor pokra\u010doval v\u00a0p\u016fvodn\u00edm z\u00e1m\u011bru a vytv\u00e1\u0159el naprosto nerovn\u00e9 prost\u0159ed\u00ed. V\u00a0rozlo\u017een\u00ed sil to tak p\u0159ed kamerou bylo 2:1 a bylo s\u00a0podivem, \u017ee Babi\u0161 po prvn\u00edch p\u00e1r minut\u00e1ch studio neopustil.<\/span><\/p>\n<div id=\"pagetext\">\n<p>\u00a0 R\u00e9torika obou kandid\u00e1t\u016f byla dop\u0159edu vcelku jasn\u00e1. Pavel om\u00edlal st\u00e1le stejn\u00e9 nau\u010den\u00e9 fr\u00e1ze, kter\u00e9 jsme ji\u017e mnohokr\u00e1t sly\u0161eli. Je evidentn\u00ed, \u017ee v\u00a0ekonomice hovo\u0159\u00ed o n\u011b\u010dem, co je mu na hony vzd\u00e1len\u00e9 a \u017e\u00e1dn\u00e1 ,,nalejv\u00e1rna\u201c na tom nic nezm\u011bn\u00ed. Babi\u0161 pro zm\u011bnu zase v\u017edy s\u00a0\u010d\u00edsly obratn\u011b manipuloval, tak\u017ee prost\u00fd ob\u010dan nikdy nep\u0159ijde na to, co je pravda a co nikoliv. M\u00e1 za sebou velkopodnikatelskou praxi, v\u00ed naprosto p\u0159esn\u011b, jak p\u0159ekl\u00e1p\u011bt zisky, ztr\u00e1ty a jak z\u00a0toho mnoh\u00e9 vyt\u011b\u017eit, m\u00e1 i dostate\u010dn\u011b nastudovan\u00e9 dotace, kter\u00fdmi pom\u00e1hal sv\u00fdm spole\u010dnostem v\u00a0jejich existenci, z\u00e1rove\u0148 vid\u00ed pod pokli\u010dku st\u00e1tn\u00ed i mezin\u00e1rodn\u00ed makroekonomie. V\u00a0t\u00e9to sf\u00e9\u0159e se mu gener\u00e1l nem\u016f\u017ee rovnat ani p\u0159es rychlokurzy po\u0159\u00e1dan\u00e9 t\u00fdmem kolem n\u011bj. Babi\u0161 m\u00e1 nav\u00edc zku\u0161enosti s\u00a0likvidac\u00ed protivn\u00edk\u016f a konkurence pr\u00e1v\u011b d\u00edky znalostem mnoha tok\u016f financ\u00ed a z praxe v\u00ed, \u017ee na konci se v\u00a0jejich \u0161irok\u00e9 delt\u011b ztrat\u00ed mnoh\u00e9. Prezident s\u00e1m o sob\u011b m\u00e1 v\u0161ak na tuto str\u00e1nku politiky mal\u00fd vliv, jde jen o p\u0159etahov\u00e1n\u00ed se mezi kandid\u00e1ty a \u010d\u00e1st souboje, ve kter\u00e9 Pavel nem\u016f\u017ee vyhr\u00e1t.<\/p>\n<p>N\u011bco jin\u00e9ho by se mohlo zd\u00e1t b\u00fdt pov\u00edd\u00e1n\u00ed si o arm\u00e1d\u011b. Gener\u00e1l Pavel by m\u011bl ji\u017e z\u00a0d\u016fvodu sv\u00e9ho povol\u00e1n\u00ed jasn\u011b v\u00edt\u011bzit, jen\u017ee opak je pravdou. Zat\u00edmco Pavel brnk\u00e1 na strunu solidarity s\u00a0Ukrajinou a na na\u0161i p\u0159\u00edtomnost v\u00a0NATO, p\u0159i\u010dem\u017e opakuje st\u00e1le dokola cosi o obrann\u00e9m n\u00e1stroji proti nep\u0159\u00edteli, Babi\u0161 se rozhodl podporovat m\u00edr, \u010d\u00edm\u017e p\u0159evzal i v\u00a0tomto sm\u011bru iniciativu. Pavel sice za\u010d\u00edn\u00e1 ot\u00e1\u010det, nicm\u00e9n\u011b tolik fal\u0161e by \u010dlov\u011bk t\u011b\u017eko jinde pohledal. Babi\u0161 vyu\u017e\u00edv\u00e1 zvy\u0161uj\u00edc\u00edho se nap\u011bt\u00ed v\u00a0na\u0161\u00ed spole\u010dnosti a obav z\u00a0mobilizace. Vynechme p\u00e1r stovek nadr\u017een\u00fdch v\u00e1le\u010dn\u00edk\u016f ze soci\u00e1ln\u00edch s\u00edt\u00ed, jejich\u017e velitelem by mohl b\u00fdt \u0158eporyjec Pavel Novotn\u00fd. Ti by si p\u0159\u00e1li j\u00edt st\u0159\u00edlet Rusy a mysl\u00ed si, \u017ee drsn\u00e1 fronta je n\u011bco jako hra na\u00a0jejich playstationu. Mo\u017en\u00e1 byli p\u00e1rkr\u00e1t n\u011bkde bojovat v\u00a0laser game ar\u00e9n\u011b \u010di na paintballu a vn\u00edmaj\u00ed sami sebe jako prot\u0159el\u00e9 v\u00e1le\u010dn\u00edky. Absolutn\u011b netu\u0161\u00ed, jak\u00fd je rozd\u00edl, nav\u00edc pat\u0159\u00ed do generace, kter\u00e1 o vojensk\u00e9 slu\u017eb\u011b v\u00ed pouze z\u00a0doslechu.<\/p>\n<p>O skute\u010dnou mobilizaci tak absolutn\u00ed v\u011bt\u0161ina n\u00e1roda sly\u0161et nechce a rodi\u010d\u016fm mlad\u00fdch mu\u017e\u016f prob\u00edh\u00e1 hlavou sc\u00e9n\u00e1\u0159, jak sv\u00e9 syny ochr\u00e1nit p\u0159ed slu\u017ebou ciz\u00edm z\u00e1jm\u016fm ohro\u017euj\u00edc\u00ed \u017eivot jejich d\u011bt\u00ed. Je s\u00a0podivem, \u017ee si gener\u00e1l Pavel neuv\u011bdomuje mo\u017en\u00e9 d\u016fsledky agresivn\u00edho vystupov\u00e1n\u00ed \u010desk\u00e9 vl\u00e1dy, tak\u00e9 militantn\u00ed ministryn\u011b obrany \u010cernochov\u00e9. V\u00fdzbroj Ruska odstra\u0161uje i americk\u00e9 odborn\u00edky, ov\u0161em na\u0161i politici by do v\u00e1lky klidn\u011b \u0161li. Tedy poslali by tam \u010desk\u00e9 voj\u00e1ky. A proto\u017ee jich moc nem\u00e1me, do\u0161lo by na jejich odchyt na ulic\u00edch p\u0159esn\u011b po vzoru Ukrajiny. Ostatn\u011b i proto tu m\u00e1me takov\u00fd p\u0159ebytek ukrajinsk\u00fdch SPZ. Myslet si, \u017ee za volanty aut jimi se honos\u00edc\u00edmi sed\u00ed \u017eeny a matky prchaj\u00edc\u00ed p\u0159ed v\u00e1lkou, je tot\u00e1ln\u00ed hloupost. Kdo utekl, vyhr\u00e1l a bude \u017e\u00edt. U na\u0161ich ml\u00e1denc\u016f je to to sam\u00e9. Babi\u0161 naopak prohl\u00e1sil, \u017ee by p\u0159i mo\u017en\u00e9m napaden\u00ed Polska z\u016fstala na\u0161e arm\u00e1da doma. Co\u017e m\u00e1 logiku v\u00a0tom, \u017ee to jsou Pol\u00e1ci, kdo dr\u00e1\u017ed\u00ed rusk\u00e9ho hada bosou nohou a za d\u016fsledky si mohou sami.<\/p>\n<p>T\u00edm jsme se dostali k\u00a0tomu, kdo je v\u00edce prorusk\u00fd. Zat\u00edmco moder\u00e1tor polo\u017eil ve\u0159ejn\u011b dotaz, zda li by cht\u011bl b\u00fdt Babi\u0161 prezidentem i prorusky lad\u011bn\u00fdch ob\u010dan\u016f, co\u017e expremi\u00e9r potvrdil, cht\u011bl by b\u00fdt prezidentem v\u0161ech \u010cech\u016f, u Pavla je neust\u00e1le vyzdvihov\u00e1no to, \u017ee je kandid\u00e1tem vl\u00e1dnouc\u00ed kliky a jej\u00edch voli\u010d\u016f. Tuto velmi jemnou p\u0159ipom\u00ednku mnoho lid\u00ed nevn\u00edmalo. Moder\u00e1tor naprosto jasn\u011b uk\u00e1zal opovr\u017een\u00ed nad ob\u010dany, kte\u0159\u00ed proukrajinsk\u00e9 zam\u011b\u0159en\u00ed pova\u017euj\u00ed za naprost\u00fd omyl a \u010dinnost NATO v\u00a0\u010dele s\u00a0USA a Velkou Brit\u00e1ni\u00ed za d\u016fkaz agresivity tohoto paktu. Gener\u00e1l Pavel mu samoz\u0159ejm\u011b p\u0159izvukoval, Babi\u0161 naopak \u0159ekl, \u017ee chce tyto v\u00e1\u0161n\u011b v\u00a0n\u00e1rodu zklidnit a zase ho spojit. Na po\u0159ad p\u0159i\u0161ly i Vrb\u011btice, u kter\u00fdch si oba t\u00e9m\u011b\u0159 souhlasn\u011b p\u0159itrubovali. Babi\u0161 proto, \u017ee byl u jejich popularizace, Pavel zase jen opakoval bludy o jak\u00fdchsi dvou rusk\u00fdch agentech, kte\u0159\u00ed je vyhodili do pov\u011bt\u0159\u00ed, p\u0159esto\u017ee jsou zn\u00e1m\u00e9 i jin\u00e9 daleko pravd\u011bpodobn\u011bj\u0161\u00ed a m\u00e9n\u011b sm\u011b\u0161n\u00e9 teorie.<\/p>\n<p>Cel\u00e1 debata byla jen pro siln\u00e9 \u017ealudky. Pokud by Babi\u0161 m\u011bl \u0159e\u010dnick\u00e9 schopnosti Milo\u0161e Zemana \u010di V\u00e1clava Klause, p\u0159ev\u00e1lcoval by t\u00e1paj\u00edc\u00edho a jinak vcelku klidn\u011b vystupuj\u00edc\u00edho Pavla na cel\u00e9 \u010d\u00e1\u0159e. On je v\u0161ak nem\u00e1 a z\u00e1rove\u0148 bojuje s\u00a0t\u00edm, \u017ee m\u00e1 za sebou jistou historii v\u00a0politice a zdaleka ne k\u0159i\u0161\u0165\u00e1lov\u011b \u010distou. Pavel vyu\u017e\u00edv\u00e1 toho, \u017ee o n\u011bm dosud nikdo moc nev\u00ed. Projekt Pavel na Hrad v\u0161ak b\u011b\u017e\u00ed od roku 2018 a stoj\u00ed za n\u00edm exvelvyslanec v\u00a0USA Kol\u00e1\u0159, podporuj\u00ed ho m\u00e9dia vytv\u00e1\u0159ej\u00edc\u00ed svatoz\u00e1\u0159. U\u017e to samotn\u00e9 je dost stra\u0161ideln\u00e9 na to, abychom byli ve st\u0159ehu, nav\u00edc u\u017e se objevila studie Pavlova \u017eivotopisu, kter\u00e1 odhalila mnoh\u00e1 tmav\u00e1 z\u00e1kout\u00ed. Na z\u00e1v\u011br p\u0159ilo\u017e\u00edme n\u011bco, co by V\u00e1s mohlo zaj\u00edmat. Abyste pochopili, co gener\u00e1l Pavel podporuje a Jana \u010cernochov\u00e1 p\u0159edstavuje i prosazuje, p\u0159id\u00e1v\u00e1me velmi zaj\u00edmav\u00fd odkaz. Touha n\u011bkter\u00fdch jedinc\u016f po na\u0161em zapojen\u00ed v\u00e1lky je enormn\u00ed. Berte to jako n\u00e1\u0161 protiklad tenden\u010dn\u00edho vystupov\u00e1n\u00ed moder\u00e1tora debaty a cel\u00e9ho vys\u00edl\u00e1n\u00ed \u010cT. Ne, opravdu nem\u00e1me r\u00e1di Babi\u0161e. Ale pova\u017eujeme za ne\u00fam\u011brn\u00e9 riziko neinformovat v\u00e1s, co p\u0159edstavuje Pavel. Spojen\u00ed moci prezidenta s\u00a0ji\u017e existuj\u00edc\u00ed nadvl\u00e1dou P\u011btikoalice je prost\u011b pro \u010ceskou republiku natolik devastuj\u00edc\u00ed, \u017ee se mus\u00edme sna\u017eit to prost\u011b lidem \u0159\u00edct. A za to se nestyd\u00edme a ani to netaj\u00edme.<\/p>\n<p><a href=\"https:\/\/www.inadhled.live\/zajimavosti\/ct-uz-si-na-nestrannost-nehraje\/\">Jind\u0159ich Kulhav\u00fd<\/a><\/p>\n<\/div>\n<p>&nbsp;<\/p>\n<p><img decoding=\"async\" loading=\"lazy\" class=\"wp-image-19187 aligncenter\" src=\"http:\/\/www.infokuryr.cz\/n\/wp-content\/uploads\/2022\/12\/1-PRO-300x36.jpg\" alt=\"\" width=\"1300\" height=\"156\" srcset=\"https:\/\/www.infokuryr.cz\/n\/wp-content\/uploads\/2022\/12\/1-PRO-300x36.jpg 300w, https:\/\/www.infokuryr.cz\/n\/wp-content\/uploads\/2022\/12\/1-PRO.jpg 699w\" sizes=\"(max-width: 1300px) 100vw, 1300px\" \/><\/p>\n<p>&nbsp;<\/p>\n","protected":false},"excerpt":{"rendered":"<p>Ned\u011bln\u00ed ve\u010dern\u00ed debata byla na \u010cesk\u00e9 televizi ur\u010dena debat\u011b mezi kandid\u00e1ty na \u00fa\u0159ad prezidenta Petrem&#8230;<\/p>\n","protected":false},"author":2,"featured_media":21703,"comment_status":"closed","ping_status":"closed","sticky":false,"template":"","format":"standard","meta":[],"categories":[6],"tags":[126,47,29,869],"_links":{"self":[{"href":"https:\/\/www.infokuryr.cz\/n\/wp-json\/wp\/v2\/posts\/21702"}],"collection":[{"href":"https:\/\/www.infokuryr.cz\/n\/wp-json\/wp\/v2\/posts"}],"about":[{"href":"https:\/\/www.infokuryr.cz\/n\/wp-json\/wp\/v2\/types\/post"}],"author":[{"embeddable":true,"href":"https:\/\/www.infokuryr.cz\/n\/wp-json\/wp\/v2\/users\/2"}],"replies":[{"embeddable":true,"href":"https:\/\/www.infokuryr.cz\/n\/wp-json\/wp\/v2\/comments?post=21702"}],"version-history":[{"count":0,"href":"https:\/\/www.infokuryr.cz\/n\/wp-json\/wp\/v2\/posts\/21702\/revisions"}],"wp:featuredmedia":[{"embeddable":true,"href":"https:\/\/www.infokuryr.cz\/n\/wp-json\/wp\/v2\/media\/21703"}],"wp:attachment":[{"href":"https:\/\/www.infokuryr.cz\/n\/wp-json\/wp\/v2\/media?parent=21702"}],"wp:term":[{"taxonomy":"category","embeddable":true,"href":"https:\/\/www.infokuryr.cz\/n\/wp-json\/wp\/v2\/categories?post=21702"},{"taxonomy":"post_tag","embeddable":true,"href":"https:\/\/www.infokuryr.cz\/n\/wp-json\/wp\/v2\/tags?post=21702"}],"curies":[{"name":"wp","href":"https:\/\/api.w.org\/{rel}","templated":true}]}}