{"id":21689,"date":"2023-01-24T00:58:51","date_gmt":"2023-01-23T23:58:51","guid":{"rendered":"http:\/\/www.infokuryr.cz\/n\/?p=21689"},"modified":"2023-01-23T09:05:49","modified_gmt":"2023-01-23T08:05:49","slug":"nedelnik-adama-b-bartose-118-radeji-babis-nez-tohle","status":"publish","type":"post","link":"https:\/\/www.infokuryr.cz\/n\/2023\/01\/24\/nedelnik-adama-b-bartose-118-radeji-babis-nez-tohle\/","title":{"rendered":"NED\u011aLN\u00cdK ADAMA B. BARTO\u0160E (118) RAD\u011aJI BABI\u0160, NE\u017d TOHLE\u2026"},"content":{"rendered":"<div id=\"fb-root\"><\/div>\n<p>I dnes m\u00e1m pro v\u00e1s v\u00fdmluvu, pro\u010d jsem nestihl ned\u011bln\u00edk \u201evyv\u011bsit\u201c v ned\u011bli \u2013 a snad bude uv\u011b\u0159iteln\u00e1. V sobotu se toti\u017e konal volebn\u00ed sn\u011bm N\u00e1rodn\u00ed demokracie \u2013 u\u017e \u0161est\u00fd. Spojili jsme ho s v\u00fdro\u010dn\u00ed konferenc\u00ed \u2013 u\u017e dev\u00e1tou. P\u0159edsednictvu toti\u017e vypr\u0161el t\u0159\u00edlet\u00fd mand\u00e1t a bylo pot\u0159eba zvolit p\u0159edsedu a p\u0159edsednictvo znovu. Proto\u017ee se mi s m\u00fdmi kolegy v p\u0159edsednictvu spolupracuje v\u00fdte\u010dn\u011b, p\u0159\u00e1l jsem si, abychom jako t\u00fdm pokra\u010dovali i v dal\u0161\u00edch letech. Z\u00e1rove\u0148 jsem si p\u0159\u00e1l, aby na\u0161e \u0159ady roz\u0161\u00ed\u0159il Miroslav \u0160af\u00e1\u0159 ze Svitav. Jsem vd\u011b\u010dn\u00fd deleg\u00e1t\u016fm sn\u011bmu, \u017ee v\u0161echna m\u00e1 p\u0159\u00e1n\u00ed vysly\u0161eli a \u017ee sou\u010dasn\u00e9mu veden\u00ed (roz\u0161\u00ed\u0159en\u00e9mu o Mirka \u0160af\u00e1\u0159e) dali na dal\u0161\u00ed t\u0159i roky d\u016fv\u011bru. Neberu to jako samoz\u0159ejmost, v\u00e1\u017e\u00edm si toho a vn\u00edm\u00e1m, k \u010demu mne to zavazuje. V ned\u011bli jsem se pak v\u011bnoval rodin\u011b a v\u011bcem, kter\u00e9 jsem u\u017e n\u011bkolik dn\u016f kv\u016fli p\u0159\u00edprav\u011b sn\u011bmu odkl\u00e1dal, tak\u017ee k ned\u011bln\u00edku jsem se dostal a\u017e v noci. Tolik na vysv\u011btlenou.<span id=\"more-13404\"><\/span><\/p>\n<p>Kdy\u017e jsme o datu kon\u00e1n\u00ed sn\u011bmu rozhodovali, netu\u0161ili jsme, \u017ee L. Vr\u00e1bel svol\u00e1 na tuto sobotu dal\u0161\u00ed demonstraci. Na posledn\u00ed chv\u00edli potvrdil, \u017ee na n\u00ed m\u016f\u017ee vystoupit m\u00edstop\u0159edseda ND Jan Sedl\u00e1\u010dek, proto jsme se sna\u017eili pr\u016fb\u011bh sn\u011bmu co nejv\u00edce urychlit, abychom d\u016fle\u017eit\u00e9 body, u kter\u00fdch m\u00edstop\u0159edseda nem\u016f\u017ee chyb\u011bt, stihli projednat, ne\u017e odejde pozdravit \u00fa\u010dastn\u00edky demonstrace. A t\u0159eba\u017ee vyrazil z na\u0161eho sn\u011bmu v\u010das (na\u0161e jedn\u00e1n\u00ed prob\u00edhalo v centru, tedy nijak daleko od V\u00e1clavsk\u00e9ho n\u00e1m\u011bst\u00ed) a tak\u00e9 na domluven\u00fd \u010das dorazil, promluvit nakonec nemohl, proto\u017ee demonstrace byla ukon\u010dena p\u0159ed\u010dasn\u011b. To p\u00ed\u0161i jen na vysv\u011btlen\u00ed toho, pro\u010d se tam nakonec neobjevil, i kdy\u017e bylo p\u016fvodn\u011b jeho vystoupen\u00ed avizov\u00e1no.<\/p>\n<p>Tady mi dovolte pozn\u00e1mku, proto\u017ee se sem hod\u00ed. N\u00e1rodn\u00ed demokracie je k sou\u010dasn\u00fdm demonstrac\u00edm zv\u00e1na jen opatrn\u011b. Kdy\u017e velk\u00e9 demonstrace v z\u00e1\u0159\u00ed za\u010d\u00ednaly, byli jsme vylo\u017een\u011b odm\u00edt\u00e1ni. Dnes \u2013 po p\u011bti m\u011bs\u00edc\u00edch \u2013 se situace u\u017e zlep\u0161uje a m\u00ed kolegov\u00e9 se \u201emohou\u201c na Vr\u00e1belov\u00fdch akc\u00edch objevit. J. Sedl\u00e1\u010dek vystupoval u\u017e na demonstraci na Hrad\u010dansk\u00e9m n\u00e1m\u011bst\u00ed a pak p\u0159ed s\u00eddlem vl\u00e1dy v prosinci, I. C\u00edcha na ned\u00e1vn\u00e9 m\u00edstn\u00ed demonstraci \u201evr\u00e1belovc\u016f\u201c v T\u00e1bo\u0159e (14. ledna), J. Sedl\u00e1\u010dek v Plzni (15. ledna) a nejnov\u011bji m\u011bl vystoupit i tuto sobotu, i kdy\u017e to \u2013 jak jsem popsal \u2013 nakonec nedopadlo. J\u00e1 osobn\u011b m\u00e1m zat\u00edm na demonstrac\u00edch ze strany organiz\u00e1tor\u016f \u201estopku\u201c \u2013 to p\u00ed\u0161i jen na vysv\u011btlen\u00ed toho, pro\u010d se na demonstrac\u00edch neobjevuji. Nen\u00ed to tedy d\u00e1no m\u00fdm nez\u00e1jmem o d\u011bn\u00ed na vlasteneck\u00e9 sc\u00e9n\u011b ani t\u00edm, \u017ee bych tyto demonstrace z r\u016fzn\u00e9ho d\u016fvodu bojkotoval, ale obavami organiz\u00e1tor\u016f, \u017ee jsem p\u0159\u00edli\u0161n\u00fd extr\u00e9mista. A mn\u011b se nechce nikomu vysv\u011btlovat, \u017ee nejsem\u2026 Ostatn\u011b, m\u00ed kolegov\u00e9 mne v\u017edy dob\u0159e zastoup\u00ed, tak\u017ee nen\u00ed d\u016fvod to v\u00edc \u0159e\u0161it, ne\u017e ob\u010dasn\u00fdm p\u0159ipomenut\u00edm, pro\u010d tomu tak je\u2026<\/p>\n<p>Ale to jen tak na okraj m\u00e9ho ned\u011bln\u00edku. Cht\u011bl jsem jej sp\u00ed\u0161e v\u011bnovat prezidentsk\u00e9 volb\u011b. Kdy\u017e jsme u toho extr\u00e9mismu \u2013 sledoval jsem v ned\u011bli \u010d\u00e1st duelu prezidentsk\u00fdch kandid\u00e1t\u016f na \u010cT. Pot\u011b\u0161ilo mne, \u017ee si A. Babi\u0161 \u2013 na dotaz moder\u00e1tora \u2013 nevzpomn\u011bl na \u017e\u00e1dn\u00e9 extr\u00e9mistick\u00e9 strany, \u017e\u00e1dn\u00e9 extr\u00e9misty a \u017ee dokonce pr\u00fd ani nikdy ne\u010detl zpr\u00e1vy o extr\u00e9mismu, kter\u00e9 s \u017eeleznou pravidelnost\u00ed vyd\u00e1v\u00e1 ministerstvo vnitra. Samoz\u0159ejm\u011b v\u00edm, pro\u010d to \u0159\u00edk\u00e1, ale i to se mus\u00ed ocenit. Kdekdo jin\u00fd by se takov\u00e9 p\u0159itroubl\u00e9 ot\u00e1zky \u010cesk\u00e9 televize zalekl a hned by se zakl\u00ednal n\u011bjakou korektn\u00ed odpov\u011bd\u00ed. Babi\u0161 d\u011blal, \u017ee nev\u00ed, a\u017e to vypadalo t\u00e9m\u011b\u0159 ned\u016fv\u011bryhodn\u011b, ale p\u0159esto ne\u0159ekl a nejmenoval. A v\u016fbec t\u00edm te\u010f nemysl\u00edm n\u00e1s, ale mysl\u00edm to obecn\u011b. Prost\u011b extr\u00e9mist\u00e9 nejsou, Babi\u0161 si na n\u011b nemohl vzpomenout \u2013 a to je dob\u0159e. Schv\u00e1ln\u011b jsem \u010dekal, jak odpov\u00ed, zda se bude kroutit. Ust\u00e1l to dob\u0159e. P\u0159ed volbami \u017e\u00e1dn\u00fd hlas nesmrd\u00ed. A tak to m\u00e1 b\u00fdt\u2026<\/p>\n<p>Minule jsem tu psal, \u017ee sv\u016fj p\u0159\u00edpadn\u00fd hlas pro Babi\u0161e podmi\u0148uji t\u00edm, \u017ee se jednozna\u010dn\u011b postav\u00ed proti v\u00e1lce. No \u2013 d\u011bl\u00e1 to je\u0161t\u011b l\u00e9pe, ne\u017e jsem \u010dekal. Jeho vymezen\u00ed se proti v\u00e1lce t\u00e9m\u011b\u0159 ovl\u00e1dlo medi\u00e1ln\u00ed prostor, kdy\u017e na jeho billboardy za\u010dala \u00fato\u010dit cel\u00e1 havlistick\u00e1 ma\u0161in\u00e9rie, jak je to pr\u00fd neetick\u00e9. A j\u00e1 myslel, \u017ee ve v\u00e1lce jsme \u2013 v\u017edy\u0165 to premi\u00e9r H\u0148up u\u017e tolikr\u00e1t \u0159ekl a tak\u00e9 pan\u00ed ministryn\u011b arm\u00e1dy, co nos\u00ed tank pro jistotu i v kabelce\u2026<\/p>\n<p>Zase \u2013 je to kampa\u0148, v\u00edme, pro\u010d to Andrej Babi\u0161 d\u011bl\u00e1, ale v z\u00e1sad\u011b moji podm\u00ednku splnil a j\u00e1 nem\u00e1m d\u016fvod mu to nehodit (i kdy\u017e to bude ryze pragmatick\u00e1 volba, \u017e\u00e1dn\u00e9 \u201esrd\u00ed\u010dko\u201c). Pro ty nerozhodnut\u00e9 m\u016f\u017ee b\u00fdt (a tak\u00e9 bude) dal\u0161\u00edm argumentem pro Babi\u0161e pr\u00e1v\u011b ona u\u017e zm\u00edn\u011bn\u00e1 masivn\u00ed hysterick\u00e1 protikampa\u0148, kter\u00e1 p\u0159ekon\u00e1v\u00e1 v\u0161e, co jsme tu posledn\u00ed roky vid\u011bli. Babi\u0161 se st\u00e1v\u00e1 stejn\u011b velk\u00fdm zlem jako Covid \u010di Putin. Zase to p\u0159e\u017eenou \u2013 tak jako v\u017edy \u2013 ke sv\u00e9 vlastn\u00ed \u0161kod\u011b. Zase vybud\u00ed v\u00e1\u0161n\u011b, ale v opa\u010dn\u00e9m t\u00e1bo\u0159e, ne\u017e cht\u011bli. Kampa\u0148 Antibabi\u0161 jede u\u017e n\u011bkolik dlouh\u00fdch let, ale to, co se d\u011bje posledn\u00ed dny, to nut\u00ed i ty, kte\u0159\u00ed Babi\u0161e nesn\u00e1\u0161eli, aby ho nakonec podpo\u0159ili. Nemluv\u00edm o sob\u011b, ale jen za v\u010derej\u0161ek jsem zaznamenal u dvou m\u00fdch p\u0159\u00e1tel, kte\u0159\u00ed maj\u00ed dobr\u00fd osobn\u00ed d\u016fvod Babi\u0161em pohrdat, \u017ee ho p\u0159esto zvol\u00ed, kdy\u017e vid\u00ed, co je za\u010d druh\u00e1 strana \u2013 jener\u00e1l a jeho fanati\u010dt\u00ed a n\u00e1silni\u010dt\u00ed p\u0159\u00edznivci la\u010dn\u00edc\u00ed po v\u00e1lce a po krvi. Pokud Pavel prohraje, nebude to vina venkova, extr\u00e9mist\u016f, vidl\u00e1k\u016f, bal\u00edk\u016f, \u0161v\u00e1b\u016f, dezol\u00e1t\u016f \u010di jak n\u00e1s v\u0161elijak \u010dastuj\u00ed, ale pouze vina pravdol\u00e1sky samotn\u00e9, kter\u00e1 se zase \u00fapln\u011b odkopala a to, co zpod t\u00e9 pe\u0159iny vykukuje, je natolik odporn\u00e9, \u017ee pro mnoh\u00e9 lidi bude volba nakonec vypadat tak, \u017ee si \u0159eknou \u2013 rad\u011bji Babi\u0161, ne\u017e tohle\u2026<\/p>\n<p>Samoz\u0159ejm\u011b v\u00edm, \u017ee i kdyby Babi\u0161 vyhr\u00e1l, my vyhr\u00e1no nem\u00e1me. Nebude to \u017e\u00e1dn\u00e1 velk\u00e1 sl\u00e1va, nebude to \u017e\u00e1dn\u00e1 velk\u00e1 jistota, \u017ee je n\u00e1rod z nejhor\u0161\u00edho venku. M\u016f\u017ee zradit, oto\u010dit, lav\u00edrovat, odvolat sv\u00e9 sliby, to v\u0161echno je mo\u017en\u00e9. Budou na n\u011bj velk\u00e9 tlaky a nakonec se d\u00e1 p\u0159edpokl\u00e1dat, \u017ee i on t\u011bmto tlak\u016fm podlehne. Ale zde jde o \u010das. Kdy\u017e americk\u00fd p\u00e1n\u00ed\u010dek zavel\u00ed, Fiala okam\u017eit\u011b pod\u00e1 pac. A Pavel na Hrad\u011b okam\u017eit\u011b za\u010dne slintat (\u0159\u00edk\u00e1 se tomu Pavl\u016fv reflex). Babi\u0161 mo\u017en\u00e1 tak\u00e9 nakonec pod\u00e1 pac, ale bude to natahovat, bude lav\u00edrovat. Nepod\u00e1 ji hned. A to m\u016f\u017ee b\u00fdt rozhoduj\u00edc\u00ed. Globalist\u016fm ve fin\u00e1le poslou\u017e\u00ed mo\u017en\u00e1 oba, ale jeden je pouh\u00fd \u00fa\u0159edn\u00edk, kter\u00fd nem\u00e1 \u017e\u00e1dnou \u010dest a podr\u017e\u00ed ka\u017ed\u00e9mu, kdo je zrovna u moci, kde\u017eto druh\u00fd je byznysmen, kter\u00fd h\u00e1j\u00ed sv\u00e9 z\u00e1jmy a d\u00e1 se o\u010dek\u00e1vat, \u017ee v \u201ez\u00e1jmu sv\u00fdch z\u00e1jm\u016f\u201c bude mnohem racion\u00e1ln\u011bj\u0161\u00ed, ne\u017e fanatik a extr\u00e9mista P\u00e1vek. Mo\u017en\u00e1 to jsou jen plan\u00e9 nad\u011bje \u2013 ale zase: kdyby ne, tak pro\u010d by kampa\u0148 proti Babi\u0161ovi byla tak masivn\u00ed? Kdyby bylo \u00fapln\u011b jedno, kdo tam usedne, pro\u010d by liber\u00e1lov\u00e9 odhazovali sv\u00e9 liber\u00e1ln\u00ed masky a chovali se jako nejhor\u0161\u00ed monstra z be\u010dkov\u00fdch film\u016f? N\u011bco zde nehraje \u2013 m\u00e1m pocit, \u017ee jsou tyto volby d\u016fle\u017eit\u011bj\u0161\u00ed, ne\u017e mnoh\u00e9 jin\u00e9.<\/p>\n<p>P\u016fjdu to Babi\u0161ovi hodit a jak jsme se shodli na sn\u011bmu \u2013 i kdyby to nedopadlo, alespo\u0148 chceme pozorovat ty prot\u00e1hl\u00e9 dr\u017eky, a\u017e demoliber\u00e1lov\u00e9 uvid\u00ed, kolik dezol\u00e1t\u016f v \u010cesk\u00e9 republice \u017eije. A kdyby to dopadlo \u2013 pane\u010dku, to si po letech snad pust\u00edm televizi, abych se mohl kochat, jak tam v\u0161ichni kvi\u010d\u00ed, prskaj\u00ed, k\u0148u\u010d\u00ed, rudnou a pukaj\u00ed vzteky, jak tam na\u0159\u00edkaj\u00ed, st\u00e9naj\u00ed, b\u011bsn\u00ed, d\u0161t\u00ed s\u00edru a vyhla\u0161uj\u00ed klatbu nad polovinou n\u00e1roda. To by bylo n\u011bco.<\/p>\n<p>Tak za t\u00fdden\u2026<\/p>\n<p>Vlasti a \u201edezol\u00e1t\u016fm\u201c zdar, Pavlovi a \u201eliber\u00e1ln\u00edm demokrat\u016fm\u201c zmar!<\/p>\n<p><em>Adam B. Barto\u0161<\/em><br \/>\n<em>p\u0159edseda N\u00e1rodn\u00ed demokracie<\/em><\/p>\n<p><img decoding=\"async\" loading=\"lazy\" class=\"alignnone size-full wp-image-678\" src=\"http:\/\/www.infokuryr.cz\/n\/wp-content\/uploads\/2021\/04\/narodni_demokracie_logo.jpg\" alt=\"\" width=\"300\" height=\"85\" \/><\/p>\n<p>____________________________<\/p>\n<p>&nbsp;<\/p>\n<p>&nbsp;<\/p>\n<p><img decoding=\"async\" loading=\"lazy\" class=\"wp-image-19187 aligncenter\" src=\"http:\/\/www.infokuryr.cz\/n\/wp-content\/uploads\/2022\/12\/1-PRO-300x36.jpg\" alt=\"\" width=\"1308\" height=\"157\" srcset=\"https:\/\/www.infokuryr.cz\/n\/wp-content\/uploads\/2022\/12\/1-PRO-300x36.jpg 300w, https:\/\/www.infokuryr.cz\/n\/wp-content\/uploads\/2022\/12\/1-PRO.jpg 699w\" sizes=\"(max-width: 1308px) 100vw, 1308px\" \/><\/p>\n<p>&nbsp;<\/p>\n<p>&nbsp;<\/p>\n","protected":false},"excerpt":{"rendered":"<p>I dnes m\u00e1m pro v\u00e1s v\u00fdmluvu, pro\u010d jsem nestihl ned\u011bln\u00edk \u201evyv\u011bsit\u201c v ned\u011bli \u2013 a&#8230;<\/p>\n","protected":false},"author":2,"featured_media":679,"comment_status":"closed","ping_status":"closed","sticky":false,"template":"","format":"standard","meta":[],"categories":[6],"tags":[367,29,85,27],"_links":{"self":[{"href":"https:\/\/www.infokuryr.cz\/n\/wp-json\/wp\/v2\/posts\/21689"}],"collection":[{"href":"https:\/\/www.infokuryr.cz\/n\/wp-json\/wp\/v2\/posts"}],"about":[{"href":"https:\/\/www.infokuryr.cz\/n\/wp-json\/wp\/v2\/types\/post"}],"author":[{"embeddable":true,"href":"https:\/\/www.infokuryr.cz\/n\/wp-json\/wp\/v2\/users\/2"}],"replies":[{"embeddable":true,"href":"https:\/\/www.infokuryr.cz\/n\/wp-json\/wp\/v2\/comments?post=21689"}],"version-history":[{"count":0,"href":"https:\/\/www.infokuryr.cz\/n\/wp-json\/wp\/v2\/posts\/21689\/revisions"}],"wp:featuredmedia":[{"embeddable":true,"href":"https:\/\/www.infokuryr.cz\/n\/wp-json\/wp\/v2\/media\/679"}],"wp:attachment":[{"href":"https:\/\/www.infokuryr.cz\/n\/wp-json\/wp\/v2\/media?parent=21689"}],"wp:term":[{"taxonomy":"category","embeddable":true,"href":"https:\/\/www.infokuryr.cz\/n\/wp-json\/wp\/v2\/categories?post=21689"},{"taxonomy":"post_tag","embeddable":true,"href":"https:\/\/www.infokuryr.cz\/n\/wp-json\/wp\/v2\/tags?post=21689"}],"curies":[{"name":"wp","href":"https:\/\/api.w.org\/{rel}","templated":true}]}}