{"id":21688,"date":"2023-01-24T00:59:20","date_gmt":"2023-01-23T23:59:20","guid":{"rendered":"http:\/\/www.infokuryr.cz\/n\/?p=21688"},"modified":"2023-01-23T09:03:12","modified_gmt":"2023-01-23T08:03:12","slug":"petr-hannig-ze-by-zazrak","status":"publish","type":"post","link":"https:\/\/www.infokuryr.cz\/n\/2023\/01\/24\/petr-hannig-ze-by-zazrak\/","title":{"rendered":"Petr Hannig: \u017de by z\u00e1zrak?"},"content":{"rendered":"<div id=\"fb-root\"><\/div>\n<p><strong>V\u0161echny agentury n\u00e1m hl\u00e1s\u00ed, \u017ee Andrej Babi\u0161 nem\u00e1 \u0161anci vyhr\u00e1t ve druh\u00e9m kole prezidentsk\u00e9 volby. J\u00e1 jsem si to tak\u00e9 myslel. V\u016fbec nev\u011b\u0159\u00edm kurz\u016fm od s\u00e1zka\u0159\u016f, kte\u0159\u00ed mi p\u0159i minul\u00e9 volb\u011b a\u017e do posledn\u00ed chv\u00edle ned\u00e1vali v\u016fbec \u0161anci vymanit se z posledn\u00edho m\u00edsta. P\u0159esto jsem bez finan\u010dn\u00edch injekc\u00ed p\u0159esko\u010dil toho, kter\u00fd dostal na kampa\u0148 \u0161est milion\u016f. Zaujal mne v\u0161ak jeden poznatek z tohoto p\u00e1tku, \u017ee s\u00e1zej\u00edc\u00ed v posledn\u00ed dob\u011b trochu zlep\u0161ili pozici A. Babi\u0161e. Mysl\u00edm si, \u017ee to je pom\u011brn\u011b d\u016fle\u017eit\u00fd n\u00e1znak trendu. Ono to p\u0159i tak velk\u00e9m po\u010dtu s\u00e1zej\u00edc\u00edch p\u0159ece jenom m\u016f\u017ee n\u011bco vypov\u00eddat.<\/strong><\/p>\n<p>D\u00e1le mne p\u0159ekvapila m\u00e1 nete\u0159, kter\u00e1 rozhodn\u011b nen\u00ed Babi\u0161ovou p\u0159\u00edznivkyn\u00ed. Pracuje v\u00a0Praze a v\u00a0kolektivu byla jedin\u00e1, kter\u00e1 \u0159ekla, \u017ee ten Babi\u0161 nen\u00ed \u00fapln\u011b \u0161patn\u00fd. Dostalo se j\u00ed v\u00fdsm\u011bchu v\u0161ech spolupracovn\u00edk\u016f. Proto se rozhodla na pevno, nejenom, \u017ee bude A.\u00a0Babi\u0161e volit, ale p\u0159esv\u011bd\u010dila takt\u00e9\u017e mou sestru a \u0161vagra. Sestra z\u00a0toho byla konsternovan\u00e1, proto\u017ee nete\u0159 nikdy o politiku nejevila z\u00e1jem.<\/p>\n<p>A j\u00e1 si mysl\u00edm, \u017ee \u010ce\u0161i, Moravan\u00e9 a Slezan\u00e9 maj\u00ed velice vycvi\u010den\u00fd cit pro nespravedlnost. A za\u010d\u00edn\u00e1 jim b\u00fdt nep\u0159\u00edjemn\u00e9, \u017ee v\u0161echna m\u00e9dia, um\u011bleck\u00e1 sc\u00e9na a dal\u0161\u00ed prominenti se neust\u00e1le nav\u00e1\u017eej\u00ed do Babi\u0161e. Zvl\u00e1\u0161t\u011b v\u00a0tomto p\u0159\u00edpad\u011b, kdy by v\u016fbec neuva\u017eovali A.\u00a0Babi\u0161e volit a necht\u011bli j\u00edt k\u00a0volb\u00e1m z\u00a0r\u016fzn\u00fdch d\u016fvod\u016f.<\/p>\n<p>Ti, kte\u0159\u00ed nikdy nebyli a ani jejich rodi\u010de \u010di prarodi\u010de nebyli v\u00a0minulosti v\u00a0KS\u010c, nevid\u00ed \u017e\u00e1dn\u00fd rozd\u00edl mezi Babi\u0161em a Pavlem. Oba byli v\u00a0KS\u010c, p\u0159i\u010dem\u017e Petr Pavel ve vedouc\u00ed funkci a nav\u00edc p\u0159ipravovan\u00fdm rozv\u011bd\u010d\u00edkem arm\u00e1dy, kter\u00e1 byla sou\u010d\u00e1st\u00ed Var\u0161avsk\u00e9 smlouvy. Druh\u00fd z\u00a0nich, Babi\u0161 byl \u0159adov\u00fdm \u010dlenem KS\u010c a neust\u00e1le se soud\u00ed o to, zda byl \u010di nebyl agentem StB. Tak pro\u010d, proboha, m\u00e9dia zcela nezakryt\u011b fand\u00ed jednomu z\u00a0nich.<\/p>\n<p>Ti, kte\u0159\u00ed z\u016fstali my\u0161lence komunismu v\u011brn\u00ed, nemohou zapomenout Pavlovi zradu idej\u00ed, kter\u00fdm v\u011b\u0159ili jeho rodi\u010de a nakonec, jak napsal, i on s\u00e1m. I Babi\u0161 nen\u00ed jejich \u0161\u00e1lek \u010daje. Tak\u00e9 zahodil stranickou legitimaci.<\/p>\n<p>Prost\u011b jeden za osmn\u00e1ct a druh\u00fd bez dvou za dvacet. Ob\u011b osobnosti jsou pro mnoho lid\u00ed naprosto nep\u0159ijateln\u00e9. Jen\u017ee spousta lid\u00ed je zodpov\u011bdn\u00fdch a tak p\u016fjdou volit. Cel\u00e9 roky se zde p\u011bstuje, \u017ee Babi\u0161 je zlo, jak prohl\u00e1sila ne\u00fasp\u011b\u0161n\u00e1 kandid\u00e1tka Nerudov\u00e1, a mnoz\u00ed, kte\u0159\u00ed nemaj\u00ed zatemn\u011bn\u00fd mozek nen\u00e1vist\u00ed, se div\u00ed pro\u010d tomu tak je. Babi\u0161 zv\u00fd\u0161il d\u016fchody nad r\u00e1mec z\u00e1konn\u00e9 valorizace, zv\u00fd\u0161il mzdy u\u010ditel\u016fm, zdravotn\u00edm sestr\u00e1m, policist\u016fm a nakonec i \u017eivnostn\u00edk\u016fm a podnikatel\u016fm. T\u011bm posledn\u011b jmenovan\u00fdm t\u00edm, \u017ee zru\u0161il superhrubou mzdu a zde mus\u00edm pro spravedlnost dodat, ve spolupr\u00e1ci s\u00a0ODS a SPD. Mnoho \u017eivnostn\u00edk\u016f a podnikatel\u016f jej v\u0161ak nen\u00e1vid\u011blo, \u017ee t\u011bm nepoctiv\u00fdm zamezil nep\u0159izn\u00e1v\u00e1n\u00ed p\u0159\u00edjm\u016f t\u00edm, \u017ee zavedl EET. \u017de jej ti nepoctiv\u00ed necht\u011bj\u00ed volit, to ch\u00e1pu, nyn\u00ed u\u017e zase mohou p\u0159\u00edjmy p\u0159ed finan\u010dn\u00edmi \u00fa\u0159ady odkl\u00e1n\u011bt, proto\u017ee EET nov\u00e1 vl\u00e1da zru\u0161ila.<\/p>\n<p>Mimochodem v\u016fbec nech\u00e1pu, jak pravicov\u00e1 vl\u00e1da dala sv\u00e9 po\u017eehn\u00e1n\u00ed \u010dlov\u011bku, kter\u00fd byl p\u0159edrevolu\u010dn\u00edm v\u00fdznamn\u00fdm \u010dlenem KS\u010c a nav\u00edc byl tr\u00e9nov\u00e1n jako rozv\u011bd\u010d\u00edk proti NATO. V\u017edy\u0165 vl\u00e1da mohla b\u00fdt odv\u00e1\u017en\u00e1 a vsadit na mlad\u00e9ho podnikatele Karla Divi\u0161e, kter\u00fd se nemohl vzhledem ke sv\u00e9mu v\u011bku zapl\u00e9st s\u00a0minul\u00fdm re\u017eimem. Jeho vystupov\u00e1n\u00ed bylo sympatick\u00e9, a kdyby m\u011bl takovou podporu, jakou m\u00e1 Petr Pavel, tak bychom mohli m\u00edt na Hrad\u011b n\u011bkoho, kter\u00fd by n\u00e1rod mohl spojovat.<\/p>\n<p>Ale na kdyby se nehraje. Je\u0161t\u011b jedna v\u011bc m\u016f\u017ee A.\u00a0Babi\u0161ovi pomoci. Kdy\u017e agentury budou d\u00e1le vehementn\u011b vyhla\u0161ovat, \u017ee preference jsou 60 pro Pavla a 40 pro Babi\u0161e, tak mnoz\u00ed z\u00a0t\u011bch, co to cht\u011bli \u00bbhodit\u00ab Pavlovi, si \u0159eknou, \u00bbu\u017e je to v\u00a0suchu\u00ab a odjedou na ly\u017eova\u010dku do Dolomit a v\u00a0\u010cR z\u016fstanou ti, co na to nemaj\u00ed pen\u00edze a pak by to mohlo dopadnout jako v\u00a0Ch\u00e1nov\u011b. J\u00e1 neust\u00e1le \u0159\u00edk\u00e1m, \u017ee Romov\u00e9 maj\u00ed na rozd\u00edl od n\u00e1s, v\u011bt\u0161inov\u00e9 spole\u010dnosti, daleko vyt\u0159\u00edben\u011bj\u0161\u00ed cit pro to, co je pro n\u011b v\u00fdhodn\u011bj\u0161\u00ed. A vyhodnotili si jednozna\u010dn\u011b, \u017ee miliard\u00e1\u0159 A.\u00a0Babi\u0161 m\u00e1 daleko vyvinut\u011bj\u0161\u00ed soci\u00e1ln\u00ed c\u00edt\u011bn\u00ed, ne\u017e m\u00e1 gener\u00e1l P.\u00a0Pavel. A j\u00e1, kter\u00fd jsem vyr\u016fstal jako d\u00edt\u011b v\u00a0\u00dast\u00ed nad Labem, Kr\u00e1sn\u00e9m B\u0159ezn\u011b, v\u00a0Mati\u010dn\u00ed ulici, si to tak\u00e9 mysl\u00edm. Jako \u010dlov\u011bk, kter\u00fd se nenarodil se st\u0159\u00edbrnou l\u017ei\u010dkou v\u00a0\u00fastech, budu Andreje Babi\u0161e volit.<\/p>\n<p><strong>Petr Hannig, p\u0159edseda Rozumn\u00fdch a b\u00fdval\u00fd prezidentsk\u00fd kandid\u00e1t<\/strong><\/p>\n<p>&nbsp;<\/p>\n<p><img decoding=\"async\" loading=\"lazy\" class=\"wp-image-19187 aligncenter\" src=\"http:\/\/www.infokuryr.cz\/n\/wp-content\/uploads\/2022\/12\/1-PRO-300x36.jpg\" alt=\"\" width=\"1225\" height=\"147\" srcset=\"https:\/\/www.infokuryr.cz\/n\/wp-content\/uploads\/2022\/12\/1-PRO-300x36.jpg 300w, https:\/\/www.infokuryr.cz\/n\/wp-content\/uploads\/2022\/12\/1-PRO.jpg 699w\" sizes=\"(max-width: 1225px) 100vw, 1225px\" \/><\/p>\n<p>&nbsp;<\/p>\n<p>&nbsp;<\/p>\n","protected":false},"excerpt":{"rendered":"<p>V\u0161echny agentury n\u00e1m hl\u00e1s\u00ed, \u017ee Andrej Babi\u0161 nem\u00e1 \u0161anci vyhr\u00e1t ve druh\u00e9m kole prezidentsk\u00e9 volby&#8230;.<\/p>\n","protected":false},"author":2,"featured_media":12094,"comment_status":"closed","ping_status":"closed","sticky":false,"template":"","format":"standard","meta":[],"categories":[6],"tags":[29,122,27],"_links":{"self":[{"href":"https:\/\/www.infokuryr.cz\/n\/wp-json\/wp\/v2\/posts\/21688"}],"collection":[{"href":"https:\/\/www.infokuryr.cz\/n\/wp-json\/wp\/v2\/posts"}],"about":[{"href":"https:\/\/www.infokuryr.cz\/n\/wp-json\/wp\/v2\/types\/post"}],"author":[{"embeddable":true,"href":"https:\/\/www.infokuryr.cz\/n\/wp-json\/wp\/v2\/users\/2"}],"replies":[{"embeddable":true,"href":"https:\/\/www.infokuryr.cz\/n\/wp-json\/wp\/v2\/comments?post=21688"}],"version-history":[{"count":0,"href":"https:\/\/www.infokuryr.cz\/n\/wp-json\/wp\/v2\/posts\/21688\/revisions"}],"wp:featuredmedia":[{"embeddable":true,"href":"https:\/\/www.infokuryr.cz\/n\/wp-json\/wp\/v2\/media\/12094"}],"wp:attachment":[{"href":"https:\/\/www.infokuryr.cz\/n\/wp-json\/wp\/v2\/media?parent=21688"}],"wp:term":[{"taxonomy":"category","embeddable":true,"href":"https:\/\/www.infokuryr.cz\/n\/wp-json\/wp\/v2\/categories?post=21688"},{"taxonomy":"post_tag","embeddable":true,"href":"https:\/\/www.infokuryr.cz\/n\/wp-json\/wp\/v2\/tags?post=21688"}],"curies":[{"name":"wp","href":"https:\/\/api.w.org\/{rel}","templated":true}]}}