{"id":21674,"date":"2023-01-23T05:35:19","date_gmt":"2023-01-23T04:35:19","guid":{"rendered":"http:\/\/www.infokuryr.cz\/n\/?p=21674"},"modified":"2023-01-23T05:35:19","modified_gmt":"2023-01-23T04:35:19","slug":"a-je-to-tady-brusel-zacal-narizovat-snizovani-duchodu-chudym-sebrat-bohatym-pridat","status":"publish","type":"post","link":"https:\/\/www.infokuryr.cz\/n\/2023\/01\/23\/a-je-to-tady-brusel-zacal-narizovat-snizovani-duchodu-chudym-sebrat-bohatym-pridat\/","title":{"rendered":"A je to tady! Brusel za\u010dal na\u0159izovat sni\u017eov\u00e1n\u00ed d\u016fchod\u016f! Chud\u00fdm sebrat, bohat\u00fdm p\u0159idat!"},"content":{"rendered":"<div id=\"fb-root\"><\/div>\n<p><strong>Nesebere\u0161 lidem d\u016fchody, nedostane\u0161 \u017e\u00e1dn\u00e9 evropsk\u00e9 dotace, je nov\u00e9 na\u0159\u00edzen\u00ed Bruxelae! \u010cesk\u00fd d\u016fchodce m\u00e1 u\u017e men\u0161\u00ed d\u016fchod ne\u017e je v Holandsku exeku\u010dn\u011b nezabaviteln\u00e1 \u010d\u00e1stka pro jednotlivce! \u010cesk\u00e1 rodina s jedn\u00edm d\u00edt\u011btem, kde oba man\u017eel\u00e9 vyd\u011bl\u00e1vaj\u00ed pr\u016fm\u011brn\u00fd plat, u\u017e nevyd\u011bl\u00e1 ani tolik, kolik stejn\u00e9 rodin\u011b v Holandsku nesm\u00ed exekutor od 1.1.2023 ani zabavit! V\u00a0 u\u017e 50% \u010cech\u016f vyd\u011bl\u00e1v\u00e1 m\u00e9n\u011b, ne\u017e je exeku\u010dn\u011b nezabaviteln\u00e9 minimum v Holandsku! \u010cesku vl\u00e1dne vrchn\u00ed exekutor Fiala a jeho up\u00ed\u0159i! A ti se chv\u00e1staj\u00ed, \u017ee sm\u011b\u0159ujeme do Evropy, a p\u0159itom n\u00e1s t\u00e1hnou do v\u00fdchodoevropsk\u00e9ho otroctv\u00ed!\u00a0<\/strong>(V\u00fdpo\u010dty a d\u016fkazy na konci \u010dl\u00e1nku!) Ceny elekt\u0159iny nejvy\u0161\u0161\u00ed v EU jsou toho jasn\u00fdm d\u016fkazem!<\/p>\n<p>V Holandsku je k z\u00edsk\u00e1n\u00ed jednoho m\u00edsta v parlamentu t\u0159eba ve volb\u00e1ch z\u00edskat pouze 0,67% hlas\u016f! Strana, kter\u00e1 je z\u00edsk\u00e1 m\u00e1 jedno m\u00edsto za ka\u017ed\u00fdch cel\u00fdch 0,67% hlas\u016f, kter\u00e9 z\u00edsk\u00e1! Holandsk\u00fd parlament o tomto volebn\u00edm syst\u00e9mu \u0159\u00edk\u00e1,\u00a0<a href=\"https:\/\/www.parlement.com\/id\/vhnnmt7jydzf\/vernieuwing_kiesstelsel\"><em>\u017ee hlavn\u00ed v\u00fdhodou na\u0161eho sou\u010dasn\u00e9ho syst\u00e9mu pom\u011brn\u00e9ho zastoupen\u00ed je skute\u010dnost, \u017ee jsou sly\u0161et i politick\u00e9 men\u0161iny.\u00a0P\u0159isp\u00edv\u00e1 k tomu fakt, \u017ee Nizozemsko m\u00e1 velmi n\u00edzk\u00fd volebn\u00ed pr\u00e1h (pouze 0,67 %).\u00a0Ka\u017ed\u00e1 politick\u00e1 men\u0161ina se tak m\u016f\u017ee c\u00edtit v parlamentu zastoupena a je zde prostor i pro mal\u00e9 strany.\u00a0<\/em><\/a><em>Tyto mal\u00e9 strany v\u0161ak nemaj\u00ed pouze funkci zastupov\u00e1n\u00ed sv\u00fdch p\u0159\u00edznivc\u016f.\u00a0Mohou si tak\u00e9 dovolit zaujmout pozici d\u00e1le od politick\u00e9ho st\u0159edu, a to jak napravo, tak nalevo.\u00a0Tyto strany maj\u00ed proto d\u016fle\u017eitou funkci p\u0159i podn\u011bcov\u00e1n\u00ed politick\u00e9 diskuse.\u00a0Takov\u00e9 strany pot\u0159ebuj\u00ed platformu a parlament se k tomu ide\u00e1ln\u011b hod\u00ed<\/em>.<\/p>\n<p>V \u010cesku plat\u00ed v\u0161e opa\u010dn\u011b! Diskuse se zakazuje, \u0161\u00ed\u0159en\u00ed nen\u00e1visti je dennodenn\u00edm chlebem v\u0161ech politik\u016f! Pro\u010d? Proto\u017ee do parlamentu se dostanou pouze ti, kte\u0159\u00ed maj\u00ed 5%! \u010c\u00edm v\u00edc hlas\u016f ve volb\u00e1ch propadne, t\u00edm l\u00edp se \u010cesko usurpuje, t\u00edm men\u0161\u00ed men\u0161ina m\u016f\u017ee vl\u00e1dnout v\u011bt\u0161in\u011b, je letit\u00e1 vl\u00e1dn\u00ed politika! Chceme-li prosperitu Holandska, je na \u010das zm\u011bnit n\u00e1\u0161 volebn\u00ed syst\u00e9m a p\u0159ibl\u00ed\u017eit ho holandsk\u00e9mu. Je to nejjednodu\u0161\u0161\u00ed syst\u00e9m jak p\u0159ibl\u00ed\u017eit \u010deskou \u017eivotn\u00ed \u00farove\u0148 z\u00e1padn\u00ed Evrop\u011b. Nav\u00edc takov\u00fdto model parlamentn\u00edch voleb je atraktivn\u00ed pro v\u0161echny mal\u00e9 strany a proto by asi nebylo od v\u011bci, po\u017e\u00e1dat o jeho zaveden\u00ed petic\u00ed. Petici budeme pom\u00e1hat organizovat. K podpo\u0159e petice se m\u016f\u017eete zat\u00edm hl\u00e1sit na aliancens@centrum.cz.<\/p>\n<p><a href=\"https:\/\/en.wikipedia.org\/wiki\/States_General_of_the_Netherlands\">Holandsku, kter\u00e9 m\u00e1 17,5 milionu obyvatel sta\u010d\u00ed pouze 150 poslanc\u016f a 75 sen\u00e1tor\u016f<\/a>! \u010cesko, kter\u00e9 m\u00e1 10,5 milionu obyvatel pot\u0159ebuje 200 poslanc\u016f a 81 sen\u00e1tor\u016f!\u00a0<a href=\"https:\/\/www.metronieuws.nl\/geld-carriere\/2022\/02\/kamerlid-salaris-tweede-kamer\/\">Plat holandsk\u00e9ho poslance se v\u0161emi p\u0159\u00edplatky \u010din\u00ed 120 000 EUR<\/a>\u00a0ro\u010dn\u011b,\u00a0<a href=\"https:\/\/www.loket.nl\/kb\/wat-is-het-modaal-salaris\/\">a to je 300 % platu pr\u016fm\u011brn\u00e9ho Holan\u010fana 40 000 EUR ro\u010dn\u011b<\/a>!\u00a0<a href=\"https:\/\/www.ceskenoviny.cz\/zpravy\/poslanci-budou-dostavat-mesicne-vic-na-asistenty-limit-se-zvysi-na-55-500-kc\/2313579\">Nejni\u017e\u0161\u00ed plat \u010desk\u00e9ho poslance s p\u0159\u00edsp\u011bvky je p\u0159itom 176 200 CZK m\u011bs\u00ed\u010dn\u011b<\/a>, a to je 452% platu pr\u016fm\u011brn\u00e9ho \u010cecha\u00a0 39 000 CZK!<\/p>\n<p>Brusel za\u010dal pou\u017e\u00edvat novou strategii, jak donutit vl\u00e1dy jednotliv\u00fdch zem\u00ed EU, aby \u201cdobrovoln\u011b\u201d plnily jeho nov\u00e1 na\u0159\u00edzen\u00ed! Strategie nen\u00ed ni\u010d\u00edm jin\u00fdm, ne\u017e uplatn\u011bn\u00edm star\u00e9 Bismarckovy metody Cukru a Bi\u010de. Cukr p\u0159edstavuj\u00ed dotace, a Bi\u010d p\u0159edstavuj\u00ed reformy! Podle Bruselu, kdo neprovede na\u0159\u00edzen\u00e9 reformy, nedostane \u017e\u00e1dn\u00e9 dotace! Proti t\u00e9to politice minul\u00fd t\u00fdden ost\u0159e vystoupila belgick\u00e1 ministryn\u011b pro d\u016fchody Karine Lalieux, a ohradila se, \u017ee Brusel nesm\u00ed jednotliv\u00fdm zem\u00edm diktovat, jak\u00fd druh d\u016fchodov\u00e9 politiky maj\u00ed m\u00edt!<\/p>\n<p>Mocn\u00fd belgick\u00fd politik\u00a0<span class=\"mw-page-title-main\"><a href=\"https:\/\/en.wikipedia.org\/wiki\/Paul_Magnette\">Paul Magnette<\/a>, \u0161\u00e9f socialist\u016f,<a href=\"https:\/\/www.euronews.com\/my-europe\/2020\/10\/02\/belgium-s-seven-party-coalition-government-sworn-in-after-nearly-500-days-of-negotiations\">\u00a0kter\u00fd z pov\u011b\u0159en\u00ed kr\u00e1le vyjednal sou\u010dasnou belgickou vl\u00e1du<\/a>, obvinil minul\u00fd t\u00fdden Bruselskou komisi z \u201c<a href=\"https:\/\/www.politico.eu\/article\/belgium-government-alexander-de-croo-paul-magnette-offers-litmus-test-for-eu-cash-for-reforms-recovery-fund\/\">vyd\u00edr\u00e1n\u00ed<\/a>\u201d Belgie, a z ozn\u00e1mil, \u017ee Belgie se rad\u011bji vzd\u00e1 evropsk\u00fdch dotac\u00ed, ne\u017e aby se pod\u0159\u00eddila nov\u00fdm bruselsk\u00fdm d\u016fchodov\u00fdm na\u0159\u00edzen\u00edm! Podle t\u011bchto na\u0159\u00edzen\u00ed se p\u0159estanou vypl\u00e1cet evropsk\u00e9 dotace v p\u0159\u00edpad\u011b, \u017ee\u00a0<a href=\"https:\/\/data.consilium.europa.eu\/doc\/document\/ST-10161-2021-ADD-1\/en\/pdf\">zem\u011b nespln\u00ed bruselsk\u00e9 na\u0159\u00edzen\u00ed o sn\u00ed\u017een\u00ed v\u00fd\u0161e d\u016fchod\u016f<\/a>\u00a0o 0,3% HDP. Belgi\u010dt\u00ed socialist\u00e9 odhalili, \u017ee tento bruselsk\u00fd d\u016fchodov\u00fd pl\u00e1n, povede v Belgii k tomu, \u017ee \u201c<a href=\"https:\/\/www.politico.eu\/article\/belgium-government-alexander-de-croo-paul-magnette-offers-litmus-test-for-eu-cash-for-reforms-recovery-fund\/\">n\u011bkte\u0159\u00ed lid\u00e9 dos\u00e1hnou obrovsk\u00fdch d\u016fchod\u016f dotovan\u00fdch st\u00e1tem<\/a>\u201c! Zat\u00edm co jin\u00ed lid\u00e9, nebudou moci do d\u016fchodu odej\u00edt, i kdy\u017e na n\u011bj maj\u00ed n\u00e1rok, proto\u017ee by nedos\u00e1hli na tzv. \u201cpenzijn\u00ed bonus\u201d, bez kter\u00e9ho budou d\u016fchody velmi n\u00edzk\u00e9! Socialist\u00e9 proto u\u017e zah\u00e1jili kampa\u0148 proti bruselsk\u00fdm na\u0159\u00edzen\u00edm o zv\u00fd\u0161en\u00ed plat\u016f gener\u00e1ln\u00edch \u0159editel\u016f st\u00e1tn\u00edch spole\u010dnost\u00ed, a naopak za zachov\u00e1n\u00ed st\u00e1vaj\u00edc\u00edch d\u016fchod\u016f a d\u00e1vek v nezam\u011bstnanosti pro oby\u010dejn\u00e9 lidi!<\/span><\/p>\n<p>V Belgii se vl\u00e1dn\u00ed politici postavili na stranu oby\u010dejn\u00fdch lid\u00ed, kdy\u017e Brusel na\u0159\u00eddil sn\u00ed\u017eit d\u016fchody o 0,3% HDP! V \u010cesku se vl\u00e1dn\u00ed politici rozhodli j\u00edt proti lidem a\u00a0<a href=\"https:\/\/www.michalapetr.com\/map-1553-brusel-naridil-cesku-a-slovensku-zvysit-dane-na-potraviny-a-energie-o-50-jinak-prijdou-o-dotace\/\">sn\u00ed\u017eit d\u016fchody o 4% HDP<\/a>, (13 kr\u00e1t v\u00edc ne\u017e v Belgii)!<\/p>\n<p>Pro\u010d maj\u00ed Belgie a \u010cesko sni\u017eovat d\u016fchody? Odpov\u011b\u010f je prost\u00e1, zat\u00edm co pod\u00edl tzv. vl\u00e1dn\u00edch zam\u011bstnanc\u016f na pod\u00edlu v\u0161ech pracuj\u00edc\u00edch\u00a0<a href=\"https:\/\/ec.europa.eu\/eurostat\/cache\/digpub\/european_economy\/bloc-4d.html?lang=en\">p\u0159edstavuje v N\u011bmecku jen 11%, v Holandsku jen 12%, v It\u00e1lii jen 13%, p\u0159edstavuje tento pod\u00edl v \u010cesku 17%, v Belgii 18% a na Slovensku 19%<\/a>! \u010ce\u0161t\u00ed vl\u00e1dn\u00ed \u00fa\u0159edn\u00edci tak p\u0159edstavuj\u00ed pijavici, kter\u00e1 oproti vysp\u011bl\u00fdm zem\u00edm nadm\u011brn\u011b vys\u00e1v\u00e1 \u010desk\u00fd st\u00e1tn\u00ed rozpo\u010det!\u00a0<a href=\"https:\/\/ct24.ceskatelevize.cz\/ekonomika\/3536616-vlada-chce-nabrat-osm-tisic-statnich-zamestnancu-hlavne-do-skol-opozice-pozaduje\">A Fiala m\u00edsto toho, aby po\u010dty \u00fa\u0159edn\u00edk\u016f sni\u017eoval, jejich po\u010dty zvy\u0161uje<\/a>! Aby na jejich platy z\u00edskal dodate\u010dn\u00e9 pen\u00edze, mus\u00ed zvy\u0161ovat dan\u011b, a sni\u017eovat d\u016fchody!\u00a0<a href=\"https:\/\/www.michalapetr.com\/map-1524-cesko-je-druha-nejhorsi-zeme-na-svete-oznamila-vcera-osn-kdo-je-prvni-zasnete\/\">\u010ce\u0161t\u00ed vysoc\u00ed \u00fa\u0159edn\u00edci p\u0159itom maj\u00ed oproti b\u011b\u017en\u00fdm \u010cech\u016fm mnohem vy\u0161\u0161\u00ed platy, ne\u017e je tomu obvykl\u00e9 v z\u00e1padn\u00ed Evrop\u011b<\/a>!<\/p>\n<p>Pro\u010d Fiala mus\u00ed zvy\u0161ovat po\u010dty a platy st\u00e1tn\u00edch \u00fa\u0159edn\u00edk\u016f? Odpov\u011b\u010f je op\u011bt prost\u00e1. Definoval ji sv\u011btozn\u00e1m\u00fd\u00a0<a href=\"https:\/\/fr.wikipedia.org\/wiki\/Emmanuel_Todd\">sociolog Emmanuel Todd<\/a>, kter\u00fd mimochodem u\u017e v roce 1976 v\u011bdecky pomoc\u00ed sociologick\u00fdch dat p\u0159edpov\u011bd\u011bl rozpad SSSR, a je tedy ov\u011b\u0159en\u00fdm prognostikem! Emmanuel Todd ve sv\u00e9 knize\u00a0<a href=\"https:\/\/www.fruugo.cz\/kdo-je-charlie-xenofobie-a-nova-stredni-trida-od-emmanuela-todda\/p-27402628-58978744?showOriginalDescription=true\">Qui est Charlie<i><\/i><i>?<\/i><\/a><strong><i>,<\/i>\u00a0<\/strong>vypo\u010d\u00edtal, \u017ee modern\u00ed evropskou spole\u010dnost tvo\u0159\u00ed 57% chud\u00fdch lid\u00ed, 42% p\u0159\u00edslu\u0161n\u00edk\u016f st\u0159edn\u00ed t\u0159\u00eddy, a 1% boh\u00e1\u010d\u016f! Kl\u00ed\u010dem k ovl\u00e1d\u00e1n\u00ed cel\u00e9 spole\u010dnosti podle Todda nen\u00ed nutnost zabr\u00e1nit spojen\u00ed 57% chud\u00fdch lid\u00ed do jednoho politick\u00e9ho bloku, proto\u017ee tito chud\u00ed lid\u00e9 se nikdy nedaj\u00ed spole\u010dn\u011b dohromady, proto\u017ee si tuto nutnost neuv\u011bdomuj\u00ed, a jejich jednotliv\u00ed politi\u010dt\u00ed z\u00e1stupci se budou v\u017edy rad\u011bji ha\u0161te\u0159it mezi sebou o koryta, ne\u017e aby se spojili, ale nutnost udr\u017eovat spokojenou onu st\u0159edn\u00ed vrstvu 42% lid\u00ed, proto\u017ee ta se v\u017edy organizovan\u011b d\u00e1 dohromady, aby ve volb\u00e1ch obh\u00e1jila sv\u00e9 prebendy! (Viz Milion Chvilek, Spolu, Petr Pavel, atd.)<\/p>\n<p>T\u011bchto 42% ob\u010dan\u016f, kte\u0159\u00ed \u0159\u00edd\u00ed politiku, tvo\u0159\u00ed podle Todda 17% vedouc\u00edch pracovn\u00edk\u016f, vysok\u00fdch \u00fa\u0159edn\u00edk\u016f a dob\u0159e placen\u00fdch specialist\u016f vy\u0161\u0161\u00ed st\u0159edn\u00ed t\u0159\u00eddy, a 25% p\u0159\u00edslu\u0161n\u00edk\u016f ni\u017e\u0161\u00ed st\u0159edn\u00ed t\u0159\u00eddy: st\u0159edn\u00ed \u00fa\u0159edn\u00edci, u\u010ditel\u00e9, in\u017een\u00fd\u0159i a technici! Aby tito lid\u00e9 byli stejn\u011b spokojen\u00ed jako na Z\u00e1pad\u011b, mus\u00ed m\u00edt Z\u00e1padn\u00edm standard\u016fm odpov\u00eddaj\u00edc\u00ed plat. A to je \u010desk\u00e1 pot\u00ed\u017e! Proto\u017ee zahrani\u010dn\u00ed investo\u0159i, zde podnikaj\u00ed, aby u\u0161et\u0159ili, plat\u00ed tuto skupinu osob m\u00e9n\u011b, a proto \u010desk\u00fd fialov\u00fd st\u00e1t mus\u00ed p\u0159\u00edslu\u0161n\u00edky t\u00e9to skupiny \u00famysln\u011b a zbyte\u010dn\u011b vytv\u00e1\u0159et, a p\u0159ednostn\u011b oproti ostatn\u00ed pracuj\u00edc\u00ed populaci platit!<\/p>\n<p>D\u016fsledek takov\u00e9to \u010desk\u00e9 fialov\u00e9 politiky potom vid\u00edme ve vysok\u00fdch dan\u00edch, kter\u00e9 \u010de\u0161t\u00ed ob\u010dan\u00e9 plat\u00ed! Da\u0148 na potraviny je v Holandsku, kter\u00e9 m\u00e1 o 5% m\u00e9n\u011b \u00fa\u0159edn\u00edk\u016f na po\u010det obyvatel ne\u017e \u010cesko, jen 9%! (\u010cesko 15%!) V\u00a0<a href=\"https:\/\/www.michalapetr.com\/map-1524-cesko-je-druha-nejhorsi-zeme-na-svete-oznamila-vcera-osn-kdo-je-prvni-zasnete\/\">Holandsku p\u0159edstavuje plat soudce pouze 134% platu Holan\u010fana, kde\u017eto v \u010cesku 250% platu \u010cecha! V Holandsku je jen 14,49 soud\u016f na 100 tis\u00edc obyvatel, kde\u017eto v \u010cesku je 28,17 soudc\u016f na 100 tis\u00edc obyvatel<\/a>! Da\u0148 na p\u00e9\u010di o d\u011bti, na zdravotn\u00ed a soci\u00e1ln\u00ed p\u00e9\u010di je v Holandsku 0%, v \u010cesku 15%!<a href=\"https:\/\/www.government.nl\/topics\/vat\/vat-rates-and-exemptions\">\u00a0Na l\u00e9ky se v Holandsku plat\u00ed pouze 9% da\u0148, v \u010cesku 15% da\u0148!<\/a>\u00a0Vysok\u00e9 dan\u011b v \u010cesku slou\u017e\u00ed k udr\u017eov\u00e1n\u00ed vysok\u00e9ho po\u010dtu fialov\u00fdch voli\u010d\u016f ve zbyte\u010dn\u00fdch funkc\u00edch a za zbyte\u010dn\u011b vysok\u00e9 platy! \u010ce\u0161i jsou proto chud\u00ed, proto\u017ee se nech\u00e1vaj\u00ed zbyte\u010dn\u011b vl\u00e1dou o\u017eebra\u010dovat!<\/p>\n<p><a href=\"https:\/\/www.salarisvanmorgen.nl\/2023\/01\/03\/maximale-beslagvrije-voet-per-1-januari-2023-en-loonbeslag\/\">V Holandsku je od 1.1.2023 tzv sazba bez exekuce,<\/a>\u00a0tedy \u010d\u00e1stka kterou exekutor nesm\u00ed zabavit stanovena a\u017e na \u00a01 872,81 EUR m\u011bs\u00ed\u010dn\u011b pro samostatn\u011b \u017eij\u00edc\u00edho \u010dlov\u011bka, a pro man\u017eele pe\u010duj\u00edc\u00ed aspo\u0148 o jedno d\u00edt\u011b a\u017e na 2 509,97 EUR, (62 tis\u00edc CZK). Jde o hroziv\u00fd paradox, proto\u017ee ve fialov\u00e9m \u010cesku dva zam\u011bstnan\u00ed rodi\u010de, a nebo jeden d\u016fchodce, ani nevyd\u011blaj\u00ed na exeku\u010dn\u011b nezabavitelnou \u010d\u00e1stku, kter\u00e1 plat\u00ed v Holandsku!<a href=\"https:\/\/schuldinfo.nl\/kosten-deurwaarder\/\">\u00a0Holandsk\u00e9 exekutorsk\u00e9 odm\u011bny jsou p\u0159itom ve srovn\u00e1n\u00ed s \u010desk\u00fdmi na prvn\u00ed pohled sm\u011b\u0161n\u00e9<\/a>.\u00a0<a href=\"https:\/\/www.ceskenoviny.cz\/zpravy\/exekutori-exekuci-ma-683-200-lidi-ubylo-jich-prumerny-dluh-se-ale-zvedl\/2240648\">689 tis\u00edc lid\u00ed v \u010cesku m\u00e1 exekuce<\/a>\u00a0a skoro 50% v\u0161ech \u010cech\u016f m\u00e1 mzdy a d\u016fchody ni\u017e\u0161\u00ed, ne\u017e je nejni\u017e\u0161\u00ed nezabaviteln\u00e1 \u010d\u00e1stka exekutorem v Holandsku! P\u0159itom \u010de\u0161t\u00ed soudci, kte\u0159\u00ed exekuce na\u0159izuj\u00ed, jsou v pom\u011bru o na po\u010det obyvatel 2 kr\u00e1t po\u010detn\u011bj\u0161\u00ed a maj\u00ed v pom\u011bru o 116 % vy\u0161\u0161\u00ed plat, ne\u017e soudci holand\u0161t\u00ed!<\/p>\n<p>\u010cesk\u00fd st\u00e1t je tak vlastn\u011b jedno velk\u00e9 exekutorsk\u00e9 v\u011bzen\u00ed, ve kter\u00e9m vl\u00e1dne vrchn\u00ed exekutor Fiala a jeho up\u00ed\u0159i! Bez brut\u00e1ln\u00ed redukce po\u010dt\u016f vysok\u00fdch a zbyte\u010dn\u00fdch a p\u0159eplacen\u00fdch st\u00e1tn\u00edch \u00fa\u0159edn\u00edk\u016f je ka\u017ed\u00e9 dal\u0161\u00ed zvy\u0161ov\u00e1n\u00ed dan\u00ed jenom krmen\u00edm \u00fa\u0159ednick\u00e9ho up\u00edra!\u00a0Co m\u00edsto toho p\u0159ipravuje fialov\u00e1 koalice \u2013 zvy\u0161ov\u00e1n\u00ed dan\u00ed, zvy\u0161ov\u00e1n\u00ed po\u010dt\u016f \u00fa\u0159edn\u00edk\u016f a jejich plat\u016f, a sni\u017eov\u00e1n\u00ed zdravotn\u00ed p\u00e9\u010de!<\/p>\n<p><a href=\"https:\/\/www.michalapetr.com\/map-1576-a-je-to-tady-brusel-zacal-narizovat-snizovani-duchodu-chudym-sebrat-bohatym-pridat\/\">Michael Svato\u0161<\/a><\/p>\n<p>&nbsp;<\/p>\n<p><img decoding=\"async\" loading=\"lazy\" class=\"wp-image-19187 aligncenter\" src=\"http:\/\/www.infokuryr.cz\/n\/wp-content\/uploads\/2022\/12\/1-PRO-300x36.jpg\" alt=\"\" width=\"1275\" height=\"153\" srcset=\"https:\/\/www.infokuryr.cz\/n\/wp-content\/uploads\/2022\/12\/1-PRO-300x36.jpg 300w, https:\/\/www.infokuryr.cz\/n\/wp-content\/uploads\/2022\/12\/1-PRO.jpg 699w\" sizes=\"(max-width: 1275px) 100vw, 1275px\" \/><\/p>\n<p>&nbsp;<\/p>\n<p>&nbsp;<\/p>\n","protected":false},"excerpt":{"rendered":"<p>Nesebere\u0161 lidem d\u016fchody, nedostane\u0161 \u017e\u00e1dn\u00e9 evropsk\u00e9 dotace, je nov\u00e9 na\u0159\u00edzen\u00ed Bruxelae! \u010cesk\u00fd d\u016fchodce m\u00e1 u\u017e&#8230;<\/p>\n","protected":false},"author":2,"featured_media":1024,"comment_status":"closed","ping_status":"closed","sticky":false,"template":"","format":"standard","meta":[],"categories":[6],"tags":[640,506,591,41,90],"_links":{"self":[{"href":"https:\/\/www.infokuryr.cz\/n\/wp-json\/wp\/v2\/posts\/21674"}],"collection":[{"href":"https:\/\/www.infokuryr.cz\/n\/wp-json\/wp\/v2\/posts"}],"about":[{"href":"https:\/\/www.infokuryr.cz\/n\/wp-json\/wp\/v2\/types\/post"}],"author":[{"embeddable":true,"href":"https:\/\/www.infokuryr.cz\/n\/wp-json\/wp\/v2\/users\/2"}],"replies":[{"embeddable":true,"href":"https:\/\/www.infokuryr.cz\/n\/wp-json\/wp\/v2\/comments?post=21674"}],"version-history":[{"count":0,"href":"https:\/\/www.infokuryr.cz\/n\/wp-json\/wp\/v2\/posts\/21674\/revisions"}],"wp:featuredmedia":[{"embeddable":true,"href":"https:\/\/www.infokuryr.cz\/n\/wp-json\/wp\/v2\/media\/1024"}],"wp:attachment":[{"href":"https:\/\/www.infokuryr.cz\/n\/wp-json\/wp\/v2\/media?parent=21674"}],"wp:term":[{"taxonomy":"category","embeddable":true,"href":"https:\/\/www.infokuryr.cz\/n\/wp-json\/wp\/v2\/categories?post=21674"},{"taxonomy":"post_tag","embeddable":true,"href":"https:\/\/www.infokuryr.cz\/n\/wp-json\/wp\/v2\/tags?post=21674"}],"curies":[{"name":"wp","href":"https:\/\/api.w.org\/{rel}","templated":true}]}}