{"id":21672,"date":"2023-01-23T05:32:16","date_gmt":"2023-01-23T04:32:16","guid":{"rendered":"http:\/\/www.infokuryr.cz\/n\/?p=21672"},"modified":"2023-01-23T05:32:16","modified_gmt":"2023-01-23T04:32:16","slug":"kdyz-halik-prosi-boha-o-podporu-petra-pavla","status":"publish","type":"post","link":"https:\/\/www.infokuryr.cz\/n\/2023\/01\/23\/kdyz-halik-prosi-boha-o-podporu-petra-pavla\/","title":{"rendered":"Kdy\u017e Hal\u00edk pros\u00ed Boha o podporu Petra Pavla"},"content":{"rendered":"<div id=\"fb-root\"><\/div>\n<div class=\"opener\"><strong>Je ot\u00e1zkou, jestli by se p\u0159edstavitel\u00e9 k\u0159es\u0165ansk\u00e9 c\u00edrkve nem\u011bli m\u00edsto toho, aby sv\u00fdm jedn\u00e1n\u00edm je\u0161t\u011b v\u00edce p\u0159il\u00e9vali olej do ohn\u011b, rad\u011bji nem\u011bli sna\u017eit usmi\u0159ovat na dv\u011b poloviny rozd\u011blen\u00fd n\u00e1rod.<\/strong><\/div>\n<div><\/div>\n<div class=\"opener\">Jak jsem se do\u010detl v\u010dera v \u010dl\u00e1nku\u00a0<a href=\"https:\/\/www.idnes.cz\/zpravy\/domaci\/halik-babis-jezulatko-karmelitani-akademicka-farnost-cirkev.A230120_164019_domaci_svm\" rel=\"nofollow\">zde<\/a>\u00a0na iDnes, zn\u00e1m\u00fd kn\u011bz a prezident \u010cesk\u00e9 k\u0159es\u0165ansk\u00e9 akademie Tom\u00e1\u0161 Hal\u00edk se p\u0159idal k \u0159ad\u011b ve\u0159ejn\u011b zn\u00e1m\u00fdch osobnost\u00ed, kter\u00e9 p\u0159ed druh\u00fdm kolem prezidentsk\u00fdch voleb podpo\u0159ily Petra Pavla. V\u00edt\u011bzstv\u00ed gener\u00e1la ve v\u00fdslu\u017eb\u011b mu z\u0159ejm\u011b le\u017e\u00ed na srdci tolik, \u017ee se s \u017e\u00e1dost\u00ed o jeho podporu obr\u00e1til sm\u011brem k nebes\u016fm, kdy\u017e na adresu jeho protivn\u00edka Andreje Babi\u0161e doslovn\u011b prohl\u00e1sil: \u201eMil\u00fd Je\u017e\u00ed\u0161ku, pros\u00edm t\u011b o pomoc poslat Andreje Babi\u0161e tam, kam pat\u0159\u00ed. Pra\u017esk\u00fd hrad to ur\u010dit\u011b nen\u00ed, to by se na\u0161i svat\u00ed a na\u0161i kr\u00e1lov\u00e9, kte\u0159\u00ed jsou tam poh\u0159beni, museli obracet v hrobech!\u201c<\/div>\n<div id=\"art-text\" class=\"text\">\n<p>Ve sv\u00e9m proslovu nav\u00edc pod\u011bkoval Bos\u00fdm karmelit\u00e1n\u016fm za to, \u017ee se v \u00fater\u00fd dopoledne v tomto t\u00fddnu rozhodli zav\u0159\u00edt kostel Pra\u017esk\u00e9ho Jezul\u00e1tka na Mal\u00e9 Stran\u011b pot\u00e9, co prezidentsk\u00fd kandid\u00e1t Andrej Babi\u0161 ozn\u00e1mil sv\u016fj \u00famysl ho nav\u0161t\u00edvit. Dle Hal\u00edka tak zabr\u00e1nili dal\u0161\u00edmu zneu\u017eit\u00ed Jezul\u00e1tka v politick\u00e9 kampani, kter\u00e1 je dle jeho m\u00edn\u011bn\u00ed pln\u00e1 l\u017e\u00ed, podvod\u016f, demagogie a nen\u00e1visti.<\/p>\n<p>\u017de je prezidentsk\u00e1 kampa\u0148 p\u0159ed druh\u00fdm kolem pln\u00e1 l\u017e\u00ed, demagogie a p\u0159edev\u0161\u00edm nen\u00e1visti, v tom m\u00e1 bohu\u017eel monsignore Tom\u00e1\u0161 Hal\u00edk pravdu. Ot\u00e1zkou ov\u0161em je, jestli by se p\u0159edstavitel\u00e9 k\u0159es\u0165ansk\u00e9 c\u00edrkve nem\u011bli m\u00edsto toho, aby sv\u00fdm jedn\u00e1n\u00edm je\u0161t\u011b v\u00edce p\u0159il\u00e9vali olej do ohn\u011b, rad\u011bji nem\u011bli sna\u017eit usmi\u0159ovat na dv\u011b poloviny rozd\u011blen\u00fd n\u00e1rod.<\/p>\n<p>U\u017e po\u010din pra\u017esk\u00fdch karmelit\u00e1n\u016f mi p\u0159i\u0161el trochu trapn\u00fd. N\u011bkdo sice m\u016f\u017ee opr\u00e1vn\u011bn\u011b kroutit hlavou nad t\u00edm, \u017ee zrovna Andrej Babi\u0161 jako\u017eto p\u0159edlistopadov\u00fd \u010dlen KS\u010c cht\u011bl n\u00e1v\u0161t\u011bvou kostela Pra\u017esk\u00e9ho Jezul\u00e1tka z\u00edskat p\u0159\u00edze\u0148 v\u011b\u0159\u00edc\u00edch voli\u010d\u016f, ov\u0161em na druhou stranu v kostele se nem\u011bl odehr\u00e1vat \u017e\u00e1dn\u00fd politick\u00fd m\u00edtink \u010di setk\u00e1n\u00ed s voli\u010di. A dle k\u0159es\u0165ansk\u00e9ho u\u010den\u00ed by ve vstupu do c\u00edrkevn\u00edho svatost\u00e1nku nem\u011blo b\u00fdt zabra\u0148ov\u00e1no nikomu, ani kdyby nap\u0159\u00edklad \u0161lo o vraha nebo mnohokr\u00e1t trestan\u00e9ho recidivistu. Je\u0161t\u011b mnohem trapn\u011bj\u0161\u00ed pak byl proslov jednoho kn\u011bze na ned\u011bln\u00ed bohoslu\u017eb\u011b v Rokytnici nad Rokytnou (viz odkaz\u00a0<a href=\"https:\/\/www.idnes.cz\/zpravy\/domaci\/knez-babis-volby-rokytnice-nad-rokytnou.A230119_131508_domaci_svm\" rel=\"nofollow\">zde<\/a>), kter\u00fd sv\u00fdm farn\u00edk\u016fm sd\u011blil, \u017ee douf\u00e1, \u017ee nikdo z nich nevolil v prvn\u00edm kole Andreje Babi\u0161e, a vyzval je, aby se k tomu p\u0159\u00edpadn\u011b nehl\u00e1sili, nebo\u0165 by jim v takov\u00e9m p\u0159\u00edpad\u011b ubl\u00ed\u017eil. Rokytnick\u00fd far\u00e1\u0159 pozd\u011bji tvrdil, \u017ee \u0161lo jen o vtip \u2013 pokud ano, pak tedy byl hodn\u011b nepoveden\u00fd, nebo\u0165 to, co se v prvn\u00ed polovin\u011b kampan\u011b p\u0159ed druh\u00fdm kolem odehr\u00e1v\u00e1, opravdu \u010dasto k sm\u00edchu nen\u00ed.<\/p>\n<p>Andrej Babi\u0161 byl ve v\u011bt\u0161in\u011b m\u00e9di\u00ed ost\u0159e kritizov\u00e1n za sv\u016fj proslov na tiskov\u00e9 konferenci, kter\u00e1 prob\u011bhla v den skon\u010den\u00ed prvn\u00edho kola, v n\u011bm\u017e ho Petr Pavel t\u011bsn\u011b porazil. Je pravdou, \u017ee na n\u00ed byl sm\u011brem k sv\u00e9mu protikandid\u00e1tovi zbyte\u010dn\u011b moc agresivn\u00ed a zejm\u00e9na p\u0159irovn\u00e1n\u00ed n\u011bkdej\u0161\u00edho p\u0159edsedy vojensk\u00e9ho v\u00fdboru NATO k Vladim\u00edru Putinovi (s t\u00edm, \u017ee oba dva byli \u0161koleni na vojensk\u00e9 rozv\u011bd\u010d\u00edky) bylo dost nevkusn\u00e9. Ov\u0161em olej do ohn\u011b p\u0159ilil n\u011bkter\u00fdmi sv\u00fdmi v\u00fdroky i Petr Pavel nebo pora\u017een\u00e1 kandid\u00e1tka Danu\u0161e Nerudov\u00e1, kdy\u017e p\u0159i koment\u00e1\u0159i sv\u00e9ho volebn\u00edho v\u00fdsledku ozna\u010dila Andreje Babi\u0161e za \u201evelk\u00e9 zlo\u201c.<\/p>\n<p>A p\u0159edev\u0161\u00edm pak i ne zrovna poveden\u00e1 Babi\u0161ova tiskovka \u010di n\u011bkter\u00e9 jeho billboardy neoprav\u0148uj\u00ed p\u0159\u00edznivce Petra Pavla k tomu, aby b\u00fdval\u00e9mu premi\u00e9rovi a p\u0159edsedovi hnut\u00ed ANO nap\u0159\u00edklad zabra\u0148ovali ke vstupu na n\u00e1m\u011bst\u00ed v Jablonci, hlasit\u00fdm p\u00edskotem se mu sna\u017eili znemo\u017enit promluvit ke sv\u00fdm p\u0159\u00edznivc\u016fm, jeho voli\u010de ozna\u010dovali na soci\u00e1ln\u00edch s\u00edt\u00edch za spodinu \u010di hloup\u00e9 venkovany apod. D\u011bje se snad n\u011bco takov\u00e9ho z opa\u010dn\u00e9ho t\u00e1bora?<\/p>\n<p>Dle dne\u0161n\u00edch zpr\u00e1v do\u0161la vz\u00e1jemn\u00e1 nevra\u017eivost dokonce ji\u017e tak daleko, \u017ee dle tvrzen\u00ed Andreje Babi\u0161e p\u0159i\u0161el jeho man\u017eelce Monice v dopisn\u00ed ob\u00e1lce ostr\u00fd n\u00e1boj. O d\u016fvod v\u00edc k tomu, aby se nejenom monsignore Hal\u00edk, ale i dal\u0161\u00ed p\u0159edstavitel\u00e9 c\u00edrkve a jin\u00e9 ve\u0159ejn\u011b zn\u00e1m\u00e9 osobnosti s mor\u00e1ln\u00ed autoritou m\u00edsto na po\u0161pi\u0148ov\u00e1n\u00ed \u201enen\u00e1vid\u011bn\u00e9ho kandid\u00e1ta\u201c (a\u0165 u\u017e je j\u00edm pro n\u011bkoho Andrej Babi\u0161 a pro jin\u00e9ho zase Petr Pavel) sp\u00ed\u0161e soust\u0159edili na odsuzov\u00e1n\u00ed jak\u00fdchkoliv nen\u00e1vistn\u00fdch projev\u016f a usmi\u0159ov\u00e1n\u00ed obou znep\u0159\u00e1telen\u00fdch t\u00e1bor\u016f.<\/p>\n<\/div>\n<p><a href=\"https:\/\/nozicka.blog.idnes.cz\/blog.aspx?c=797035\">Josef No\u017ei\u010dka<\/a><\/p>\n<p>&nbsp;<\/p>\n<p><img decoding=\"async\" loading=\"lazy\" class=\"wp-image-19187 aligncenter\" src=\"http:\/\/www.infokuryr.cz\/n\/wp-content\/uploads\/2022\/12\/1-PRO-300x36.jpg\" alt=\"\" width=\"1267\" height=\"152\" srcset=\"https:\/\/www.infokuryr.cz\/n\/wp-content\/uploads\/2022\/12\/1-PRO-300x36.jpg 300w, https:\/\/www.infokuryr.cz\/n\/wp-content\/uploads\/2022\/12\/1-PRO.jpg 699w\" sizes=\"(max-width: 1267px) 100vw, 1267px\" \/><\/p>\n<p>&nbsp;<\/p>\n<p>&nbsp;<\/p>\n","protected":false},"excerpt":{"rendered":"<p>Je ot\u00e1zkou, jestli by se p\u0159edstavitel\u00e9 k\u0159es\u0165ansk\u00e9 c\u00edrkve nem\u011bli m\u00edsto toho, aby sv\u00fdm jedn\u00e1n\u00edm je\u0161t\u011b&#8230;<\/p>\n","protected":false},"author":2,"featured_media":21673,"comment_status":"closed","ping_status":"closed","sticky":false,"template":"","format":"standard","meta":[],"categories":[6],"tags":[963,29,869,4257,27],"_links":{"self":[{"href":"https:\/\/www.infokuryr.cz\/n\/wp-json\/wp\/v2\/posts\/21672"}],"collection":[{"href":"https:\/\/www.infokuryr.cz\/n\/wp-json\/wp\/v2\/posts"}],"about":[{"href":"https:\/\/www.infokuryr.cz\/n\/wp-json\/wp\/v2\/types\/post"}],"author":[{"embeddable":true,"href":"https:\/\/www.infokuryr.cz\/n\/wp-json\/wp\/v2\/users\/2"}],"replies":[{"embeddable":true,"href":"https:\/\/www.infokuryr.cz\/n\/wp-json\/wp\/v2\/comments?post=21672"}],"version-history":[{"count":0,"href":"https:\/\/www.infokuryr.cz\/n\/wp-json\/wp\/v2\/posts\/21672\/revisions"}],"wp:featuredmedia":[{"embeddable":true,"href":"https:\/\/www.infokuryr.cz\/n\/wp-json\/wp\/v2\/media\/21673"}],"wp:attachment":[{"href":"https:\/\/www.infokuryr.cz\/n\/wp-json\/wp\/v2\/media?parent=21672"}],"wp:term":[{"taxonomy":"category","embeddable":true,"href":"https:\/\/www.infokuryr.cz\/n\/wp-json\/wp\/v2\/categories?post=21672"},{"taxonomy":"post_tag","embeddable":true,"href":"https:\/\/www.infokuryr.cz\/n\/wp-json\/wp\/v2\/tags?post=21672"}],"curies":[{"name":"wp","href":"https:\/\/api.w.org\/{rel}","templated":true}]}}