{"id":21662,"date":"2023-01-23T01:14:53","date_gmt":"2023-01-23T00:14:53","guid":{"rendered":"http:\/\/www.infokuryr.cz\/n\/?p=21662"},"modified":"2023-01-22T18:23:19","modified_gmt":"2023-01-22T17:23:19","slug":"jane-kaufman-co-je-nutno-udelat-aby-byla-valka-na-ukrajine-skoncena","status":"publish","type":"post","link":"https:\/\/www.infokuryr.cz\/n\/2023\/01\/23\/jane-kaufman-co-je-nutno-udelat-aby-byla-valka-na-ukrajine-skoncena\/","title":{"rendered":"Jane Kaufman: Co je nutno ud\u011blat, aby byla v\u00e1lka na Ukrajin\u011b skon\u010dena"},"content":{"rendered":"<div id=\"fb-root\"><\/div>\n<p><a href=\"https:\/\/www.youtube.com\/watch?v=ZToKlO8Ol_I\">Plukovn\u00edk<\/a> Douglas MacGregor je toho n\u00e1zoru, \u017ee Rusov\u00e9 maj\u00ed na Ukrajin\u011b celkem t\u0159i c\u00edle. Prvn\u011b budou muset od\u0159\u00edznout Polsko od Ukrajiny, aby zajistili, \u017ee odtud nebudou dov\u00e1\u017eeny \u017e\u00e1dn\u00e9 dal\u0161\u00ed z\u00e1padn\u00ed zbran\u011b a vojensk\u00e1 v\u00fdbava. A pak budou muset docela zni\u010dit ukrajinskou arm\u00e1du, anebo sp\u00ed\u0161e \u2013 jej\u00ed zbytky. Na v\u00fdchodn\u00ed stran\u011b Dn\u011bpru to bude snadn\u00e9, tam u\u017e je o to prakticky postar\u00e1no. Z\u00e1padn\u00ed strana \u0159eky bude trochu obt\u00ed\u017en\u011bj\u0161\u00ed.<\/p>\n<p>T\u00edm p\u00e1dem v\u0161ech 194 000 ukrajinsk\u00fdch voj\u00e1k\u016f, plus p\u0159\u00eddavn\u00ed cizinci-\u017eoldn\u00e9\u0159i zahynou.<\/p>\n<p>A pak bude nutno se postarat o Kyjev, p\u0159evz\u00edt m\u011bsto a rozpustit vl\u00e1du, se kterou nen\u00ed mo\u017eno jednat. Zelensk\u00fd je zjevn\u00e1 loutka Z\u00e1padu, d\u011bl\u00e1 v\u0161ecko, co mu Washington p\u0159ik\u00e1\u017ee a na jeho slovo nen\u00ed mo\u017eno spolehnout. A Z\u00e1pad mu p\u0159ik\u00e1zal, \u017ee mus\u00ed podporovat v\u0161e, co by mohlo Rusku jakkoliv ubl\u00ed\u017eit, pon\u00ed\u017eit je i s\u00a0jeho lidmi. T\u00edm byly zma\u0159eny v\u0161ecky mo\u017enosti \u00fasp\u011bchu s\u00a0vyjedn\u00e1v\u00e1n\u00edm a Rusov\u00e9 to dob\u0159e v\u011bd\u00ed. Proto museli vz\u00edt na Ukrajinu d\u011bla, tanky, letadla, bomby a rakety \u2013 zde nebylo \u017e\u00e1dn\u00e9 jin\u00e9 \u0159e\u0161en\u00ed.<\/p>\n<p>Vedouc\u00ed z\u00e1padn\u00edch st\u00e1t\u016f rovn\u011b\u017e dlouho nevydr\u017e\u00ed v\u00a0tom sestaven\u00ed, v\u00a0jak\u00e9m jsou dnes. Ti v\u0161ichni budou vbrzku odsunuti stranou a zapomenuti. Macron, Scholz, Biden, ti v\u0161ichni brzy skon\u010d\u00ed a nikdo je nebude litovat. Jak\u00e9koliv jedn\u00e1n\u00ed s\u00a0nimi by stejn\u011b bylo pl\u00fdtv\u00e1n\u00ed \u010dasu.<\/p>\n<p><span style=\"font-size: 18pt;\"><strong>Ukrajina bude naprosto zni\u010dena<\/strong><\/span><\/p>\n<p>Scott Ritter je <a href=\"https:\/\/www.youtube.com\/watch?v=CIDZ0lBkfnE\">naprosto p\u0159esv\u011bd\u010den<\/a> o tom, \u017ee Rusov\u00e9 zni\u010d\u00ed na Ukrajin\u011b nejen v\u0161ecky zbran\u011b, kter\u00e9 tam NATO a Amerika napos\u00edlali, ale i v\u0161ecko ostatn\u00ed. Zde nen\u00ed jin\u00e9 \u0159e\u0161en\u00ed; Rusko prost\u011b mus\u00ed Ukrajinu zni\u010dit. Teprve a\u017e tato zem\u011b naprosto zkolapsuje, spolu s\u00a0n\u00ed zkolapsuje i Zelensk\u00e9ho vl\u00e1da, nesmysln\u011b Z\u00e1padem podporovan\u00e1. I ta mus\u00ed padnout, proto\u017ee jinak by Rusov\u00e9 nikdy nedoc\u00edlili denazifikaci zem\u011b.<\/p>\n<p>Nov\u00e1 ukrajinsk\u00e1 vl\u00e1da u\u017e nebude m\u00edt podporu NATO, proto\u017ee nebude m\u00edt arm\u00e1du. A tak budou donuceni p\u0159ijmout podm\u00ednky, kter\u00e9 jim Rusko nadiktuje.<\/p>\n<p>Jak ji\u017e bylo naps\u00e1no d\u0159\u00edve, NATO m\u016f\u017ee j\u00edt do v\u00e1lky pouze ve dvou p\u0159\u00edpadech. Ten prvn\u00ed jim dovoluje \u010cl\u00e1nek \u010d. 5 jejich zakl\u00e1dac\u00edho dokumentu, kter\u00fd \u0159\u00edk\u00e1, \u017ee kdy\u017e je jeden \u010dlen spole\u010denstv\u00ed napaden, NATO m\u016f\u017ee uva\u017eovat o tom, \u017ee mu pom\u016f\u017ee. Nemus\u00ed to b\u00fdt v\u00fdhradn\u011b vojensk\u00e1 pomoc. \u010cl\u00e1nek 5 byl pou\u017eit pouze jednou, p\u0159i 9\/11.<\/p>\n<p>A pak je zde druh\u00e1 mo\u017enost, kterou poskytuje \u010cl\u00e1nek 4. Podle jeho p\u0159\u00edkaz\u016f mus\u00ed NATO svolat poradu \u010dlensk\u00fdch st\u00e1t\u016f a teprve jestli\u017ee se tito rozhodnou, \u017ee situace p\u0159edstavuje ohro\u017een\u00ed jejich vlastn\u00ed bezpe\u010dnosti, mohou se uch\u00fdlit k vojensk\u00e9mu z\u00e1sahu. Tento \u010dl\u00e1nek byl vyu\u017eit ve v\u0161ech boj\u00edch, kter\u00e9 NATO vedlo, p\u0159esto \u017ee ani jeden z\u00a0nich neohro\u017eoval jejich bezpe\u010dnost.<\/p>\n<p>Jak by mohly n\u011bjak\u00e9 m\u00edstn\u00ed t\u0159enice v Libyi, Afghanist\u00e1nu, Ir\u00e1ku, Jugosl\u00e1vii ohro\u017eovat NATO bezpe\u010dnost? Nijak, to je p\u0159ece nab\u00edledni!<\/p>\n<p><span style=\"font-size: 18pt;\"><strong>Baltick\u00e9 st\u00e1ty a Polsko se p\u0159ece\u0148uj\u00ed<\/strong><\/span><\/p>\n<p>Baltick\u00e9 st\u00e1ty a Polsko ji\u017e zkou\u0161ely spustit \u010cl\u00e1nek 4, kv\u016fli situaci na Ukrajin\u011b. Ale NATO nebylo ochotno d\u00e1t se k\u00a0n\u011b\u010demu takov\u00e9mu vyprovokovat. Jejich p\u0159\u00edstup je jasn\u00fd, za ka\u017edou cenu cht\u011bj\u00ed odvr\u00e1tit mo\u017enost p\u0159\u00edm\u00e9ho konfliktu s\u00a0Ruskem. Budou Rusko popichovat, dod\u00e1vat jejich protivn\u00edkovi zbran\u011b a potajmu i sv\u00e9 lidi, ale otev\u0159en\u011b bojovat s\u00a0Rusy, to v\u00a0\u017e\u00e1dn\u00e9m p\u0159\u00edpad\u011b. Je k\u00a0tomu jednoduch\u00fd d\u016fvod, dob\u0159e v\u00ed, \u017ee by prohr\u00e1li a je\u0161t\u011b by to st\u00e1lo moc pen\u011bz.<\/p>\n<p>Zato Baltick\u00e9 st\u00e1ty a Polsko se nem\u00edn\u00ed nechat odradit, i kdy\u017e v\u00a0Polsku ji\u017e jsou proti tomuto pl\u00e1nu ve\u0159ejn\u00e9 protesty. Zjevn\u011b nedovedou myslet do budoucna a pak p\u0159ece\u0148uj\u00ed sv\u00e9 s\u00edly. A je v\u00a0tom mo\u017en\u00e1 i trochu popichov\u00e1n\u00ed ze strany NATO, kter\u00e9 Polsko k\u00a0\u00fatoku podn\u011bcuje.<\/p>\n<p>Tak\u017ee kdy\u017e by Polsko nakonec vt\u00e1hlo na Ukrajinu, proto\u017ee j\u00ed chce notn\u00fd kus uchv\u00e1tit pro sebe, bude tam bez ochrany \u010cl\u00e1nku \u010d. 4 a bez ochrany NATO. Bude tam samo na sv\u00fdch. A v\u0161ichni z\u00a0nich, tak, jak tam vt\u00e1hnou, tak u\u017e se nevr\u00e1t\u00ed, proto\u017ee zahynou.<\/p>\n<p><span style=\"font-size: 18pt;\"><strong>\u017d\u00e1dn\u00e9 rozkouskov\u00e1n\u00ed Ukrajiny<\/strong><\/span><\/p>\n<p>Rusko nedovol\u00ed, aby Polsko p\u0159evzalo Z\u00e1padn\u00ed Ukrajinu. To je ten hlavn\u00ed d\u016fvod, pro\u010d se Rusov\u00e9 a B\u011blorusov\u00e9 spojili dohromady, postavili obrovskou arm\u00e1du, zhruba 3\/4 milionu lid\u00ed, proto\u017ee n\u011bco takov\u00e9ho o\u010dek\u00e1vaj\u00ed a v\u00a0p\u0159\u00edpad\u011b pot\u0159eby jsou ochotni spole\u010dn\u011b zakro\u010dit. B\u011blorusk\u00fd President Luka\u0161enko to \u0159ekl naprosto z\u0159eteln\u011b a jasn\u011b: jeho vojska nebudou na Ukrajin\u011b bojovat, leda \u017ee by je Ukrajina sama napadla, anebo kdyby Pol\u00e1ci vt\u00e1hli do zem\u011b se z\u00e1m\u011brem uchv\u00e1tit jej\u00ed z\u00e1padn\u00ed \u010d\u00e1st.<\/p>\n<p>Polsko by t\u00edm toti\u017e zna\u010dn\u011b prodlou\u017eilo jejich hranice s\u00a0B\u011bloruskem a celou zemi by takto obkl\u00ed\u010dili. Tak\u017ee jestli\u017ee se Pol\u00e1ci o n\u011bco takov\u00e9ho pokus\u00ed, pak dostanou od B\u011bloruska bit\u00ed.<\/p>\n<p><span style=\"font-size: 18pt;\"><strong>Stejn\u011b jako Turecko<\/strong><\/span><\/p>\n<p>Pol\u00e1ci se zjevn\u011b nepou\u010dili z\u00a0historie, tak\u017ee je na Ukrajin\u011b \u010dek\u00e1 p\u0159ekvapen\u00ed \u2013 pokud se ov\u0161em k\u00a0vojensk\u00e9mu \u00fatoku odhodlaj\u00ed. Pak by se jim vedlo stejn\u011b jako Turecku, kter\u00e9 napadlo Syrii. Turecko je rovn\u011b\u017e NATO zem\u011b, ale kdy\u017e vtrhli do Syrie, nebyli tam jako jeden z\u00a0NATO st\u00e1t\u016f, ale byli tam jako tureck\u00e1 arm\u00e1da. T\u00edm p\u00e1dem se na n\u011b nevztahoval Odstavec \u010d. 4 a nem\u011bli NATO ochranu.<\/p>\n<p>Kdy\u017e pak je Rusov\u00e9 zbombardovali, tak volali do sv\u011bta po Odstavci \u010d. 4, ale NATO \u0159eklo: \u201ene, ne, sami jste si tu v\u00e1lku ukuchtili, sami si ji sn\u011bzte\u201c a nechali je na holi\u010dk\u00e1ch.<\/p>\n<p>Jestli\u017ee Polsko opravdu ud\u011bl\u00e1 tu hloupost a vt\u00e1hne na Ukrajinu, pak dopadnou obdobn\u011b. Nejsp\u00ed\u0161 to dob\u0159e v\u00ed, ale p\u0159ece\u0148uj\u00ed sv\u00e9 s\u00edly. Mo\u017en\u00e1 si mysl\u00ed, \u017ee pevn\u00e9 odhodl\u00e1n\u00ed sta\u010d\u00ed, ale to nen\u00ed jak v\u00e1lky funguj\u00ed.<\/p>\n<p><span style=\"font-size: 18pt;\"><strong>Rusov\u00e9 zat\u00edm p\u0159e\u0161li do \u00fatoku<\/strong><\/span><\/p>\n<p><a href=\"https:\/\/halturnerradioshow.com\/index.php\/en\/news-page\/world\/russian-official-put-zircon-hypersonic-missiles-100-miles-from-potomac-river\">Z\u00e1stupce p\u0159edsedy<\/a> V\u00fdboru rusk\u00e9 federace, Dimitrij Medv\u011bd\u011bv prohl\u00e1sil, \u017ee Rusko by m\u011blo um\u00edstit hypersonick\u00e9 rakety typu Zirkon do bl\u00edzkosti Washingtonu D.C., do mezin\u00e1rodn\u00edch vod. Necel\u00fdch 200 km od m\u011bsta by to sta\u010dilo, nechat tam st\u00e1t lo\u010f s\u00a0raketami.<\/p>\n<p>Medv\u011bd\u011bv toto \u0159ekl na opl\u00e1tku, proti \u00fatoku propagandy z\u00a0ambas\u00e1dy Spojen\u00fdch st\u00e1t\u016f, o kter\u00e9 se vyj\u00e1d\u0159il, \u017ee je to \u201ecynick\u00e1 snaha o pou\u017eit\u00ed nacistick\u00fdch zp\u016fsob\u016f propagandy.\u201c<\/p>\n<p>Americk\u00e1 ambas\u00e1da dala toti\u017e na Twitter podivn\u00e9, manipulativn\u00ed video (je na str\u00e1nce) a k\u00a0n\u011bmu celkem ne\u0161ikovn\u00fd text v\u00a0Ru\u0161tin\u011b, kter\u00fd \u0159\u00edk\u00e1: <em>\u201eNa\u0161e zem\u011b m\u011bly v pr\u016fb\u011bhu historie spole\u010dn\u00e9 kultury a \u00fasp\u011bchy. V\u011b\u0159\u00edme, \u017ee to, co se d\u011bje (na Ukrajin\u011b), v\u00e1s nen\u00ed hodno, a jsme solid\u00e1rn\u00ed s ka\u017ed\u00fdm z v\u00e1s, kdo usilujete o m\u00edrov\u011bj\u0161\u00ed budoucnost.\u201c<\/em><\/p>\n<p>Na to Medv\u011bd\u011bv prohl\u00e1sil, \u017ee <em>\u201eTen hlavn\u00ed dar do Nov\u00e9ho roku je arsen\u00e1l Zirkon raket, kter\u00e9 v\u010dera vypluly k\u00a0b\u0159eh\u016fm NATO zem\u00ed.\u201c<\/em> A opravdu, rusk\u00e1 lo\u010f byla spat\u0159ena ve skotsk\u00fdch vod\u00e1ch. Rusko pozd\u011bji ozn\u00e1milo, \u017ee pos\u00edlaj\u00ed v\u00e1le\u010dnou lo\u010f \u201eAdmir\u00e1l Gor\u0161kov,\u201c vybavenou Zirkon hypersonick\u00fdmi raketami na del\u0161\u00ed cestu, skrze Atlantick\u00fd oce\u00e1n, Indick\u00fd oce\u00e1n a St\u0159edozemn\u00ed mo\u0159e.<\/p>\n<p>Podle informac\u00ed ze \u201eSpole\u010dnosti pro raketovou obranu,\u201c rakety Zirkon let\u00ed rychlost\u00ed 500 a\u017e 1000 km\/hod.<\/p>\n<p><span style=\"font-size: 18pt;\"><strong>Biden by te\u010f m\u011bl zabrat<\/strong><\/span><\/p>\n<p><a href=\"https:\/\/www.youtube.com\/watch?v=PQDFTNw2oOo\">Jak \u0159\u00edk\u00e1<\/a> Scott Ritter, americk\u00fd President Joe Biden by te\u010f m\u011bl napnout s\u00edly, aby odvr\u00e1til katastrofu. V\u00e1lka na Ukrajin\u011b se nesm\u00ed t\u00e1hnout d\u00e1l, proto\u017ee jinak se z\u00a0n\u00ed vyvinou nekone\u010dn\u00e9 komplikace. \u017de Ukrajinci tuto v\u00e1lku prohr\u00e1li, je v\u00edc ne\u017e zjevn\u00e9. Te\u010f zb\u00fdv\u00e1 vid\u011bt, jak velk\u00fd je limit rusk\u00e9ho v\u00edt\u011bzstv\u00ed. Je d\u00e1n hranicemi Ukrajiny, anebo jde d\u00e1l, za n\u011b?<\/p>\n<p>Kdybyste se zeptali oby\u010dejn\u00fdch Ameri\u010dan\u016f co si mysl\u00ed o v\u00e1lce na Ukrajin\u011b, tak v\u011bt\u0161ina z\u00a0nich nebude schopna odpov\u011bd\u011bt. Nen\u00ed divu, v\u017edy\u0165 by ani nedok\u00e1zali uk\u00e1zat Ukrajinu na map\u011b, tak m\u00e1lo v\u00ed o sv\u011bt\u011b. Nemaj\u00ed v\u016fbec pon\u011bt\u00ed o co jde a stejn\u011b tak nev\u00ed, pro\u010d je to d\u016fle\u017eit\u00e9. To je ten skute\u010dn\u00fd d\u016fvod, pro\u010d si m\u016f\u017ee Amerika dovolit podporovat re\u017eim, kter\u00fd z\u00a0intelektu\u00e1ln\u00edho a mor\u00e1ln\u00edho hlediska je naprosto neobhajiteln\u00fd. Re\u017eim, kter\u00fd vyzdvihuje \u0160t\u011bp\u00e1na Banderu, hromadn\u00e9ho vraha a jeho ideologii. N\u011bco tak odporn\u00e9ho by pohor\u0161ilo ka\u017ed\u00e9ho \u010dlov\u011bka.<\/p>\n<p><span style=\"font-size: 18pt;\"><strong>Evropa je na tom zle a Ukrajina je vy\u0159\u00edzena<\/strong><\/span><\/p>\n<p>Evropa proch\u00e1z\u00ed t\u011b\u017ek\u00fdmi dobami a \u010dek\u00e1 je tvrd\u00e1 zima, ale to je\u0161t\u011b nen\u00ed nic proti tomu, jak\u00e1 bude ta dal\u0161\u00ed zima. Pokud sou\u010dasn\u00e1 situace p\u0159etrv\u00e1, ta dal\u0161\u00ed zima bude katastrof\u00e1ln\u00ed. U\u017e nebudou m\u00edt levn\u00fd rusk\u00fd plyn a ropu \u2013 sami se toho dobrovoln\u011b vzdali. Mysleli si, \u017ee t\u00edm ubli\u017euj\u00ed Rusku a zat\u00edm ubl\u00ed\u017eili sob\u011b. Kdo jin\u00e9mu j\u00e1mu kop\u00e1 \u2026 a tak d\u00e1le.<\/p>\n<p>Letos to je\u0161t\u011b \u0161lo zvl\u00e1dnout, z\u00e1soby plynu byly na 50%, kdy\u017e vyhl\u00e1sili sankce, tak\u017ee zb\u00fdvalo jen p\u0159ikoupit. Ale p\u0159\u00ed\u0161t\u00ed rok, to za\u010dnou od 0% a v\u0161ecek ten zbytek budou muset naplnit drah\u00fdm a nekvalitn\u00edm tekut\u00fdm plynem z\u00a0Ameriky a kdov\u00ed odkud jinde. U\u017e te\u010f, evropsk\u00e9 z\u00e1soby plynu jsou na 80% a to je\u0161t\u011b zima neskon\u010dila.<\/p>\n<p>Ukrajina je naprosto vy\u0159\u00edzena. V\u0161ecko to \u0161patn\u00e9, co se d\u011bje te\u010f, m\u016f\u017ee pokra\u010dovat je\u0161t\u011b velmi dlouho a Ukrajina nem\u00e1 \u017e\u00e1dn\u00fd n\u00e1hradn\u00ed pl\u00e1n, na kter\u00fd by se mohla obr\u00e1tit. Biden se to bude sna\u017eit n\u011bjak urovnat, ale nebude to v\u016fbec snadn\u00e9.<\/p>\n<p>To nejlep\u0161\u00ed by bylo, nechat Rusko zni\u010dit co mohou, v\u00a0\u010dem\u017e jim ukrajinsk\u00e1 arm\u00e1da vydatn\u011b a ochotn\u011b pom\u00e1h\u00e1 a pak cel\u00fd konflikt skon\u010dit s\u00a0t\u00edm, \u017ee Rusko Ukrajinu p\u0159evezme a znovu ji vybuduje. Pak teprve uvid\u00edme, jak budou Rusov\u00e9 kolem toho tan\u010dit, proto\u017ee budou nutn\u011b pot\u0159ebovat pomoc. \u010c\u00edna nebude s\u00a0nejv\u011bt\u0161\u00ed pravd\u011bpodobnost\u00ed schopna jim ve\u0161kerou pot\u0159ebnou pomoc poskytnout, tak\u017ee se budou muset obr\u00e1tit o pomoc do Evropy.<\/p>\n<p>Rusko to v\u0161ecko dob\u0159e v\u00ed. Proto celou v\u00e1lku vedou velmi odm\u011b\u0159en\u011b, br\u00e1n\u00ed se divok\u00fdm akc\u00edm, kter\u00e9 by je na posledn\u00edm \u0159\u00e1dku, p\u0159i kone\u010dn\u00e9m s\u010d\u00edt\u00e1n\u00ed st\u00e1ly moc pen\u011bz.<\/p>\n<p><span style=\"font-size: 18pt;\"><strong>Budoucnost cel\u00e9ho sv\u011bta z\u00e1vis\u00ed na Rusku<\/strong><\/span><\/p>\n<p>Jedin\u00e1 nad\u011bje, kterou dnes n\u00e1\u0161 sv\u011bt m\u00e1 je, \u017ee Rusko co nejd\u0159\u00edve v\u00e1lku vyhraje a boje na Ukrajin\u011b t\u00edm nadobro skon\u010d\u00ed. Dal\u0161\u00ed podm\u00ednka je, \u017ee Z\u00e1pad se kv\u016fli tomu nezbl\u00e1zn\u00ed a nebude Rusy zkou\u0161et zni\u010dit jadernou v\u00e1lkou. Jak\u00e9koliv jin\u00e9 \u0159e\u0161en\u00ed by vy\u00fastilo v\u00a0naru\u0161en\u00ed glob\u00e1ln\u00ed stability, Celosv\u011btov\u00e1 ekonomie nem\u016f\u017ee existovat v\u00a0takov\u00e9m chaosu, kdy ka\u017ed\u00fd, kdo m\u016f\u017ee, uvaluje sankce na toho druh\u00e9ho.<\/p>\n<p>Ta mo\u017enost, \u017ee sankce proti Rusku (a jin\u00fdm) budou zru\u0161eny nastane jen tehdy, kdy\u017e Rusko na Ukrajin\u011b vyhraje a bude diktovat podm\u00ednky m\u00edrov\u00e9 smlouvy. Jinak skon\u010d\u00edme celosv\u011btov\u011b s\u00a0trvalou v\u00e1lkou, p\u0159esn\u011b podle Orwellovy knihy \u201e1984,\u201c jen\u017ee to bude o p\u00e1r let pozd\u011bji, \u201e2024.\u201c Byla by to v\u00e1lka zdlouhav\u00e1, zam\u011b\u0159en\u00e1 na zni\u010den\u00ed Ruska a po Rusku p\u0159ijde na \u0159adu Evropa a po\u0159\u00e1d se bude v\u00e1l\u010dit, jen aby si Spojen\u00e9 st\u00e1ty mohly udr\u017eet prim\u00e1t. Cel\u00fd sv\u011bt by poc\u00edtil n\u00e1sledky t\u00e9to v\u00e1lky. I obyvatel\u00e9 Banglade\u0161e by o n\u00ed velmi dob\u0159e v\u011bd\u011bli a spolu s\u00a0ostatn\u00edmi by ji prokl\u00ednali.<\/p>\n<p>Tak\u017ee \u2013 pokud jste proti tomu, aby Rusko v\u00e1lku vyhr\u00e1lo, pak vol\u00edte glob\u00e1ln\u00ed katastrofu.<\/p>\n<p><span style=\"font-size: 18pt;\"><strong>\u017de by Armageddon<\/strong><\/span><\/p>\n<p>Kolikr\u00e1t si \u0159\u00edk\u00e1m, jestli v\u00e1lka na Ukrajin\u011b nen\u00ed ta posledn\u00ed, o kter\u00e9 se p\u00ed\u0161e v\u00a0Bibli: Armageddon, v\u00e1lka dobra proti zlu. V\u0161ecko by tomu nasv\u011bd\u010dovalo. Zde je Ukrajina, skrz naskrz prohnil\u00e1 a zkoruptovan\u00e1 zem\u011b, zast\u00e1nce v\u0161eho zla, jak\u00e9 si dovedeme p\u0159edstavit. Je podporov\u00e1na Z\u00e1padem, rovn\u011b\u017e tak zka\u017een\u00fdm a nav\u00edc z\u00e1ke\u0159n\u00fdm a proradn\u00fdm. A ta bojuje s\u00a0Ruskem, kter\u00e9 m\u00e1 v\u00a0\u00famyslu nastolit m\u00edr na sv\u011bt\u011b, kdy budou v\u0161ichni spokojen\u011b obchodovat a t\u011b\u0161it se z\u00a0toho, jak se jim dob\u0159e vede.<\/p>\n<p>U\u017e to, \u017ee rusk\u00fd plyn a ropa jsou nejlevn\u011bj\u0161\u00ed na sv\u011bt\u011b nasv\u011bd\u010duje, \u017ee to Rusov\u00e9 ten m\u00edr a spokojen\u00e9 obchodov\u00e1n\u00ed mysl\u00ed v\u00e1\u017en\u011b.<\/p>\n<p>Biblick\u00e1 kniha Zjeven\u00ed \u0159\u00edk\u00e1 o bitv\u011b u Armageddonu (<a href=\"https:\/\/www.bible21.cz\/online#zjeveni\/16\/15\">16:15-16<\/a>): <em>\u201eHle, p\u0159ich\u00e1z\u00edm jako zlod\u011bj. Blaze tomu, kdo bd\u00ed a st\u0159e\u017e\u00ed sv\u00e1 roucha, aby nechodil nah\u00fd a nebyla vid\u011bt jeho hanba.\u201c A shrom\u00e1\u017edil je na m\u00edsto, kter\u00e9 se hebrejsky jmenuje Armageddon.\u201c<\/em><\/p>\n<p>Jin\u00fdmi slovy, p\u0159ijde to n\u00e1hle, p\u0159ijde to ne\u010dekan\u011b. Nebudeme se sta\u010dit ani obl\u00e9ct a u\u017e budeme pel\u00e1\u0161it n\u011bkam do krytu, aby n\u00e1s n\u011bjak\u00e1 ta st\u0159ela, nebo \u0161rapnel nezas\u00e1hla.<\/p>\n<p>Slovo \u201eArmageddon\u201c je \u0159eck\u00e9 p\u0159evzet\u00ed hebrejsk\u00e9ho slova \u201emegiddo\u201c a znamen\u00e1 horu, nebo poho\u0159\u00ed. Tak\u017ee to nen\u00ed ur\u010dit\u00e9 m\u00edsto, ale m\u016f\u017ee to b\u00fdt kdekoliv.<\/p>\n<p><span style=\"font-size: 18pt;\"><strong>N\u00e1sledky v\u00e1lky neb\u00fdvaj\u00ed dobr\u00e9<\/strong><\/span><\/p>\n<p>To nejstra\u0161n\u011bj\u0161\u00ed na cel\u00e9 v\u011bci je, \u017ee i kdy\u017e Rusov\u00e9 na Ukrajin\u011b zv\u00edt\u011bz\u00ed, to v\u00edt\u011bzstv\u00ed bude m\u00edt na sob\u011b velice vysokou cenovku. Bude rovn\u011b\u017e st\u00e1t obrovsk\u00e9 mno\u017estv\u00ed lidsk\u00fdch \u017eivot\u016f a v\u0161eho ostatn\u00edho. Evropa za to zaplat\u00ed sv\u00fdm ekonomick\u00fdm zdrav\u00edm, kter\u00e9 padne za ob\u011b\u0165 finan\u010dn\u00ed tuberkul\u00f3ze. N\u011bmecko se kone\u010dn\u011b bude bl\u00ed\u017eit zemi pastevc\u016f, jak bylo pl\u00e1nov\u00e1no p\u0159i obou sv\u011btov\u00fdch v\u00e1lk\u00e1ch. Dvakr\u00e1t se to globalist\u016fm nepovedlo, do t\u0159etice v\u0161eho dobr\u00e9ho i zl\u00e9ho. Ka\u017ed\u00e9 \u010dtvrt\u00e9 zam\u011bstn\u00e1n\u00ed v\u00a0pr\u016fmyslu bude pry\u010d, za vodou, kdesi daleko, v\u00a0Americe. To stejn\u00e9 se stane ve Francii, v\u00a0It\u00e1lii, v\u00a0Brit\u00e1nii a jinde.<\/p>\n<p>P\u0159ipo\u010dt\u011bme k\u00a0tomu miliony nez\u00e1konn\u00fdch, neschopn\u00fdch, nesn\u00e1\u0161enliv\u00fdch a nezam\u011bstnateln\u00fdch migrant\u016f z\u00a0Afriky a z\u00a0jin\u00fdch zaostal\u00fdch zem\u00ed tohoto sv\u011bta, kte\u0159\u00ed se p\u0159ich\u00e1zej\u00ed m\u00edt dob\u0159e a nic za to nenab\u00edzej\u00ed, to m\u016f\u017ee celou katastrofu jen zhor\u0161it.<\/p>\n<p>Jeden z\u00a0m\u00e1la klad\u016f, kter\u00e9 z\u00a0toho v\u0161eho mohou vzniknout je ten, \u017ee Evropan\u00e9 kone\u010dn\u011b pochop\u00ed, \u017ee NATO je pap\u00edrov\u00fd tygr, \u017ee nen\u00ed na nic, pouze stoj\u00ed hodn\u011b pen\u011bz. Jeho ve\u0161ker\u00e1 \u010dinnost se skl\u00e1d\u00e1 z\u00a0popichov\u00e1n\u00ed n\u00e1rod\u016f proti sob\u011b, pochopiteln\u011b, je to v\u00e1le\u010dn\u00e1 organizace, cht\u011bj\u00ed v\u00e1l\u010dit. V\u00e1lka jim sk\u00fdt\u00e1 mnoho v\u00fdhod, nakradou si, hlavn\u011b pak zlato a mo\u017en\u00e1 to pos\u00edl\u00ed jejich ego, kter\u00e9 by jinak bylo ego mal\u00fdch, zdeptan\u00fdch ubo\u017e\u00e1k\u016f.<\/p>\n<p>Ten druh\u00fd klad le\u017e\u00ed v\u00a0tom, \u017ee Evropan\u00e9 kone\u010dn\u011b pochop\u00ed, \u017ee Evropsk\u00e1 unie nebyla vytvo\u0159ena k\u00a0jejich prosp\u011bchu. Jej\u00ed z\u00e1m\u011bry jsou zcela jin\u00e9 a kdo je nezn\u00e1, a\u0165 si p\u0159e\u010dte Coudenhove-Kalergiho knihy. EU n\u00e1s chce pouze okr\u00e1st o v\u0161ecko co m\u00e1me a pak zni\u010dit. Cht\u011bj\u00ed n\u00e1s zahltit bandou vojensk\u00fdch jednotek z Afriky, kter\u00e9 se do zem\u011b nahrnuly, aby ji p\u0159evzaly.<\/p>\n<p><a href=\"https:\/\/www.zerohedge.com\/geopolitical\/top-isis-security-chief-masquerading-asylum-seeker-arrested-netherlands\">Zrovna ned\u00e1vno<\/a>, v\u00a0Holandsku byl zat\u010den velitel bezpe\u010dnosti teroristick\u00e9 skupiny ISIS ze Syrie, kter\u00fd se vyd\u00e1val za b\u011b\u017en\u00e9ho migranta. Byl tam ji\u017e od r. 2019 a je podez\u0159\u00edv\u00e1no, \u017ee se tam skr\u00fdval, aby nebyl trest\u00e1n za spolu\u00fa\u010dast na v\u00e1le\u010dn\u00fdch zlo\u010dinech, nap\u00e1chan\u00fdch v\u00a0Syrii. P\u0159edt\u00edm, ne\u017e se p\u0159idal k\u00a0ISIS, tak pr\u00fd fungoval ve stejn\u00e9 pozici u jin\u00e9 teroristick\u00e9 skupiny, Jabhat al-Nusra.<\/p>\n<p>Jeliko\u017e prob\u011bhlo d\u016fkladn\u00e9 vy\u0161et\u0159ov\u00e1n\u00ed tohoto p\u0159\u00edpadu, tak se zd\u00e1, \u017ee opravdu jde o jednoho z\u00a0velitel\u016f ISIS. A\u0165 u\u017e je jeho obvin\u011bn\u00ed pravdiv\u00e9, \u010di nepravdiv\u00e9, t\u00edm vznik\u00e1 ot\u00e1zka, kdo dal\u0161\u00ed z\u00a0t\u011bchto lid\u00ed, jejich\u017e minulost nezn\u00e1me je zlo\u010dinec, tajn\u00fd \u010dlen teroristick\u00e9 bandy, kter\u00fd p\u0159i\u0161el do Evropy organizovat jej\u00ed p\u0159epaden\u00ed? Kdy\u017e je za\u010dneme sledovat, tak se zd\u00e1, \u017ee to m\u016f\u017ee b\u00fdt ka\u017ed\u00fd druh\u00fd z\u00a0nich.<\/p>\n<p>Holan\u010fan\u00e9 zajali ned\u00e1vno jin\u00e9ho \u017eih\u00e1distu, Aziz al-H., kter\u00fd se do zem\u011b vet\u0159el ji\u017e v\u00a0r. 2017 na fale\u0161n\u00e9 dokumenty a ne\u017e byl odhalen, u\u017e\u00edval si jako bohat\u00fd pa\u0161a v\u00a0Amsterodamu. Jin\u00ed Sy\u0159an\u00e9 ho rozpoznali jako vedouc\u00edho nejmenovan\u00e9 teroristick\u00e9 skupiny.<\/p>\n<p>Anebo Sy\u0159an, zadr\u017een rovn\u011b\u017e v\u00a0Holandsku v\u00a0r. 2019, kter\u00fd vedl nen\u00e1padn\u00fd \u017eivot, jezdil s autobusem, ne\u017e se zjistilo, \u017ee spolupracoval na poprav\u011b syrsk\u00e9ho poru\u010d\u00edka.<\/p>\n<p><span style=\"font-size: 18pt;\"><strong>Konec v\u00e1lky \u2013 kdy?<\/strong><\/span><\/p>\n<p>Bohu\u017eel, \u017e\u00e1dn\u00e9 dobr\u00e9 \u0159e\u0161en\u00ed nep\u0159ijde rychle. I ukon\u010den\u00ed v\u00e1lky na Ukrajin\u011b, i kdyby k\u00a0n\u011bmu do\u0161lo za t\u011bch nejlep\u0161\u00edch podm\u00ednek, bude trvat. A mezit\u00edm Ukrajina bude d\u00e1le ch\u00e1trat a lid\u00e9 budou hromadn\u011b um\u00edrat na boji\u0161t\u00edch. Evropa bude ekonomicky a politicky sl\u00e1bnout a upadat a nebude trvat dlouho, kdy bude docela u konce sv\u00fdch sil.<\/p>\n<p>Tak\u017ee je nutno p\u0159ipravit se na nejhor\u0161\u00ed a m\u00edt v\u017edycky oble\u010den\u00ed po ruce, abychom neb\u011bhali venku v\u00a0py\u017eamu, nebo dokonce naz\u00ed. Nevypadalo by to dob\u0159e.<\/p>\n<p><strong>Jane Kaufman, 22. ledna 2023<\/strong><\/p>\n<p>&nbsp;<\/p>\n<p><img decoding=\"async\" loading=\"lazy\" class=\"wp-image-19187 aligncenter\" src=\"http:\/\/www.infokuryr.cz\/n\/wp-content\/uploads\/2022\/12\/1-PRO-300x36.jpg\" alt=\"\" width=\"1275\" height=\"153\" srcset=\"https:\/\/www.infokuryr.cz\/n\/wp-content\/uploads\/2022\/12\/1-PRO-300x36.jpg 300w, https:\/\/www.infokuryr.cz\/n\/wp-content\/uploads\/2022\/12\/1-PRO.jpg 699w\" sizes=\"(max-width: 1275px) 100vw, 1275px\" \/><\/p>\n<p>&nbsp;<\/p>\n<p>&nbsp;<\/p>\n","protected":false},"excerpt":{"rendered":"<p>Plukovn\u00edk Douglas MacGregor je toho n\u00e1zoru, \u017ee Rusov\u00e9 maj\u00ed na Ukrajin\u011b celkem t\u0159i c\u00edle. Prvn\u011b&#8230;<\/p>\n","protected":false},"author":2,"featured_media":15356,"comment_status":"closed","ping_status":"closed","sticky":false,"template":"","format":"standard","meta":[],"categories":[6],"tags":[1042,4305,26,40],"_links":{"self":[{"href":"https:\/\/www.infokuryr.cz\/n\/wp-json\/wp\/v2\/posts\/21662"}],"collection":[{"href":"https:\/\/www.infokuryr.cz\/n\/wp-json\/wp\/v2\/posts"}],"about":[{"href":"https:\/\/www.infokuryr.cz\/n\/wp-json\/wp\/v2\/types\/post"}],"author":[{"embeddable":true,"href":"https:\/\/www.infokuryr.cz\/n\/wp-json\/wp\/v2\/users\/2"}],"replies":[{"embeddable":true,"href":"https:\/\/www.infokuryr.cz\/n\/wp-json\/wp\/v2\/comments?post=21662"}],"version-history":[{"count":0,"href":"https:\/\/www.infokuryr.cz\/n\/wp-json\/wp\/v2\/posts\/21662\/revisions"}],"wp:featuredmedia":[{"embeddable":true,"href":"https:\/\/www.infokuryr.cz\/n\/wp-json\/wp\/v2\/media\/15356"}],"wp:attachment":[{"href":"https:\/\/www.infokuryr.cz\/n\/wp-json\/wp\/v2\/media?parent=21662"}],"wp:term":[{"taxonomy":"category","embeddable":true,"href":"https:\/\/www.infokuryr.cz\/n\/wp-json\/wp\/v2\/categories?post=21662"},{"taxonomy":"post_tag","embeddable":true,"href":"https:\/\/www.infokuryr.cz\/n\/wp-json\/wp\/v2\/tags?post=21662"}],"curies":[{"name":"wp","href":"https:\/\/api.w.org\/{rel}","templated":true}]}}