{"id":21648,"date":"2023-01-23T01:05:31","date_gmt":"2023-01-23T00:05:31","guid":{"rendered":"http:\/\/www.infokuryr.cz\/n\/?p=21648"},"modified":"2023-01-22T16:46:49","modified_gmt":"2023-01-22T15:46:49","slug":"mlceni-medii-ukrajinska-rozvedka-potvrdila-nejmene-jednu-nahodnou-vrazdu","status":"publish","type":"post","link":"https:\/\/www.infokuryr.cz\/n\/2023\/01\/23\/mlceni-medii-ukrajinska-rozvedka-potvrdila-nejmene-jednu-nahodnou-vrazdu\/","title":{"rendered":"Ml\u010den\u00ed m\u00e9di\u00ed: Ukrajinsk\u00e1 rozv\u011bdka potvrdila nejm\u00e9n\u011b jednu n\u00e1hodnou vra\u017edu"},"content":{"rendered":"<div id=\"fb-root\"><\/div>\n<p><span style=\"font-size: 18pt;\"><strong>Zpr\u00e1vy o nevyb\u00edrav\u00e9m zab\u00edjen\u00ed ze strany ukrajinsk\u00e9 tajn\u00e9 slu\u017eby jsou ozna\u010deny jako \u201erusk\u00e1 propaganda\u201c.\u00a0Nyn\u00ed ukrajinsk\u00e1 vl\u00e1da jednu z t\u011bchto zpr\u00e1v potvrdila, ale n\u011bmeck\u00e1 \u201ekvalitn\u00ed m\u00e9dia\u201c zaryt\u011b ml\u010d\u00ed.<\/strong><\/span><\/p>\n<p>V b\u0159eznu 2022 se objevilo mnoho zpr\u00e1v o nevyb\u00edrav\u00e9m zab\u00edjen\u00ed ze strany bezpe\u010dnostn\u00edch sil na Ukrajin\u011b.\u00a0Ukrajinsk\u00e1 tajn\u00e1 slu\u017eba mimo jin\u00e9 sv\u00e9voln\u011b zast\u0159elila uprost\u0159ed Kyjeva \u010dlena ukrajinsk\u00e9 vyjedn\u00e1vac\u00ed delegace, kter\u00e1 s Moskvou vyjedn\u00e1vala o p\u0159\u00edm\u011b\u0159\u00ed.\u00a0D\u0159\u00edve se tomu \u0159\u00edkalo<strong> \u201erusk\u00e1 propaganda\u201c<\/strong>, ale jak u\u017e to tak b\u00fdv\u00e1, pozd\u011bji se to uk\u00e1zalo jako pravda, jak to nyn\u00ed potvrdil Michail Podoliak, kl\u00ed\u010dov\u00fd poradce ukrajinsk\u00e9ho prezidenta Vladimira Zelensk\u00e9ho.<\/p>\n<p><a href=\"https:\/\/www.anti-spiegel.ru\/2022\/morde-und-das-verbot-jeder-opposition-das-terrorregime-in-der-ukraine\/\" target=\"_blank\" rel=\"noreferrer noopener\">21. b\u0159ezna 2022<\/a>\u00a0Anti-Spiegel informoval o vra\u017ed\u00e1ch na Ukrajin\u011b a uvedl p\u0159\u00edklady.\u00a0O tomto konkr\u00e9tn\u00edm p\u0159\u00edpad\u011b \u010dl\u00e1nek \u0159ekl:<\/p>\n<p><em><strong>\u201e\u0160est\u00e9ho b\u0159ezna bylo ozn\u00e1meno, \u017ee Denis Kirejev, \u010dlen ukrajinsk\u00e9 vyjedn\u00e1vac\u00ed delegace, byl zabit v Kyjev\u011b.\u00a0O okolnostech jeho smrti existuj\u00ed r\u016fzn\u00e9 zpr\u00e1vy.\u00a0Ukrajinsk\u00e9 ministerstvo obrany ozn\u00e1milo, \u017ee byl zabit p\u0159i speci\u00e1ln\u00ed operaci, zat\u00edmco ukrajin\u0161t\u00ed poslanci ozn\u00e1mili, \u017ee byl zast\u0159elen ukrajinskou tajnou slu\u017ebou za zradu.\u00a0Nicm\u00e9n\u011b skute\u010dnost, \u017ee \u010dlen kyjevsk\u00e9 vyjedn\u00e1vac\u00ed delegace zem\u0159el za tak podivn\u00fdch okolnost\u00ed, vyvolala v z\u00e1padn\u00edch m\u00e9di\u00edch jen m\u00e1lo z\u00e1jmu a ot\u00e1zek.<\/strong><\/em><\/p>\n<p>Nyn\u00ed\u00a0<a href=\"https:\/\/www.wsj.com\/articles\/russian-spy-or-ukrainian-hero-the-strange-death-of-denys-kiryeyev-11674059395?mod=hp_lead_pos5\" target=\"_blank\" rel=\"noreferrer noopener\">o vra\u017ed\u011b informoval Wall Street Journal<\/a>\u00a0a verzi vra\u017edy ukrajinskou tajnou slu\u017ebou nahl\u00e1sil za vlastizradu.\u00a0Probl\u00e9m je v tom, \u017ee Kirejev nebyl zr\u00e1dce.<\/p>\n<p>The Wall Street Journal hovo\u0159il s Kirejevov\u00fdmi p\u0159\u00edbuzn\u00fdmi a spolupracovn\u00edky a s gener\u00e1lem Kirillem Budanovem, \u0161\u00e9fem ukrajinsk\u00e9 vojensk\u00e9 rozv\u011bdky.\u00a0V\u00fdsledek: Kirejev byl loaj\u00e1ln\u00ed ke Kyjevu, z\u00edsk\u00e1val finan\u010dn\u00ed prost\u0159edky pro ukrajinsk\u00e9 <strong>\u201edobrovolnick\u00e9 pluky\u201c<\/strong> a <strong>\u201e\u00a0<\/strong><strong><em>u\u017e\u00edval si hran\u00ed role Agenta 007<\/em><\/strong><strong>\u00a0\u201c<\/strong>, podle jeho p\u0159\u00e1tel a zn\u00e1m\u00fdch.\u00a0Gener\u00e1l Budanov dodal, \u017ee Kirejeva naverboval v roce 2021 kv\u016fli jeho obchodn\u00edm vazb\u00e1m na Rusko a m\u011bs\u00edce p\u0159ed eskalac\u00ed 24. \u00fanora 2022 od n\u011bj dost\u00e1val u\u017eite\u010dn\u00e9 informace.\u00a0The Wall Street Journal citoval gener\u00e1la:<\/p>\n<p><em><strong>&#8222;Bez pana Kirejeva by Kyjev s nejv\u011bt\u0161\u00ed pravd\u011bpodobnost\u00ed dobyli.&#8220;<\/strong><\/em><\/p>\n<p>23. \u00fanora Kirejev informoval Budanova, \u017ee Rusko <strong>\u201enapadne\u201c<\/strong> n\u00e1sleduj\u00edc\u00ed den Ukrajinu a \u017ee jeho prim\u00e1rn\u00edm c\u00edlem je dob\u00fdt leti\u0161t\u011b Antonov pobl\u00ed\u017e Kyjeva. Tato informace <strong>\u201e\u00a0<\/strong><strong><em>poskytla Ukrajin\u011b n\u011bkolik cenn\u00fdch hodin na p\u0159em\u00edst\u011bn\u00ed jednotek, aby odrazila rusk\u00fd \u00fatok<\/em><\/strong><strong>\u00a0\u201c<\/strong>, \u010d\u00edm\u017e zachr\u00e1nila hlavn\u00ed m\u011bsto, \u0159ekl gener\u00e1l.<\/p>\n<p>Pot\u00e9, co se \u010dl\u00e1nek objevil ve Wall Street Journal, ukrajinsk\u00fd prezidentsk\u00fd poradce Michail Podoljak incident stru\u010dn\u011b vysv\u011btlil takto:<\/p>\n<p><em><strong>\u201eByly to prvn\u00ed dny v\u00e1lky.\u00a0Jeho atent\u00e1t je zp\u016fsoben nedostatkem jednotn\u00e9 koordinace mezi bezpe\u010dnostn\u00edmi strukturami.\u00a0Byla proti n\u011bmu vznesena ur\u010dit\u00e1 obvin\u011bn\u00ed a nem\u011bli \u010das tato obvin\u011bn\u00ed objasnit v r\u00e1mci rozhovoru.\u201c<\/strong><\/em><\/p>\n<p>To potvrzuj\u00ed rusk\u00e9 zpr\u00e1vy z t\u00e9 doby, kter\u00e9 \u0159\u00edkaly, \u017ee policie a tajn\u00e1 slu\u017eba v Kyjev\u011b <strong>bez rozd\u00edlu st\u0159\u00edlela do lid\u00ed, kte\u0159\u00ed jim p\u0159ipadali podez\u0159el\u00ed.<\/strong>\u00a0Pokud mohl b\u00fdt uprost\u0159ed Kyjeva st\u0159elen do z\u00e1tylku i vysoce postaven\u00fd mu\u017e ve vl\u00e1d\u011b, jak\u00e1 byla situace pro oby\u010dejn\u00e9 lidi?<\/p>\n<p>Krom\u011b tajn\u00e9 slu\u017eby a policie tu byli i osvobozen\u00ed v\u011bzni v gangech, kte\u0159\u00ed byli propu\u0161t\u011bni z v\u011bzen\u00ed za slib odchodu na frontu a kter\u00fdm byl tak\u00e9 rovnou p\u0159ed\u00e1n kala\u0161nikov.\u00a0V t\u00e9 dob\u011b se objevilo nespo\u010det zpr\u00e1v o zab\u00edjen\u00ed a rabov\u00e1n\u00ed, kter\u00e9 zjevn\u011b v\u016fbec nebyly <strong>\u201eruskou propagandou\u201c<\/strong>&#8230;<\/p>\n<p><a href=\"https:\/\/www.anti-spiegel.ru\/2023\/mindestens-ein-willkuerlicher-mord-durch-den-ukrainischen-geheimdienst-bestaetigt\/\">Thomas R\u00f6per<\/a><\/p>\n<p>&nbsp;<\/p>\n<p><img decoding=\"async\" loading=\"lazy\" class=\"wp-image-19187 aligncenter\" src=\"http:\/\/www.infokuryr.cz\/n\/wp-content\/uploads\/2022\/12\/1-PRO-300x36.jpg\" alt=\"\" width=\"1258\" height=\"151\" srcset=\"https:\/\/www.infokuryr.cz\/n\/wp-content\/uploads\/2022\/12\/1-PRO-300x36.jpg 300w, https:\/\/www.infokuryr.cz\/n\/wp-content\/uploads\/2022\/12\/1-PRO.jpg 699w\" sizes=\"(max-width: 1258px) 100vw, 1258px\" \/><\/p>\n<p>&nbsp;<\/p>\n<p>&nbsp;<\/p>\n","protected":false},"excerpt":{"rendered":"<p>Zpr\u00e1vy o nevyb\u00edrav\u00e9m zab\u00edjen\u00ed ze strany ukrajinsk\u00e9 tajn\u00e9 slu\u017eby jsou ozna\u010deny jako \u201erusk\u00e1 propaganda\u201c.\u00a0Nyn\u00ed ukrajinsk\u00e1&#8230;<\/p>\n","protected":false},"author":2,"featured_media":21649,"comment_status":"closed","ping_status":"closed","sticky":false,"template":"","format":"standard","meta":[],"categories":[7],"tags":[221,4304,26,1205],"_links":{"self":[{"href":"https:\/\/www.infokuryr.cz\/n\/wp-json\/wp\/v2\/posts\/21648"}],"collection":[{"href":"https:\/\/www.infokuryr.cz\/n\/wp-json\/wp\/v2\/posts"}],"about":[{"href":"https:\/\/www.infokuryr.cz\/n\/wp-json\/wp\/v2\/types\/post"}],"author":[{"embeddable":true,"href":"https:\/\/www.infokuryr.cz\/n\/wp-json\/wp\/v2\/users\/2"}],"replies":[{"embeddable":true,"href":"https:\/\/www.infokuryr.cz\/n\/wp-json\/wp\/v2\/comments?post=21648"}],"version-history":[{"count":1,"href":"https:\/\/www.infokuryr.cz\/n\/wp-json\/wp\/v2\/posts\/21648\/revisions"}],"predecessor-version":[{"id":21650,"href":"https:\/\/www.infokuryr.cz\/n\/wp-json\/wp\/v2\/posts\/21648\/revisions\/21650"}],"wp:featuredmedia":[{"embeddable":true,"href":"https:\/\/www.infokuryr.cz\/n\/wp-json\/wp\/v2\/media\/21649"}],"wp:attachment":[{"href":"https:\/\/www.infokuryr.cz\/n\/wp-json\/wp\/v2\/media?parent=21648"}],"wp:term":[{"taxonomy":"category","embeddable":true,"href":"https:\/\/www.infokuryr.cz\/n\/wp-json\/wp\/v2\/categories?post=21648"},{"taxonomy":"post_tag","embeddable":true,"href":"https:\/\/www.infokuryr.cz\/n\/wp-json\/wp\/v2\/tags?post=21648"}],"curies":[{"name":"wp","href":"https:\/\/api.w.org\/{rel}","templated":true}]}}