{"id":21643,"date":"2023-01-23T00:58:25","date_gmt":"2023-01-22T23:58:25","guid":{"rendered":"http:\/\/www.infokuryr.cz\/n\/?p=21643"},"modified":"2023-01-22T16:30:09","modified_gmt":"2023-01-22T15:30:09","slug":"soudruh-general-nema-chaos-rad","status":"publish","type":"post","link":"https:\/\/www.infokuryr.cz\/n\/2023\/01\/23\/soudruh-general-nema-chaos-rad\/","title":{"rendered":"Soudruh gener\u00e1l nem\u00e1 chaos r\u00e1d"},"content":{"rendered":"<div id=\"fb-root\"><\/div>\n<p>Agent P\u00e1vek se mi dnes rozhodl formou plak\u00e1tu sd\u011blit, \u017ee\u00a0<strong>Chaosu bylo dost.<\/strong>\u00a0D\u00e1le uvedl, \u017ee nab\u00edz\u00ed \u0159\u00e1d a d\u016fstojnost.<\/p>\n<p>Jsem r\u00e1d, \u017ee soudruh gener\u00e1l provedl coming out a nazna\u010dil n\u00e1m, kam m\u00e1 nam\u00ed\u0159eno.<\/p>\n<p>Zaj\u00edmalo by mn\u011b, v \u010dem soudruh gener\u00e1l spat\u0159uje ten\u00a0<em>chaos<\/em>.<\/p>\n<p>\u017dijeme v dob\u011b upev\u0148ov\u00e1n\u00ed st\u00e1tn\u00ed moci. St\u00e1tn\u00ed instituce zneu\u017eily covid games, aby prohloubily vliv na na\u0161e \u017eivoty. Pak pou\u017eily v\u00e1lku mezi dv\u011bma mocensk\u00fdmi centry n\u011bkde t\u00e1mhle ve v\u00fdchodn\u00edm Prdel\u00e1kov\u011b, do kter\u00e9 n\u00e1m principi\u00e1ln\u011b nic nen\u00ed, a ud\u011blaly to sam\u00e9 je\u0161t\u011b jednou. Po obyvatelstvu se soustavn\u011b po\u017eaduje discipl\u00edna v boji s n\u011bjak\u00fdm nep\u0159\u00edtelem, p\u0159i\u010dem\u017e n\u00e1s od r\u00e1na do ve\u010dera bombarduj\u00ed v\u00e1le\u010dnou r\u00e9torikou.<\/p>\n<p>N\u011bkte\u0159\u00ed jedinci m\u00e9ho v\u011bku nach\u00e1zej\u00ed\u00a0<a href=\"https:\/\/dfens-cz.com\/a-kdy-uz-budeme-v-tom-komunismu\/\">paralely se sv\u00fdm ml\u00e1d\u00edm<\/a>\u00a0pro\u017eit\u00fdm v dob\u00e1ch loutkov\u00e9ho prezidenta Hus\u00e1ka. p\u0159i\u010dem\u017e je zde ale jeden mal\u00fd rozd\u00edl. V na\u0161ich dob\u00e1ch byl re\u017eim na \u00fastupu a seznam zak\u00e1zan\u00fdch v\u011bc\u00ed, informac\u00ed a postoj\u016f se u\u017e neprodlu\u017eoval.<\/p>\n<p>My se u\u010d\u00edme \u017e\u00edt s t\u00edm, \u017ee co se je\u0161t\u011b v\u010dera beztrestn\u011b mohlo, se dnes u\u017e nesm\u00ed, a pokud se n\u00e1m povedlo dnes n\u011bco svobodn\u011b vykonat, tak bychom si to m\u011bli u\u017e\u00edt, proto\u017ee z\u00edtra u\u017e to m\u016f\u017ee b\u00fdt zak\u00e1zan\u00e9. Pardon, ono to vlastn\u011b nen\u00ed nikde ofici\u00e1ln\u011b zak\u00e1zan\u00e9, ono se to jen nem\u00e1,\u00a0 nen\u00ed to vhodn\u00e9, ale nikdo to v\u00fdslovn\u011b nezak\u00e1zal. Vlastn\u011b ani nev\u00edme, co se aktu\u00e1ln\u011b sm\u00ed a nesm\u00ed. Tak je t\u0159eba d\u00e1vat si pozor tak n\u011bjak profylakticky, proto\u017ee probl\u00e9m m\u016f\u017ee b\u00fdt i ze zcela nevinn\u00fdch v\u011bc\u00ed. Sta\u010d\u00ed \u0159\u00edct, \u017ee nechcete v\u00e1lku nebo \u017ee kluci maj\u00ed pind\u00edka a holky merunu.<\/p>\n<p>A tak se pt\u00e1m, v \u010dem vid\u00ed woke soudruh gener\u00e1l ten\u00a0<em>chaos<\/em>. Ano, mo\u017en\u00e1 by se dalo nazvat\u00a0<em>chaosem<\/em>, kdy\u017e vl\u00e1da bez jak\u00e9koli opory v z\u00e1kon\u011b vyp\u00edn\u00e1 internetov\u00e9 str\u00e1nky, kter\u00e9 nekonvenuj\u00ed s vl\u00e1dn\u00ed ideologi\u00ed nebo r\u016fzn\u00fdmi mimoz\u00e1konn\u00fdmi prost\u0159edky nut\u00ed ob\u010dany p\u00edchat do sebe \u0159\u00e1dn\u011b neschv\u00e1len\u00e9 vakc\u00edny, o jejich\u017e vedlej\u0161\u00edch \u00fa\u010dinc\u00edch se za\u010d\u00edn\u00e1me dozv\u00eddat teprve te\u010f. Nepochybn\u011b je\u00a0<em>chaos<\/em>, kdy\u017e st\u00e1tn\u00ed org\u00e1ny d\u011blaj\u00ed zjevn\u011b nez\u00e1konn\u00e1 rozhodnut\u00ed s t\u00edm, \u017ee komu se to nel\u00edb\u00ed, a\u0165 se klidn\u011b soud\u00ed, a n\u011bkdy za p\u011bt sedm let se tedy uvid\u00ed. Je ur\u010dit\u011b\u00a0<em>chaos<\/em>, kdy\u017e st\u00e1t a jeho bezpe\u010dnostn\u00ed slo\u017eky r\u016fzn\u00fdmi z\u00e1kulisn\u00edmi cestami zav\u00edraj\u00ed \u00fasta lidem, kte\u0159\u00ed si dovolili m\u00edt jin\u00fd n\u00e1zor. Tak\u00e9 by se dalo nazvat chaosem, kdy\u017e o v\u00e1s zji\u0161\u0165uj\u00ed a hromad\u00ed informace st\u00e1tem vydr\u017eovan\u00ed soukrom\u00ed f\u00edzlov\u00e9 jako pan Kartous a jeho banda internetov\u00fdch denunciant\u016f. Je\u00a0<em>chaos<\/em>, kdy\u017e vl\u00e1da realizuje svoje agendy netransparentn\u00ed cestou skrze vl\u00e1dn\u00ed neziskovky a pumpuje do nich neviditeln\u00fdmi kan\u00e1ly na\u0161e pen\u00edze. Jist\u011b, je to v\u0161echno sv\u00e9ho druhu\u00a0<em>chaos<\/em>, ale tento\u00a0<em>chaos<\/em>\u00a0je pr\u016fvodn\u00edm jevem n\u011b\u010deho v\u011bt\u0161\u00edho, vl\u00e1dou re\u017e\u00edrovan\u00e9ho n\u00e1stupu totalitn\u00ed moci a nov\u00e9ho digit\u00e1ln\u00edho zelen\u00e9ho neomarxismu, a popravd\u011b nev\u00edm o tom, \u017ee by se proti tomu v\u0161emu vystajlovanej gener\u00e1lskej n\u011bkdy n\u011bjak vymezil.<\/p>\n<p>Sp\u00ed\u0161e to na mn\u011b p\u016fsob\u00ed, \u017ee soudruh gener\u00e1l vn\u00edm\u00e1 jako\u00a0<em>chaos<\/em>, \u017ee lid\u00e9 maj\u00ed r\u016fzn\u00e9 n\u00e1zory, vyslovuj\u00ed co si mysl\u00ed nebo sami rozhoduj\u00ed o sv\u00fdch osudech. A do toho n\u00e1m vnese\u00a0<em>\u0159\u00e1d<\/em>.<\/p>\n<p>Prol\u00edn\u00e1n\u00ed silov\u00fdch slo\u017eek a st\u00e1tn\u00ed agendy je \u010d\u00edm d\u00e1l z\u0159ejm\u011bj\u0161\u00ed. Za t\u011bchto okolnost\u00ed snad jen \u00fapln\u00fd idiot m\u016f\u017ee sv\u00fdm hlasem podporovat kand\u00edd\u00e1ta, kdo cel\u00fd sv\u016fj \u017eivot spojil se strukturami nejr\u016fzn\u011bj\u0161\u00edch arm\u00e1d a arm\u00e1dn\u00edch alianc\u00ed. Profesion\u00e1ln\u00edho slu\u017eebn\u00ed\u010dka syst\u00e9mu. Koho ten \u010dlov\u011bk bude zastupovat a \u010d\u00ed z\u00e1jmy bude realizovat hned od prvn\u00edho dne, kdy ho zvol\u00ed? Ob\u010dan\u00e9 to tedy nebudou, t\u00edm jsem si jist\u00fd.<\/p>\n<p>V\u017edy mi p\u0159ipad\u00e1 pon\u011bkud alarmuj\u00edc\u00ed, kdy\u017e kandid\u00e1t na jakoukoli ve\u0159ejnou funkci aspiruje n\u011bkdo s programem zalo\u017een\u00fdm na tom, \u017ee s n\u011b\u010d\u00edm skoncuje. Kdy\u017e vynech\u00e1me, \u017ee to sv\u011bd\u010d\u00ed o my\u0161lenkov\u00e9 pr\u00e1zdnot\u011b gener\u00e1lsk\u00e9ho kandid\u00e1ta, kter\u00fd zjevn\u011b nehodl\u00e1 nab\u00eddnout nic jin\u00e9ho ne\u017e negaci a ideologick\u00e1 hesla, co mu dodali jeho poradci, je tu tak\u00e9 d\u011bjinami ov\u011b\u0159en\u00e9 riziko. V\u017edy a bez v\u00fdjimky to kon\u010d\u00ed t\u00edm, \u017ee nastol\u00ed jinou a hor\u0161\u00ed formu toho, s \u010d\u00edm skoncovat zam\u00fd\u0161lel. Tak t\u0159eba jeden zn\u00e1m\u00fd prezidentsk\u00fd kandid\u00e1t, shodou okolnost\u00ed tak\u00e9 s p\u011bst\u011bn\u00fdm kn\u00edrem, vojenskou minulost\u00ed a zjevnou afinitou k arm\u00e1d\u011b,\u00a0<a href=\"https:\/\/wienerholocaustlibrary.org\/object\/1405_2_1_0001\/\">v roce 1932 sliboval skoncovat s b\u00eddou a nouz\u00ed<\/a>. V\u00fdsledek byl, \u017ee uvrhl svoji zemi do je\u0161t\u011b v\u011bt\u0161\u00ed b\u00eddy a nouze.<\/p>\n<p>Moje doporu\u010den\u00ed pro n\u00e1sleduj\u00edc\u00ed pseudovolby? Je zjevn\u00e9, \u017ee se nejedn\u00e1 o volby, ale o jak\u00fdsi perverzn\u00ed plebiscit, zda bude v \u010dele zem\u011b lep\u0161\u00ed ekonomick\u00fd nebo vojensk\u00fd f\u00edzl. Ani jeden nebude zastupovat z\u00e1jmy na\u0161\u00ed zem\u011b a jej\u00edch ob\u010dan\u016f, proto\u017ee oba budou l\u00edzat prdel nadn\u00e1rodn\u00edm instituc\u00edm. Jeden z nich u\u017e dop\u0159edu inzeruje, \u017ee bude poslu\u0161n\u00fdm vykonavatelem ciz\u00edch z\u00e1jm\u016f, jak byl ostatn\u011b cel\u00fd \u017eivot zvykl\u00fd. Ve\u0161ker\u00e9 \u00favahy o men\u0161\u00edm zle jsou bezp\u0159edm\u011btn\u00e9 a zbyte\u010dn\u00e9, oba kandid\u00e1ti p\u0159edstavuj\u00ed zlo, jen se ka\u017ed\u00e9 definuje trochu jinak. M\u00e9dia tyto volby dot\u00e1hla doktr\u00ednu \u0159\u00edzen\u00e9ho zla k naprost\u00e9 dokonalosti: V zemi, kde je tolik schopn\u00fdch a \u0161ikovn\u00fdch lid\u00ed, se o vrcholnou funkci uch\u00e1z\u00ed dva kandid\u00e1ti, kter\u00fd jsou jeden jak druh\u00fd \u0161mejd.<\/p>\n<p>Hod\u00ed se p\u0159ipomenout, jak\u00fd je vlastn\u011b smysl volebn\u00edho aktu. Smyslem voleb je realizovat svoji v\u016fli, nikoli se ut\u00e1p\u011bt v um\u011ble nastolen\u00fdch dilematech domn\u011ble men\u0161\u00edho zla.<\/p>\n<p>Za dan\u00e9 situace u\u017e nezbyla jin\u00e1 alternativa, ne\u017e nesouhlasit a d\u00e1t ten nesouhlas najevo, tedy odevzdat demonstrativn\u011b neplatn\u00fd hlas. Nech\u0165 voli\u010di agenta P\u00e1vka a agenta Bure\u0161e konaj\u00ed \u0161pinavou pr\u00e1ci sami.<\/p>\n<p><a href=\"https:\/\/dfens-cz.com\/soudruh-general-nema-chaos-rad\/\">D-FENS<\/a><\/p>\n<p>&nbsp;<\/p>\n<p><img decoding=\"async\" loading=\"lazy\" class=\"wp-image-19187 aligncenter\" src=\"http:\/\/www.infokuryr.cz\/n\/wp-content\/uploads\/2022\/12\/1-PRO-300x36.jpg\" alt=\"\" width=\"1267\" height=\"152\" srcset=\"https:\/\/www.infokuryr.cz\/n\/wp-content\/uploads\/2022\/12\/1-PRO-300x36.jpg 300w, https:\/\/www.infokuryr.cz\/n\/wp-content\/uploads\/2022\/12\/1-PRO.jpg 699w\" sizes=\"(max-width: 1267px) 100vw, 1267px\" \/><\/p>\n<p>&nbsp;<\/p>\n<p>&nbsp;<\/p>\n","protected":false},"excerpt":{"rendered":"<p>Agent P\u00e1vek se mi dnes rozhodl formou plak\u00e1tu sd\u011blit, \u017ee\u00a0Chaosu bylo dost.\u00a0D\u00e1le uvedl, \u017ee nab\u00edz\u00ed&#8230;<\/p>\n","protected":false},"author":2,"featured_media":3263,"comment_status":"closed","ping_status":"closed","sticky":false,"template":"","format":"standard","meta":[],"categories":[6],"tags":[562,4303,3989,1173],"_links":{"self":[{"href":"https:\/\/www.infokuryr.cz\/n\/wp-json\/wp\/v2\/posts\/21643"}],"collection":[{"href":"https:\/\/www.infokuryr.cz\/n\/wp-json\/wp\/v2\/posts"}],"about":[{"href":"https:\/\/www.infokuryr.cz\/n\/wp-json\/wp\/v2\/types\/post"}],"author":[{"embeddable":true,"href":"https:\/\/www.infokuryr.cz\/n\/wp-json\/wp\/v2\/users\/2"}],"replies":[{"embeddable":true,"href":"https:\/\/www.infokuryr.cz\/n\/wp-json\/wp\/v2\/comments?post=21643"}],"version-history":[{"count":1,"href":"https:\/\/www.infokuryr.cz\/n\/wp-json\/wp\/v2\/posts\/21643\/revisions"}],"predecessor-version":[{"id":21644,"href":"https:\/\/www.infokuryr.cz\/n\/wp-json\/wp\/v2\/posts\/21643\/revisions\/21644"}],"wp:featuredmedia":[{"embeddable":true,"href":"https:\/\/www.infokuryr.cz\/n\/wp-json\/wp\/v2\/media\/3263"}],"wp:attachment":[{"href":"https:\/\/www.infokuryr.cz\/n\/wp-json\/wp\/v2\/media?parent=21643"}],"wp:term":[{"taxonomy":"category","embeddable":true,"href":"https:\/\/www.infokuryr.cz\/n\/wp-json\/wp\/v2\/categories?post=21643"},{"taxonomy":"post_tag","embeddable":true,"href":"https:\/\/www.infokuryr.cz\/n\/wp-json\/wp\/v2\/tags?post=21643"}],"curies":[{"name":"wp","href":"https:\/\/api.w.org\/{rel}","templated":true}]}}