{"id":21634,"date":"2023-01-23T00:59:03","date_gmt":"2023-01-22T23:59:03","guid":{"rendered":"http:\/\/www.infokuryr.cz\/n\/?p=21634"},"modified":"2023-01-22T15:53:49","modified_gmt":"2023-01-22T14:53:49","slug":"i-po-celem-polsku-zacinaji-protestovat-desetitisice-vrabelu-proti-valce-a-zatahovani-polaku-do-americke-valky-na-ukrajine-jako-ve-vietnamu","status":"publish","type":"post","link":"https:\/\/www.infokuryr.cz\/n\/2023\/01\/23\/i-po-celem-polsku-zacinaji-protestovat-desetitisice-vrabelu-proti-valce-a-zatahovani-polaku-do-americke-valky-na-ukrajine-jako-ve-vietnamu\/","title":{"rendered":"I po cel\u00e9m Polsku za\u010d\u00ednaj\u00ed protestovat desetitis\u00edce &#8222;Vrabel\u016f&#8220; proti v\u00e1lce a zatahov\u00e1n\u00ed Pol\u00e1k\u016f do americk\u00e9 v\u00e1lky na Ukrajin\u011b (Jako ve Vietnamu)"},"content":{"rendered":"<div id=\"fb-root\"><\/div>\n<div class=\"introtext\">\n<p><strong>\u201eToto nen\u00ed na\u0161e v\u00e1lka\u201c, \u201eZastavte amerikanizaci Polska\u201c a \u201eChceme \u017e\u00edt v m\u00edru\u201c. Z\u00e1b\u011bry z Var\u0161avy ukazuj\u00ed, \u017ee &#8222;Vrabel&#8220; nen\u00ed \u010desk\u00fd fenom\u00e9n, ale \u017ee podobn\u011b sm\u00fd\u0161lej\u00ed ob\u010dan\u00e9 cel\u00e9 st\u0159edn\u00ed Evropy a masmedi\u00e1ln\u00ed manipulace ovl\u00e1dan\u00e1 z americk\u00e9ho centra u\u017e p\u0159es\u00e1hla rubikon.<\/strong><\/p>\n<\/div>\n<div class=\"fulltext\">\n<p>A co v\u00edc, podobn\u00e9 z\u00e1b\u011bry vid\u00edme u\u017e i z dal\u0161\u00edch, z\u00e1padn\u00edch m\u011bst a m\u00edrov\u00e9 hnut\u00ed s\u00edl\u00ed. Co se ale vymyk\u00e1 b\u011b\u017en\u00fdm m\u00edrov\u00fdm celosv\u011btov\u00fdm hnut\u00edm je protest &#8222;proti komu&#8220;. Zat\u00edmco masm\u00e9dia n\u00e1s utvrzuj\u00ed, \u017ee zlo\u010dincem je Rusko a utiskovan\u00fdm Ukrajina, protesty jsou proti USA a zatahov\u00e1n\u00ed oby\u010dejn\u00fdch lid\u00ed do v\u00e1lky, kterou naz\u00fdvaj\u00ed &#8222;Americk\u00e9 v\u00e1lka&#8220;. To se snad je\u0161t\u011b nikdy nestalo, aby sv\u011bt byl takto rozd\u011blen\u00fd: miliard\u00e1\u0159i a jejich masm\u00e9dia popisuj\u00ed v\u00e1lku jako &#8222;ruskou agresi&#8220;, lid\u00e9 naopak toto berou jako &#8222;americk\u00e1 agrese.<\/p>\n<p>U\u017e to nen\u00ed tak jako o vra\u017ed\u011bn\u00ed USA ve Vietnamu, kdy bohat\u00ed, chud\u00ed, prost\u011b cel\u00fd sv\u011bt protestoval proti americk\u00e9mu zab\u00edjen\u00ed ve Vietnamu a dokonce d\u011bti bohat\u00fdch v USA zalo\u017eili vlivnou skupinu:\u00a0<strong>Hippies, neboli &#8222;D\u011bti l\u00e1sky&#8220;<\/strong>.<\/p>\n<h2><strong>Dnes je to v\u00e1lka bohat\u00fdch a um\u00edraj\u00ed chud\u00ed.<\/strong><\/h2>\n<div><img decoding=\"async\" loading=\"lazy\" class=\"aligncenter\" src=\"https:\/\/www.prvnizpravy.cz\/repository\/svs\/polsko_demonstrace_za_mir.jpg\" alt=\"\" width=\"619\" height=\"332\" \/><\/div>\n<div><\/div>\n<h2><strong>\u00a0PODOBA S KOMUNISTICK\u00ddM GENER\u00c1LEM PETREM PAVLEM \u010cIST\u011a N\u00c1HODN\u00c1!<\/strong><\/h2>\n<p>S v\u00e1lkou ve Vietnamu nesouhlasila v\u00edce ne\u017e polovina Ameri\u010dan\u016f. K moci se dostal Richard Nixon (1913\u20131994), kter\u00fd ve sv\u00e9 kampani sliboval obnovit \u201e<strong>z\u00e1kon a po\u0159\u00e1dek<\/strong>\u201c. Jeho vzkaz ov\u0161em nem\u00ed\u0159il na pole v\u00e1le\u010dn\u00e9, n\u00fdbr\u017e v\u016f\u010di protiv\u00e1le\u010dn\u00fdm protest\u016fm a revolt\u00e1m. Stejn\u011b jako u n\u00e1s soudruh gener\u00e1l Petr Pavel, kter\u00fd neprotestuje proti v\u00e1lce, ale proti demonstruj\u00edc\u00edm &#8211; oby\u010dejn\u00fdm lidem!<\/p>\n<h3><span style=\"font-size: 18pt;\">Dal\u0161\u00ed podobnost \u010dist\u011b n\u00e1hodn\u00e1: Vietnam napadl dva torp\u00e9doborce.<\/span><\/h3>\n<p>Faktick\u00e1 v\u00e1lka ve Vietnamu za\u010dala pro USA druh\u00fd srpnov\u00fd den roku 1964, kdy v Tonkinsk\u00e9m z\u00e1livu napadly vietnamsk\u00e9 \u010dluny dvojici americk\u00fdch torp\u00e9doborc\u016f. \u00da\u0159aduj\u00edc\u00ed americk\u00fd prezident Lyndon B. Johnson (1908\u20131973)<strong>\u00a0na\u0159\u00eddil odvetn\u00e1 bombardov\u00e1n\u00ed<\/strong>\u00a0vojensk\u00fdch c\u00edl\u016f v Severn\u00edm Vietnamu.<\/p>\n<p><strong>H\u00e1dejte, kde chud\u00e1ci ameri\u010dt\u00ed byli napadeni? Kde je ten z\u00e1liv? U USA?<\/strong><\/p>\n<p>Samoz\u0159ejm\u011b n\u00e1hodn\u011b t\u011bsn\u011b u Vietnamu, stejn\u011b jako nyn\u00ed u \u010c\u00edny, u Ji\u017en\u00ed Koreje, a nyn\u00ed Evropan\u00e9 protestuj\u00ed proti USA na Ukrajin\u011b.<\/p>\n<div><\/div>\n<div><img decoding=\"async\" class=\"aligncenter\" src=\"https:\/\/www.skrytapravda.cz\/images\/blogy\/2951\/2022\/12prosinec\/Vietnam_c6adf.webp\" alt=\"Vietnam c6adf\" \/><\/div>\n<div><\/div>\n<p>U\u017e ch\u00e1pete, kde americk\u00e1 arm\u00e1da br\u00e1nila SVOU zem? A snaha dosadit americk\u00e9 z\u00e1kladny z jihv\u00fdchodu Asie proti tehdej\u0161\u00edmu SSSR a \u010c\u00edn\u011b. Mimochodem, jadern\u00e1 v\u00e1lka, kter\u00e9 mohla vzniknout mezi USA a SSSR byla z d\u016fvodu, \u017ee USA p\u0159esunuly z\u00e1kladny do Turecka (<b>Leteck\u00e1 z\u00e1kladna\u00a0<\/b><span class=\"cizojazycne\" lang=\"tr\" title=\"ture\u010dtina\"><i><strong>Hava \u00dcss\u00fc<\/strong>)\u00a0<\/i><\/span>na dost\u0159el SSSR. A dal\u0161\u00ed d\u016fle\u017eit\u00e1 informace:\u00a0<strong>na z\u00e1kladn\u011b se nach\u00e1z\u00ed 50 jadern\u00fdch bomb B61, kter\u00e9 si sem Ameri\u010dan\u00e9 p\u0159ivezli.<\/strong><\/p>\n<p>Nyn\u00ed jsou USA na Ukrajin\u011b a op\u011bt sv\u011bt protestuje. I v USA s\u00edl\u00ed protesty proti Bidenovi. V Kanad\u011b s\u00edl\u00ed cenzura, proto\u017ee se boj\u00ed m\u00edrov\u00fdch hnut\u00ed tak\u00e9. A u n\u00e1s to vid\u00edme na vlastn\u00ed o\u010di.<\/p>\n<p>Vy star\u0161\u00ed, vzpom\u00edn\u00e1te?<\/p>\n<p><span style=\"font-size: 18pt;\"><strong>Nebo snad n\u011bkdo chce zpochybnit data zde vepsan\u00e1 a ozna\u010dit je jako &#8222;dezinformace&#8220;?<\/strong><\/span><\/p>\n<p><a href=\"https:\/\/www.skrytapravda.cz\/ze-zahranici\/1034-i-po-celem-polsku-zacina-protestovat-desetitisice-vrabelu-proti-valce-a-zatahovani-polaku-do-americke-valky-na-ukrajine\">Petr Pokorn\u00fd<\/a><\/p>\n<\/div>\n<p>&nbsp;<\/p>\n<p><img decoding=\"async\" loading=\"lazy\" class=\"wp-image-19187 aligncenter\" src=\"http:\/\/www.infokuryr.cz\/n\/wp-content\/uploads\/2022\/12\/1-PRO-300x36.jpg\" alt=\"\" width=\"1300\" height=\"156\" srcset=\"https:\/\/www.infokuryr.cz\/n\/wp-content\/uploads\/2022\/12\/1-PRO-300x36.jpg 300w, https:\/\/www.infokuryr.cz\/n\/wp-content\/uploads\/2022\/12\/1-PRO.jpg 699w\" sizes=\"(max-width: 1300px) 100vw, 1300px\" \/><\/p>\n<p>&nbsp;<\/p>\n","protected":false},"excerpt":{"rendered":"<p>\u201eToto nen\u00ed na\u0161e v\u00e1lka\u201c, \u201eZastavte amerikanizaci Polska\u201c a \u201eChceme \u017e\u00edt v m\u00edru\u201c. Z\u00e1b\u011bry z Var\u0161avy&#8230;<\/p>\n","protected":false},"author":2,"featured_media":21635,"comment_status":"closed","ping_status":"closed","sticky":false,"template":"","format":"standard","meta":[],"categories":[6],"tags":[28,31,95,276,37],"_links":{"self":[{"href":"https:\/\/www.infokuryr.cz\/n\/wp-json\/wp\/v2\/posts\/21634"}],"collection":[{"href":"https:\/\/www.infokuryr.cz\/n\/wp-json\/wp\/v2\/posts"}],"about":[{"href":"https:\/\/www.infokuryr.cz\/n\/wp-json\/wp\/v2\/types\/post"}],"author":[{"embeddable":true,"href":"https:\/\/www.infokuryr.cz\/n\/wp-json\/wp\/v2\/users\/2"}],"replies":[{"embeddable":true,"href":"https:\/\/www.infokuryr.cz\/n\/wp-json\/wp\/v2\/comments?post=21634"}],"version-history":[{"count":0,"href":"https:\/\/www.infokuryr.cz\/n\/wp-json\/wp\/v2\/posts\/21634\/revisions"}],"wp:featuredmedia":[{"embeddable":true,"href":"https:\/\/www.infokuryr.cz\/n\/wp-json\/wp\/v2\/media\/21635"}],"wp:attachment":[{"href":"https:\/\/www.infokuryr.cz\/n\/wp-json\/wp\/v2\/media?parent=21634"}],"wp:term":[{"taxonomy":"category","embeddable":true,"href":"https:\/\/www.infokuryr.cz\/n\/wp-json\/wp\/v2\/categories?post=21634"},{"taxonomy":"post_tag","embeddable":true,"href":"https:\/\/www.infokuryr.cz\/n\/wp-json\/wp\/v2\/tags?post=21634"}],"curies":[{"name":"wp","href":"https:\/\/api.w.org\/{rel}","templated":true}]}}