{"id":21631,"date":"2023-01-23T01:00:41","date_gmt":"2023-01-23T00:00:41","guid":{"rendered":"http:\/\/www.infokuryr.cz\/n\/?p=21631"},"modified":"2023-01-22T15:50:03","modified_gmt":"2023-01-22T14:50:03","slug":"co-nam-ceska-televize-zatajila-a-bartoska-kdu-csl-dohnalo-k-nenavistnym-vypadum-na-prime-cnn","status":"publish","type":"post","link":"https:\/\/www.infokuryr.cz\/n\/2023\/01\/23\/co-nam-ceska-televize-zatajila-a-bartoska-kdu-csl-dohnalo-k-nenavistnym-vypadum-na-prime-cnn\/","title":{"rendered":"Co n\u00e1m \u010cesk\u00e1 televize zatajila a Barto\u0161ka (KDU-\u010cSL) dohnalo k nen\u00e1vistn\u00fdm v\u00fdpad\u016fm na Prim\u011b CNN?"},"content":{"rendered":"<div id=\"fb-root\"><\/div>\n<p><strong>Kdy\u017e je n\u011bkde deset profialov\u00fdch zfanatizovan\u00fdch extremist\u016f, kte\u0159\u00ed se cht\u011bj\u00ed rv\u00e1t, pol\u00e9vat barvou a sprost\u011b vyhro\u017eovat, je to pops\u00e1no, jako kdyby tam bylo p\u016fl milionu lid\u00ed. Kdy\u017e ale \u017e\u00e1d\u00e1 m\u00edr velk\u00fd pr\u016fvod, Barto\u0161ek nen\u00e1vistn\u011b \u0159ve, \u017ee by m\u011bli v\u0161echny (dez)inform\u00e1tory zav\u0159\u00edt a potrestat. Prost\u011b toto jsou zlo\u010dinci a v\u0161e je dezinformace.<\/strong><\/p>\n<p><strong><span style=\"font-size: 18pt;\">Protest proti vl\u00e1d\u011b v sobotu 21.01.2023<\/span><\/strong><\/p>\n<p>&nbsp;<\/p>\n<p><iframe loading=\"lazy\" title=\"Dal\u0161\u00ed z \u0159ad DEMONSTRAC\u00cd ,,\u010cR na 1. m\u00edst\u011b &#039;&#039;, \u010d\u00e1st 2\/3 - 21.1.2023 Praha\" width=\"640\" height=\"360\" src=\"https:\/\/www.youtube.com\/embed\/G-yV-d1p56k?feature=oembed\" frameborder=\"0\" allow=\"accelerometer; autoplay; clipboard-write; encrypted-media; gyroscope; picture-in-picture; web-share\" allowfullscreen><\/iframe><\/p>\n<p>&nbsp;<\/p>\n<h1 class=\"style-scope ytd-watch-metadata\">Dal\u0161\u00ed z \u0159ad DEMONSTRAC\u00cd ,,\u010cR na 1. m\u00edst\u011b &#8220;<\/h1>\n<p>Jedin\u00e9 nejde pochopit: opravdu volby p\u0159edan\u00e9 do po\u010d\u00edta\u010d\u016f spo\u010ditaly, \u017ee se Barto\u0161kov\u00e9 a Fialov\u00e9 s Raku\u0161any dostaly do vl\u00e1dy? Kter\u00e9 po\u010d\u00edta\u010de a programy m\u011bly na starost posledn\u00ed parlamentn\u00ed volby?<\/p>\n<p><img decoding=\"async\" loading=\"lazy\" class=\"alignnone size-full wp-image-1185\" src=\"http:\/\/www.infokuryr.cz\/n\/wp-content\/uploads\/2021\/04\/kuryr-podpis.png\" alt=\"\" width=\"84\" height=\"24\" \/><\/p>\n<p>&nbsp;<\/p>\n<p><img decoding=\"async\" loading=\"lazy\" class=\"wp-image-19187 aligncenter\" src=\"http:\/\/www.infokuryr.cz\/n\/wp-content\/uploads\/2022\/12\/1-PRO-300x36.jpg\" alt=\"\" width=\"1242\" height=\"149\" srcset=\"https:\/\/www.infokuryr.cz\/n\/wp-content\/uploads\/2022\/12\/1-PRO-300x36.jpg 300w, https:\/\/www.infokuryr.cz\/n\/wp-content\/uploads\/2022\/12\/1-PRO.jpg 699w\" sizes=\"(max-width: 1242px) 100vw, 1242px\" \/><\/p>\n<p>&nbsp;<\/p>\n","protected":false},"excerpt":{"rendered":"<p>Kdy\u017e je n\u011bkde deset profialov\u00fdch zfanatizovan\u00fdch extremist\u016f, kte\u0159\u00ed se cht\u011bj\u00ed rv\u00e1t, pol\u00e9vat barvou a sprost\u011b&#8230;<\/p>\n","protected":false},"author":2,"featured_media":21632,"comment_status":"closed","ping_status":"closed","sticky":false,"template":"","format":"standard","meta":[],"categories":[6],"tags":[4301,1577,234,95,889],"_links":{"self":[{"href":"https:\/\/www.infokuryr.cz\/n\/wp-json\/wp\/v2\/posts\/21631"}],"collection":[{"href":"https:\/\/www.infokuryr.cz\/n\/wp-json\/wp\/v2\/posts"}],"about":[{"href":"https:\/\/www.infokuryr.cz\/n\/wp-json\/wp\/v2\/types\/post"}],"author":[{"embeddable":true,"href":"https:\/\/www.infokuryr.cz\/n\/wp-json\/wp\/v2\/users\/2"}],"replies":[{"embeddable":true,"href":"https:\/\/www.infokuryr.cz\/n\/wp-json\/wp\/v2\/comments?post=21631"}],"version-history":[{"count":1,"href":"https:\/\/www.infokuryr.cz\/n\/wp-json\/wp\/v2\/posts\/21631\/revisions"}],"predecessor-version":[{"id":21633,"href":"https:\/\/www.infokuryr.cz\/n\/wp-json\/wp\/v2\/posts\/21631\/revisions\/21633"}],"wp:featuredmedia":[{"embeddable":true,"href":"https:\/\/www.infokuryr.cz\/n\/wp-json\/wp\/v2\/media\/21632"}],"wp:attachment":[{"href":"https:\/\/www.infokuryr.cz\/n\/wp-json\/wp\/v2\/media?parent=21631"}],"wp:term":[{"taxonomy":"category","embeddable":true,"href":"https:\/\/www.infokuryr.cz\/n\/wp-json\/wp\/v2\/categories?post=21631"},{"taxonomy":"post_tag","embeddable":true,"href":"https:\/\/www.infokuryr.cz\/n\/wp-json\/wp\/v2\/tags?post=21631"}],"curies":[{"name":"wp","href":"https:\/\/api.w.org\/{rel}","templated":true}]}}