{"id":21610,"date":"2023-01-22T04:18:51","date_gmt":"2023-01-22T03:18:51","guid":{"rendered":"http:\/\/www.infokuryr.cz\/n\/?p=21610"},"modified":"2023-01-22T04:18:51","modified_gmt":"2023-01-22T03:18:51","slug":"kulka-pro-babise-a-pan-rakusan-aneb-proc-neni-kulka-jako-kulka","status":"publish","type":"post","link":"https:\/\/www.infokuryr.cz\/n\/2023\/01\/22\/kulka-pro-babise-a-pan-rakusan-aneb-proc-neni-kulka-jako-kulka\/","title":{"rendered":"Kulka pro Babi\u0161e, a pan Raku\u0161an. Aneb pro\u010d nen\u00ed kulka jako kulka?"},"content":{"rendered":"<div id=\"fb-root\"><\/div>\n<p>Ministr vnitra \u010ceska, pan Raku\u0161an, v\u010dera potvrdil, \u017ee kulka poslan\u00e1 Babi\u0161ov\u00fdm d\u011btem se nebude vy\u0161et\u0159ovat! Raku\u0161an toti\u017e ozn\u00e1mil:\u00a0<a href=\"https:\/\/www.parlamentnilisty.cz\/arena\/monitor\/-Dobyt-k-Babis-ohlasil-kulku-v-obalce-Novinari-ho-prevalcovali-Rakusan-prispel-desivou-poznamkou-726845\"><em>Odsuzuji jakoukoliv agresi. A jako ministr vnitra garantuji, \u017ee policie se v\u00fdhr\u016f\u017ekou man\u017eelce pana Babi\u0161e bude zab\u00fdvat stejn\u011b v\u00e1\u017en\u011b jako v\u00fdhr\u016f\u017ekou komukoliv jin\u00e9mu v na\u0161\u00ed zemi. Vyhro\u017eovat rodin\u011b je nep\u0159ijateln\u00fd hnus. Tahle \u0161\u00edlen\u00e1 agrese mus\u00ed skon\u010dit Babi\u0161 pro to m\u016f\u017ee hodn\u011b ud\u011blat<\/em><\/a>.<\/p>\n<p>T\u00edm ov\u0161em Raku\u0161an \u0159ekl, \u017ee se nic vy\u0161et\u0159ovat nebude. Proto\u017ee Raku\u0161an moc dob\u0159e v\u00ed, \u017ee Policie nikdy nevy\u0161et\u0159ovala a ani nevy\u0161et\u0159uje kulku, kterou moj\u00ed \u017een\u011b poslali pachatel\u00e9 kr\u00e1de\u017e\u00ed st\u00e1tn\u00edho majetku za stovky miliard korun. A to p\u0159esto, \u017ee jsou k dispozici jejich odposlechy. Le\u010d tyto odposlechy dokazuj\u00ed, \u017ee vyd\u00edr\u00e1n\u00ed m\u00e9 rodiny, p\u0159i kter\u00e9m se pachatel\u00e9 vyd\u00e1vali za \u010dleny \u201ckyjevsk\u00e9 brig\u00e1dy\u201d a vyhro\u017eovali mi vyvra\u017ed\u011bn\u00edm nejen d\u011bt\u00ed ale i vnou\u010dat, \u0159\u00eddila advok\u00e1tn\u00ed kancel\u00e1\u0159 man\u017eela krajsk\u00e9 st\u00e1tn\u00ed z\u00e1stupkyn\u011b. Syn t\u00e9to st\u00e1tn\u00ed z\u00e1stupkyn\u011b dokonce pro pachatele vyd\u00edr\u00e1n\u00ed moj\u00ed rodiny legalizoval kr\u00e1de\u017e nemovitosti z jejich trestn\u00e9 \u010dinnosti, a to v dob\u011b, kdy jeho maminka \u0159\u00eddila tzv. vy\u0161et\u0159ov\u00e1n\u00ed t\u011bchto pachatel\u016f za zvl\u00e1\u0161\u0165 z\u00e1va\u017enou da\u0148ovou trestnou \u010dinnost.<\/p>\n<p><strong>Jak vid\u00edte, podle Raku\u0161ana, kdy\u017e se kulka Babi\u0161ovi bude vy\u0161et\u0159ovat jako kulka ka\u017ed\u00e9mu jin\u00e9mu ob\u010danovi znamen\u00e1, \u017ee se \u017e\u00e1dn\u00e1 kulka Babi\u0161ovi vy\u0161et\u0159ovat nebude!<\/strong><\/p>\n<p><em>Mus\u00edm ale uznat, \u017ee jsem t\u00edm pot\u011b\u0161en, proto\u017ee aspo\u0148 tak politici, za\u017eij\u00ed to co j\u00e1, moje man\u017eelka, m\u00e9 d\u011bti a m\u00e1 vnou\u010data. Tot\u00e1ln\u00ed v\u00fdsm\u011bch, tot\u00e1ln\u00ed pon\u00ed\u017een\u00ed a tot\u00e1ln\u00ed bezmoc a tot\u00e1ln\u00ed okraden\u00ed o ve\u0161ker\u00fd majetek. Kapit\u00e1na pra\u017esk\u00e9 policie, kter\u00fd se p\u0159\u00edpad sna\u017eil vy\u0161et\u0159it, nakonec rad\u011bji vyhnali z policie. Rozkr\u00fdvat tyto zlo\u010dince, mne kdysi poslalo \u00daOOZ, ihned po t\u00e9, co jsem jim podal trestn\u00ed ozn\u00e1men\u00ed na stamilionov\u00e9 da\u0148ov\u00e9 podvody kryt\u00e9 P\u010cR Plze\u0148. \u00daOOZ mi sl\u00edbilo ochranu, za to \u017ee budu mezi pachateli skryt\u011b p\u016fsobit. Jakmile se to dozv\u011bd\u011bl \u0160lachta, do \u010deho se jeho pod\u0159\u00edzen\u00ed pustili, lekl se, a ihned p\u0159edal cel\u00e9 vy\u0161et\u0159ov\u00e1n\u00ed t\u011bm policist\u016fm, kte\u0159\u00ed ty da\u0148ov\u00e9 podvody kryly. M\u00edsto ochrany jsem tak byl n\u011bkolik let i s rodinou pron\u00e1sledov\u00e1n a vyd\u00edr\u00e1n. A m\u016f\u017eu V\u00e1m \u0159\u00edct, \u017ee kdy\u017e V\u00e1m na dve\u0159e p\u0159ibij\u00ed\u00a0 kulku s fotografiemi Va\u0161\u00ed \u017eeny, kter\u00e9 pachatel\u00e9 po\u0159\u00eddili dva dny p\u0159ed t\u00edm, kdy\u017e ven\u010dila psa, tak je V\u00e1m do breku, t\u00edm sp\u00ed\u0161, \u017ee V\u00e1m sou\u010dasn\u011b sd\u011bluj\u00ed, \u017ee V\u00e1m vyvra\u017ed\u00ed celou rodinu, a \u017ee se V\u00e1m policie i st\u00e1tn\u00ed z\u00e1stupci sm\u011bj\u00ed. Dokonce, kdy\u017e oby\u010dejn\u00ed policist\u00e9 z P\u010cR Dob\u0159any zajistili d\u016fkazy o vyd\u00edr\u00e1n\u00ed m\u00e9 \u017eeny v psychiatrick\u00e9 l\u00e9\u010debn\u011b Dob\u0159any, a to kamerov\u00e9 z\u00e1znamy, tak jim je policist\u00e9 z Plzn\u011b zabavili a dva n\u00e1m\u011bstci pro krimin\u00e1ln\u00ed slu\u017ebu, pra\u017esk\u00fd a plze\u0148sk\u00fd je ztratili, kdy\u017e cel\u00fd spis spole\u010dn\u011b rozkradli. Tak tohle za\u017e\u00edt p\u0159eji v\u0161em politik\u016fm, aby si kone\u010dn\u011b\u00a0 uv\u011bdomili do jak\u00fdch sra\u010dek na\u0161i zemi v\u0161ichni p\u0159ivedli!\u00a0<\/em><\/p>\n<p>M\u00e9mu p\u0159edch\u016fdci, kter\u00fd tuhle mazanou policejn\u00ed partu ozn\u00e1mil policii, ihned po v\u00fdslechu zlomili obratel. Je\u0161t\u011b d\u0159\u00edv ne\u017e dojel z policie do sv\u00e9ho zam\u011bstn\u00e1n\u00ed, m\u011bli u\u017e pachatel\u00e9 jeho ozn\u00e1men\u00ed policii na stole \u2013 pro p\u0159edstavu cesta z Lochot\u00edna na Bory v Plzni autem trv\u00e1 cca 20 minut! Policie se mu dosud ani neomluvila!<\/p>\n<p><strong>M\u011bjte se kr\u00e1sn\u011b, a b\u011b\u017ete k volb\u00e1m. Mnohem d\u016fle\u017eit\u011bj\u0161\u00ed, ne\u017e koho zvol\u00edte, je \u017ee zvol\u00edte. Co se nepovede letos, povede se p\u0159\u00ed\u0161t\u011b. Ale jen, kdy\u017e se nech\u00e1te otr\u00e1vit, abyste nechodili k volb\u00e1m. O to jim jde!<\/strong><\/p>\n<p><a href=\"https:\/\/www.michalapetr.com\/map-1575-kulka-pro-babise-a-pan-rakusan-aneb-proc-neni-kulka-jako-kulka\/\">Michael Svato\u0161<\/a><\/p>\n<p>&nbsp;<\/p>\n<p><img decoding=\"async\" loading=\"lazy\" class=\"wp-image-19187 aligncenter\" src=\"http:\/\/www.infokuryr.cz\/n\/wp-content\/uploads\/2022\/12\/1-PRO-300x36.jpg\" alt=\"\" width=\"1283\" height=\"154\" srcset=\"https:\/\/www.infokuryr.cz\/n\/wp-content\/uploads\/2022\/12\/1-PRO-300x36.jpg 300w, https:\/\/www.infokuryr.cz\/n\/wp-content\/uploads\/2022\/12\/1-PRO.jpg 699w\" sizes=\"(max-width: 1283px) 100vw, 1283px\" \/><\/p>\n<p>&nbsp;<\/p>\n","protected":false},"excerpt":{"rendered":"<p>Ministr vnitra \u010ceska, pan Raku\u0161an, v\u010dera potvrdil, \u017ee kulka poslan\u00e1 Babi\u0161ov\u00fdm d\u011btem se nebude vy\u0161et\u0159ovat!&#8230;<\/p>\n","protected":false},"author":2,"featured_media":21611,"comment_status":"closed","ping_status":"closed","sticky":false,"template":"","format":"standard","meta":[],"categories":[6],"tags":[126,4298,1032,2064],"_links":{"self":[{"href":"https:\/\/www.infokuryr.cz\/n\/wp-json\/wp\/v2\/posts\/21610"}],"collection":[{"href":"https:\/\/www.infokuryr.cz\/n\/wp-json\/wp\/v2\/posts"}],"about":[{"href":"https:\/\/www.infokuryr.cz\/n\/wp-json\/wp\/v2\/types\/post"}],"author":[{"embeddable":true,"href":"https:\/\/www.infokuryr.cz\/n\/wp-json\/wp\/v2\/users\/2"}],"replies":[{"embeddable":true,"href":"https:\/\/www.infokuryr.cz\/n\/wp-json\/wp\/v2\/comments?post=21610"}],"version-history":[{"count":0,"href":"https:\/\/www.infokuryr.cz\/n\/wp-json\/wp\/v2\/posts\/21610\/revisions"}],"wp:featuredmedia":[{"embeddable":true,"href":"https:\/\/www.infokuryr.cz\/n\/wp-json\/wp\/v2\/media\/21611"}],"wp:attachment":[{"href":"https:\/\/www.infokuryr.cz\/n\/wp-json\/wp\/v2\/media?parent=21610"}],"wp:term":[{"taxonomy":"category","embeddable":true,"href":"https:\/\/www.infokuryr.cz\/n\/wp-json\/wp\/v2\/categories?post=21610"},{"taxonomy":"post_tag","embeddable":true,"href":"https:\/\/www.infokuryr.cz\/n\/wp-json\/wp\/v2\/tags?post=21610"}],"curies":[{"name":"wp","href":"https:\/\/api.w.org\/{rel}","templated":true}]}}