{"id":21607,"date":"2023-01-22T04:10:31","date_gmt":"2023-01-22T03:10:31","guid":{"rendered":"http:\/\/www.infokuryr.cz\/n\/?p=21607"},"modified":"2023-01-22T04:38:11","modified_gmt":"2023-01-22T03:38:11","slug":"jan-schneider-normalizator-kolar","status":"publish","type":"post","link":"https:\/\/www.infokuryr.cz\/n\/2023\/01\/22\/jan-schneider-normalizator-kolar\/","title":{"rendered":"Jan Schneider: Normaliz\u00e1tor Kol\u00e1\u0159"},"content":{"rendered":"<div id=\"fb-root\"><\/div>\n<div align=\"justify\">\n<div style=\"text-align: left;\" align=\"right\">\n<p><strong>Poradcem b\u00fdval\u00e9ho komunisty a (b\u00fdval\u00e9ho?) rozv\u011bd\u010d\u00edka gener\u00e1la Petra Pavla, kter\u00fd usiluje o zvolen\u00ed prezidentem \u010ceska, je b\u00fdval\u00fd zam\u011bstnanec ministerstva zahrani\u010dn\u00edch v\u011bc\u00ed Petr Kol\u00e1\u0159.<\/strong><\/p>\n<p>Nenapsal jsem diplomat, abych neurazil p\u0159\u00edslu\u0161n\u00edky t\u00e9to noblesn\u00ed bran\u017ee, p\u00ed\u0161e Jan Schneider v koment\u00e1\u0159i pro Prvnizpravy.cz, proto\u017ee \u2013 nu, poslechn\u011bte si sami dal\u0161\u00ed ze skv\u011bl\u00fdch po\u0159ad\u016f<strong><a href=\"http:\/\/www.youtube.com\/watch?v=ezFiErR4h20\">\u00a0\u201eAby bylo jasno\u201c<\/a><\/strong>\u00a0Jany Bobo\u0161\u00edkov\u00e9 a Hany Lipovsk\u00e9. Zde je doslovn\u00fd p\u0159epis toho, co \u0159ekl Petr Kol\u00e1\u0159 na adresu posledn\u00edch demonstrac\u00ed a demonstruj\u00edc\u00edch:<\/p>\n<p><strong><em>\u201eZa\u010d\u00edn\u00e1m m\u00edt pocit, \u017ee to p\u0159eh\u00e1n\u00edme s tou toleranc\u00ed, \u017ee nesm\u00edme b\u00fdt tolerantn\u00ed k netolerantn\u00edm, \u017ee nem\u016f\u017eeme nech\u00e1vat lidi, kte\u0159\u00ed jsou pod n\u011bkolika exekucemi, jsou to v podstat\u011b spodina spole\u010dnosti, aby tady si d\u011blali v tom prostoru spole\u010densk\u00e9m, soci\u00e1ln\u00edm a politick\u00e9m, co cht\u011bj\u00ed.\u201c<\/em><\/strong><\/p>\n<p>Co to Petr Kol\u00e1\u0159 vlastn\u011b chce? Chce p\u0159estat s toleranc\u00ed k netolerantn\u00edm, \u010dili s\u00e1m se chce st\u00e1t netolerantn\u00edm, \u010d\u00edm\u017e p\u00e1dem by se k n\u011bmu dal\u0161\u00ed podobn\u00fd t\u00fdpek za\u010dal \u2013 s odkazem na jeho v\u00fdrok \u2013 chovat t\u00e9\u017e netolerantn\u011b. A tak d\u00e1l. Velmi osobit\u00e1 cesta k uklidn\u011bn\u00ed spole\u010dnosti!<\/p>\n<p><strong>Lid\u00e9 s exekucemi jsou podle Kol\u00e1\u0159e \u201espodina spole\u010dnosti\u201c \u2013 nu ano, nenakradli si, prok\u00e1zali neschopnost, na rozd\u00edl od t\u00e9 naopak v\u0161eho schopn\u00e9 smet\u00e1nky spole\u010dnosti, jej\u00ed\u017e se c\u00edt\u00ed b\u00fdt Kol\u00e1\u0159 sou\u010d\u00e1st\u00ed, proto vol\u00ed \u201emajest\u00e1tn\u00ed plur\u00e1l\u201c (nesm\u00edme!).<\/strong><\/p>\n<p>A ta spodina, co\u017e je podle Kol\u00e1\u0159ova v\u00fdrazu ji\u017e docela pobu\u0159uj\u00edc\u00ed, by si tu r\u00e1da d\u011blala co chce! Mysl\u00ed si, \u017ee na n\u011b plat\u00ed V\u0161eobecn\u00e1 deklarace lidsk\u00fdch pr\u00e1v, nebo \u2013 jako kdysi ti drz\u00ed signat\u00e1\u0159i Charty 77 \u2013 se dokonce do\u017eaduj\u00ed, aby st\u00e1t dodr\u017eoval sv\u00e9 z\u00e1kony, do nich\u017e nap\u0159\u00edklad pat\u0159\u00ed mezin\u00e1rodn\u00ed pakty o ob\u010dansk\u00fdch, lidsk\u00fdch, hospod\u00e1\u0159sk\u00fdch, soci\u00e1ln\u00edch a kulturn\u00edch pr\u00e1vech! Skand\u00e1l!<\/p>\n<p><strong>Co mi to jen p\u0159ipom\u00edn\u00e1? V n\u00e1sleduj\u00edc\u00edch uk\u00e1zk\u00e1ch sta\u010d\u00ed zam\u011bnit slovo \u201eCharta\u201c za slovo \u201edemonstranti\u201c, nebo \u201esocialistick\u00fd\u201c za \u201esou\u010dasn\u00fd\u201c, \u010di \u201ez\u00e1padn\u00ed\u201c za \u201ev\u00fdchodn\u00ed\u201c a podobn\u011b \u2013 a hned jsme doma, odkud Petr Kol\u00e1\u0159 bere inspiraci.<\/strong><\/p>\n<p><strong>\u201eZtroskotanci a samozvanci\u201c<\/strong>\u00a0\u2013 tak se jmenoval \u010dl\u00e1nek v Rud\u00e9m pr\u00e1vu z 12. ledna 1977, v n\u011bm\u017e byli takto pojmenov\u00e1ni a bez jak\u00e9koliv mo\u017enosti se obh\u00e1jit kritizov\u00e1ni v\u0161ichni, kte\u0159\u00ed p\u0159ipojili sv\u016fj podpis pod z\u00e1kladn\u00ed dokument Charty 77, po\u017eaduj\u00edc\u00ed dodr\u017eov\u00e1n\u00ed \u010deskoslovensk\u00fdch z\u00e1kon\u016f a celospole\u010densk\u00fd dialog s vl\u00e1dou. P\u00ed\u0161e se v n\u011bm doslova: \u201e<strong><em>Ve sv\u00e9m zavil\u00e9m boji proti pokroku se mezin\u00e1rodn\u00ed reakce pokou\u0161\u00ed vytvo\u0159it zd\u00e1n\u00ed jak\u00e9si \u0161irok\u00e9 antisocialistick\u00e9 fronty, do n\u00ed\u017e se sna\u017e\u00ed zavl\u00e9ci vedle otev\u0159en\u00fdch zr\u00e1dc\u016f i kol\u00edsaj\u00edc\u00ed a dezorientovan\u00e9 jednotlivce a skupiny &#8230;\u201c<\/em><\/strong>\u00a0\u2013 ano, to byli p\u0159edch\u016fdci dne\u0161n\u00edch \u201edezol\u00e1t\u016f\u201c. Pozm\u011bnil se slovn\u00edk, nezm\u011bnily se v\u0161ak zp\u016fsoby normaliz\u00e1tor\u016f.<\/p>\n<p><span style=\"font-size: 18pt;\"><strong>Anebo toto:<\/strong><\/span><br \/>\n<strong><em>\u201eNa\u0161e socialistick\u00e1 vlast byla velkorys\u00e1 i v\u016f\u010di p\u0159\u00edm\u00fdm organiz\u00e1tor\u016fm kontrarevoluce. Velkorysost si v\u0161ak nesm\u011bj\u00ed vysv\u011btlovat jako na\u0161i slabost. Nem\u011bli by zapom\u00ednat, \u017ee trp\u011blivost lid\u00ed m\u00e1 sv\u00e9 meze.\u201c<\/em><\/strong>\u00a0(Ve jm\u00e9nu socialismu a \u0161\u0165astn\u00e9ho \u017eivota proti rozvratn\u00edk\u016fm a samozvanc\u016fm, Svoboda, Praha 1977, s. 23.) &#8212; P\u0159epi\u0161me to obecn\u011bji, aby to \u0161lo l\u00e9pe\u00a0 Kol\u00e1\u0159ovi k figu\u0159e:\u00a0<strong><em>\u201eNa\u0161e vlast byla velkorys\u00e1 i v\u016f\u010di p\u0159\u00edm\u00fdm organiz\u00e1tor\u016fm. Velkorysost si v\u0161ak nesm\u011bj\u00ed vysv\u011btlovat jako na\u0161i slabost. Nem\u011bli by zapom\u00ednat, \u017ee trp\u011blivost lid\u00ed m\u00e1 sv\u00e9 meze.\u201c<\/em><\/strong><\/p>\n<p><span style=\"font-size: 18pt;\"><strong>\u00dastav pro studium totalitn\u00edch re\u017eim\u016f ve sv\u00e9m textu o normalizaci uvedl nap\u0159\u00edklad toto:<\/strong><\/span><\/p>\n<p><strong><em>\u201eSp\u00ed\u0161e ne\u017e obranu p\u0159ed nep\u0159\u00edtelem kampa\u0148 proti Chart\u011b evokovala pocit spravedliv\u00e9ho rozho\u0159\u010den\u00ed a ztr\u00e1ty trp\u011blivosti.\u201c<\/em><\/strong><br \/>\n<strong><em>\u201e&#8230; socialistick\u00e1 m\u00e9dia odhaluj\u00ed manipulativn\u00ed techniky m\u00e9di\u00ed z\u00e1padn\u00edch. &#8230; Hovo\u0159\u00ed se o ideologick\u00e9 manipulaci, a p\u0159itom se manipuluje. &#8230; M\u00e1 odhalen\u00ed ciz\u00ed l\u017ei pos\u00edlit legitimitu ideologie? Rud\u00e9 pr\u00e1vo demaskuje metody chartist\u016f, uv\u00e1d\u00ed jejich zkreslen\u00e9 a z kontextu vytr\u017een\u00e9 informace na pravou m\u00edru, odhaluje jejich spojen\u00ed se z\u00e1padn\u00edmi centr\u00e1lami a poklesl\u00e9 motivace &#8230; Ideologick\u00e1 hra na odhalov\u00e1n\u00ed manipulativn\u00edch technik z\u00e1padn\u00edch m\u00e9di\u00ed tak jen podtrhuje absurdnost cel\u00e9 komunika\u010dn\u00ed situace.\u201c<\/em><\/strong><\/p>\n<p>Ani \u010deskoslovensk\u00fd rozhlas tehdy nez\u016fstal pozadu! U\u017e 11. ledna 1977 ve\u010der odvys\u00edlal koment\u00e1\u0159 ob\u00e1van\u00e9ho rozhlasov\u00e9ho normaliz\u00e1tora Kv\u011btoslava Faixe, \u0161\u00e9fredaktora \u00dast\u0159edn\u00edho vys\u00edl\u00e1n\u00ed politick\u00e9ho zpravodajstv\u00ed a publicistiky. Z jeho t\u00f3nu \u2013 o chartistech hovo\u0159il jako o pomaha\u010d\u00edch imperialismu, zr\u00e1dc\u00edch a reneg\u00e1tech zahrnovan\u00fdch tu\u010dn\u00fdmi honor\u00e1\u0159i \u2013 mohl oby\u010dejn\u00fd poslucha\u010d jen t\u011b\u017eko vytu\u0161it, jak ostr\u00e1 a mohutn\u00e1 kampa\u0148 proti Chart\u011b 77 bude. N\u00e1sleduj\u00edc\u00edho dne u\u017e byly komunistickou stranou ovl\u00e1dan\u00e9 sd\u011blovac\u00ed prost\u0159edky pln\u00e9 odpadl\u00edk\u016f, chytr\u00e1k\u016f, elit\u00e1\u0159\u016f \u010di zkrachovanc\u016f \u2013 p\u0159\u00edklad, jak\u00fdmi v\u00fdrazy na adresu chartist\u016f se to v \u010dl\u00e1nc\u00edch a v rozhlasov\u00e9m \u010di televizn\u00edm vys\u00edl\u00e1n\u00ed jen hem\u017eilo.<\/p>\n<p>Chartista V\u00e1clav Benda ve sv\u00e9 stati \u201eO politicky motivovan\u00fdch repres\u00edch\u201c v roce 1986 pro n\u00e1s velmi pou\u010dn\u011b (proto\u017ee bohu\u017eel i aktu\u00e1ln\u011b) napsal,\u00a0<strong><em>\u017ee za necel\u00fdch deset let existence Charty 77 se vyst\u0159\u00eddaly nejr\u016fzn\u011bj\u0161\u00ed formy represe, od difama\u010dn\u00edch kampan\u00ed v tisku p\u0159es administrativn\u00ed opat\u0159en\u00ed v\u0161eho druhu a\u017e po represe policejn\u00ed a justi\u010dn\u00ed (v\u011bt\u0161inou motivovan\u00e9 politicky, se snahou naj\u00edt z\u00e1stupnou krimin\u00e1ln\u00ed delikvenci). Tak\u00e9 c\u00edle t\u011bchto \u00fatok\u016f se m\u011bnily, od snahy po izolaci chartist\u016f od spole\u010dnosti dalekos\u00e1hl\u00fdm zastra\u0161ov\u00e1n\u00edm v\u0161ech potenci\u00e1ln\u00edch sympatizant\u016f (od p\u0159\u00edbuzn\u00fdch a p\u0159\u00e1tel jednotliv\u00fdch signat\u00e1\u0159\u016f a\u017e po jejich sousedy a spolupracovn\u00edky v zam\u011bstn\u00e1n\u00ed), p\u0159es snahy o rozm\u011bln\u011bn\u00ed a umrtven\u00ed disentu postupn\u00fdm &#8222;od\u0159ez\u00e1v\u00e1n\u00edm okraj\u016f&#8220;, toti\u017e v\u011bzn\u011bn\u00edm a perzekvov\u00e1n\u00edm m\u00e9n\u011b zn\u00e1m\u00fdch signat\u00e1\u0159\u016f, a\u017e po snahy o jeho zni\u010den\u00ed jedin\u00fdm razantn\u00edm \u00faderem, za cenu uv\u011bzn\u011bn\u00ed nejzn\u00e1m\u011bj\u0161\u00edch aktivist\u016f, kte\u0159\u00ed byli teoreticky pokl\u00e1d\u00e1ni za &#8222;nedotknuteln\u00e9&#8220;. \u017d\u00e1dn\u00e1 z t\u011bchto metod nezaznamenala jednozna\u010dn\u00fd \u00fasp\u011bch a mus\u00edme tedy po\u010d\u00edtat s t\u00edm, \u017ee se k nim st\u00e1tn\u00ed moc v r\u016fzn\u00e9m sledu op\u011bt vr\u00e1t\u00ed &#8211; pokud n\u00e1hodou nevymysl\u00ed n\u011bco docela nov\u00e9ho.\u201c<\/em><\/strong><\/p>\n<p>Tak\u017ee zhruba toto jsou ideov\u00e9 zdroje a \u201emor\u00e1ln\u00ed\u201c inspirace Petra Kol\u00e1\u0159e, poradce (b\u00fdval\u00e9ho?) zpravodajsk\u00e9ho d\u016fstojn\u00edka a komunisty Petra Pavla, kter\u00fd m\u00ed\u0159\u00ed na Hrad, doprov\u00e1zen za minul\u00e9ho re\u017eimu vystudovanou politru\u010dkou coby prvn\u00ed d\u00e1mou.<\/p>\n<p><strong>\u010clov\u011bku se ani nechce si p\u0159edstavit, kdyby tento \u201eprvn\u00ed p\u00e1r\u201c \u010cesk\u00e9 republiky n\u011bkam vyjel a byl opt\u00e1n na jejich \u017eivotn\u00ed pou\u0165. Leckoho by p\u0159i jejich odpov\u011bdi napadlo \u2013 slovy Zde\u0148ka Jemel\u00edka \u2013 byl v\u016fbec n\u011bjak\u00fd 17. listopad 1989?<\/strong><\/p>\n<p><em>(rp,prvnizpravy.cz,foto:arch.)<\/em><\/p>\n<p>P\u0159evzato <a href=\"https:\/\/www.prvnizpravy.cz\/zpravy\/politika\/jan-schneider-normalizator-kolar\/\">Prvn\u00ed zpr\u00e1vy<\/a><\/p>\n<\/div>\n<\/div>\n<div align=\"right\"><\/div>\n<div align=\"right\"><\/div>\n<div align=\"right\"><\/div>\n<div style=\"text-align: center;\" align=\"right\"><img decoding=\"async\" loading=\"lazy\" class=\"alignnone wp-image-19187\" src=\"http:\/\/www.infokuryr.cz\/n\/wp-content\/uploads\/2022\/12\/1-PRO-300x36.jpg\" alt=\"\" width=\"1241\" height=\"149\" srcset=\"https:\/\/www.infokuryr.cz\/n\/wp-content\/uploads\/2022\/12\/1-PRO-300x36.jpg 300w, https:\/\/www.infokuryr.cz\/n\/wp-content\/uploads\/2022\/12\/1-PRO.jpg 699w\" sizes=\"(max-width: 1241px) 100vw, 1241px\" \/><\/div>\n<div align=\"right\"><\/div>\n","protected":false},"excerpt":{"rendered":"<p>Poradcem b\u00fdval\u00e9ho komunisty a (b\u00fdval\u00e9ho?) rozv\u011bd\u010d\u00edka gener\u00e1la Petra Pavla, kter\u00fd usiluje o zvolen\u00ed prezidentem \u010ceska,&#8230;<\/p>\n","protected":false},"author":2,"featured_media":21608,"comment_status":"closed","ping_status":"closed","sticky":false,"template":"","format":"standard","meta":[],"categories":[6],"tags":[3671,29,4297,1173,48],"_links":{"self":[{"href":"https:\/\/www.infokuryr.cz\/n\/wp-json\/wp\/v2\/posts\/21607"}],"collection":[{"href":"https:\/\/www.infokuryr.cz\/n\/wp-json\/wp\/v2\/posts"}],"about":[{"href":"https:\/\/www.infokuryr.cz\/n\/wp-json\/wp\/v2\/types\/post"}],"author":[{"embeddable":true,"href":"https:\/\/www.infokuryr.cz\/n\/wp-json\/wp\/v2\/users\/2"}],"replies":[{"embeddable":true,"href":"https:\/\/www.infokuryr.cz\/n\/wp-json\/wp\/v2\/comments?post=21607"}],"version-history":[{"count":1,"href":"https:\/\/www.infokuryr.cz\/n\/wp-json\/wp\/v2\/posts\/21607\/revisions"}],"predecessor-version":[{"id":21614,"href":"https:\/\/www.infokuryr.cz\/n\/wp-json\/wp\/v2\/posts\/21607\/revisions\/21614"}],"wp:featuredmedia":[{"embeddable":true,"href":"https:\/\/www.infokuryr.cz\/n\/wp-json\/wp\/v2\/media\/21608"}],"wp:attachment":[{"href":"https:\/\/www.infokuryr.cz\/n\/wp-json\/wp\/v2\/media?parent=21607"}],"wp:term":[{"taxonomy":"category","embeddable":true,"href":"https:\/\/www.infokuryr.cz\/n\/wp-json\/wp\/v2\/categories?post=21607"},{"taxonomy":"post_tag","embeddable":true,"href":"https:\/\/www.infokuryr.cz\/n\/wp-json\/wp\/v2\/tags?post=21607"}],"curies":[{"name":"wp","href":"https:\/\/api.w.org\/{rel}","templated":true}]}}