{"id":21605,"date":"2023-01-22T04:00:40","date_gmt":"2023-01-22T03:00:40","guid":{"rendered":"http:\/\/www.infokuryr.cz\/n\/?p=21605"},"modified":"2023-01-22T04:34:10","modified_gmt":"2023-01-22T03:34:10","slug":"skvela-organizace-ladislava-vrabela-a-policistu-henlejnovci-na-vaclavaku-nemeli-sanci","status":"publish","type":"post","link":"https:\/\/www.infokuryr.cz\/n\/2023\/01\/22\/skvela-organizace-ladislava-vrabela-a-policistu-henlejnovci-na-vaclavaku-nemeli-sanci\/","title":{"rendered":"Skv\u011bl\u00e1 organizace Ladislava Vrabela a policist\u016f: Henlejnovci na V\u00e1clav\u00e1ku nem\u011bli \u0161anci!"},"content":{"rendered":"<div id=\"fb-root\"><\/div>\n<div class=\"introtext\">\n<p><strong>P\u0159es nep\u0159\u00edze\u0148 po\u010das\u00ed (lidov\u011b se \u0159\u00edk\u00e1 slotu) a bez pen\u011bz miliard\u00e1\u0159\u016f kolem gener\u00e1la Pavla, tak\u017ee v\u0161ichni cestovali za sv\u00e9, se na V\u00e1clavsk\u00e9m n\u00e1m\u011bst\u00ed se\u0161lo relativn\u011b dost lid\u00ed. Samoz\u0159ejm\u011b desetitis\u00edce to sledovaly na po\u010d\u00edta\u010d\u00edch, proto\u017ee \u010cesk\u00e1 televize v hlavn\u00edm programu d\u00e1v\u00e1 pouze bol\u0161eviky v \u010dele s gener\u00e1lem Pavlem.<\/strong><\/p>\n<\/div>\n<div class=\"fulltext\">\n<p><strong>Ti provokat\u00e9\u0159i a extremist\u00e9 samoz\u0159ejm\u011b nejsou skute\u010dn\u00ed Henlejnovci. To je jen p\u0159esmy\u010dka,<\/strong>\u00a0proto\u017ee jejich chov\u00e1n\u00ed pod vlajkami NATO a Ukrajiny je toto\u017en\u00e9 s chov\u00e1n\u00edm tehdej\u0161\u00ed nacistick\u00e9 tlupy, kter\u00e1 vyvol\u00e1vala n\u00e1sil\u00ed, rva\u010dky a ml\u00e1tila \u010desk\u00e9 ob\u010dany a tak\u00e9 si nacistick\u00e9 spodina myslela, \u017ee trest nikdy nep\u0159\u00edjde.<\/p>\n<div class=\"info_box leva_tretina jpalert\">\n<div class=\"explanationContent\">Roku 1792 po svr\u017een\u00ed monarchie se girondist\u00e9 chopili v\u011bt\u0161iny ministersk\u00fdch m\u00edst a stali se vl\u00e1dnouc\u00ed stranou ve Francii. Vergniaud musel sv\u00e1d\u011bt ka\u017edodenn\u00ed boj s radik\u00e1ln\u00ed stranou zvanou Hora. Byl prvn\u00edm \u017ealobcem kr\u00e1le Ludv\u00edka XVI. Jako poslanec Konventu (za departement Gironde) se p\u0159i procesu s kr\u00e1lem vyj\u00e1d\u0159il zprvu pro mo\u017enost odvol\u00e1n\u00ed k lidu, pozd\u011bji v\u0161ak hlasoval pro smrt. Roku 1793 se Vergniaud dostal do tvrd\u00e9ho boje s Horou &#8211; kordeli\u00e9ry a jakob\u00edny. Byl v\u0161ak spolu s jin\u00fdmi girondisty 2. \u010dervna svr\u017een. Odm\u00edtl opustit Pa\u0159\u00ed\u017e, byl zat\u010den a v \u0159\u00edjnu 1793 popraven p\u0159i kr\u00e1tk\u00e9m procesu s girondisty.<\/div>\n<\/div>\n<p>A v\u0161imn\u011bte si: zat\u00edmco ti dle Raku\u0161ana a Fialy dezol\u00e1ti se chovaj\u00ed slu\u0161n\u011b a policie \u017e\u00e1dn\u00e9 v\u00fdtr\u017enosti nezaznamen\u00e1v\u00e1 a naopak policist\u00e9 na V\u00e1clavsk\u00e9m n\u00e1m\u011bst\u00ed jsou skv\u011bl\u00ed, na m\u00edtinky Babi\u0161e jezd\u00ed tlupy n\u00e1ck\u016f, na kter\u00e9 Babi\u0161 nen\u00ed p\u0159ipraven. (Ale up\u0159\u00edmn\u011b, dnes Babi\u0161 za\u017e\u00edv\u00e1 to, co my pod jeho hr\u016fzovl\u00e1dou za doby covidistick\u00e9. A zn\u00e1te to: prvn\u00ed um\u00edraj\u00ed d\u011bti revoluce &#8211; viz Vergniaud.)<\/p>\n<p><span style=\"font-size: 18pt;\"><strong>Tak\u017ee d\u00edky zku\u0161enostem si tito n\u00e1ckov\u00e9 ani ne\u0161krtli, a\u010d pokusy byly a \u010cesk\u00e1 televize se sna\u017eila n\u011bjak\u00fd &#8222;bonus z\u00edskat&#8220;.<\/strong><\/span><\/p>\n<p>Je op\u011bt zvl\u00e1\u0161tn\u00ed, \u017ee n\u011bkter\u00e9 vlaky do Prahy nedojely, a\u010d \u017e\u00e1dn\u00e1 kalamita nen\u00ed. Zda n\u011bco skute\u010dn\u011b cestou bylo, \u010di to op\u011bt strana a vl\u00e1da provedla jako p\u0159i demonstraci p\u0159ed \u010ceskou televiz\u00ed, kdy n\u00e1hle byla oprava Metra a skon\u010dila minutu po demonstraci, nelze na m\u00edst\u011b zjistit. N\u011bkte\u0159\u00ed dojeli jinak, n\u011bkte\u0159\u00ed se vr\u00e1tili. Po\u010det nezn\u00e1m\u00fd. Nap\u0159\u00edklad ztroskotal vlak, co odj\u00ed\u017ed\u011bl z Ostravy v 6:20. Co se d\u011blo, jen B\u016fh v\u00ed.<\/p>\n<h2><strong>Na Vrabela p\u0159i\u0161lo p\u016fl milionu lid\u00ed<\/strong><\/h2>\n<p><img decoding=\"async\" class=\"aligncenter\" src=\"https:\/\/www.skrytapravda.cz\/images\/blogy\/805\/2023\/1leden\/DSC03333_e132f.webp\" alt=\"DSC03333 e132f\" \/><\/p>\n<p>Pokud si poklepete na hlavu, tak si p\u0159e\u010dt\u011bte d\u016fvod: pokud 1200 lid\u00ed v\u010detn\u011b klaky a komparsu v Ust\u00ed bylo vyd\u00e1v\u00e1no za mnoho tis\u00edc, 70 &#8211; 100 tis\u00edc za men\u0161\u00ed des\u00edtky tis\u00edc, tak 7 &#8211; 10 tis\u00edc lid\u00ed v p\u0159epo\u010dtu o\u010dima klaky soudruha gener\u00e1la Pavla to muselo b\u00fdt cca p\u016fl milionu.\u00a0<strong>Ale samoz\u0159ejm\u011b: toto je pouze uk\u00e1zka, jak mainstream z lid\u00ed d\u011bl\u00e1 za pen\u00edze idioty a manipuluje s nimi.<\/strong>\u00a0V peaku tam bylo 7 &#8211; 10 000 lid\u00ed, v\u00edc ne. Kolem t\u0159\u00ed tis\u00edc u spodn\u00ed obrazovky, kolem sedmi pod podiem.<\/p>\n<p>Ale to nen\u00ed placen\u00e1 parta gener\u00e1la za 50 milion\u016f volebn\u00ed. To se pouze se\u0161li lid\u00e9, kte\u0159\u00ed se boj\u00ed v\u00e1lky a drahoty. Tak\u017ee porovn\u00e1vat s komunistick\u00fdm gener\u00e1lem Pavlem je mimo m\u00edsu.<\/p>\n<p><span style=\"font-size: 18pt;\"><strong>Ale to hlavn\u00ed p\u0159i\u0161lo na z\u00e1v\u011br<\/strong><\/span><\/p>\n<p>Rozb\u011bsn\u011bn\u00fd, provokuj\u00edc\u00ed dav s ukrajinsk\u00fdmi vlajkami perfektn\u011b uhl\u00eddala policie a p\u0159es n\u011bjak\u00e9 v\u00fdk\u0159iky pohoda. Bohu\u017eel mlad\u00ed extremist\u00e9 z Raku\u0161anov\u00fdch troll\u016f a Elf\u016f, vyhecovan\u00fdch komunistick\u00fdm gener\u00e1lem Petrem Pavlem a uk\u00e1zkov\u011b chr\u00e1n\u011bn\u00fdmi ministrem Raku\u0161anem se domn\u00edvaj\u00ed, \u017ee si mohou dovolit v\u0161e.<\/p>\n<p>Zn\u00e1te n\u011bkdo tyto &#8222;nezn\u00e1m\u00e9 extremisty&#8220;, kte\u0159\u00ed se za\u0159adili mezi slu\u0161n\u00e9 ob\u010dany a po vol\u00e1n\u00ed po m\u00edru jejich nen\u00e1vist dostoupila vrcholu a polili pana Vrabela modrou a \u017elutou &#8211; pr\u00fd n\u00e1rodn\u00ed duocolorou?<\/p>\n<h2><span style=\"font-size: 24pt;\"><strong>Zn\u00e1te n\u011bkdo tyto extremisty?<\/strong><\/span><\/h2>\n<h2><strong>Agresivita stoup\u00e1 a pod P\u011btidestrukc\u00ed u\u017e vyhro\u017euj\u00ed ostr\u00fdm n\u00e1bojem i pan\u00ed Babi\u0161ov\u00e9!<\/strong><\/h2>\n<p><img decoding=\"async\" class=\"aligncenter\" src=\"https:\/\/www.skrytapravda.cz\/images\/blogy\/805\/2023\/1leden\/Sn%C3%ADmek_obrazovky_6495_da08b.webp\" alt=\"Sn\u00edmek obrazovky 6495 da08b\" \/><\/p>\n<p><img decoding=\"async\" loading=\"lazy\" class=\"aligncenter\" src=\"https:\/\/www.skrytapravda.cz\/images\/blogy\/805\/2023\/1leden\/Sn%C3%ADmek_obrazovky_6501_2c849.webp\" alt=\"Sn\u00edmek obrazovky 6501 2c849\" width=\"670\" height=\"431\" \/><\/p>\n<p>Pokud si budou moci pod Brad\u00e1\u010dovou a Raku\u0161anem cokoliv od pod\u0159\u00edznut\u00ed po post\u0159\u00edlen\u00ed &#8222;dezol\u00e1t\u016f&#8220;, co\u017e jsou oby\u010dejn\u00ed lid\u00e9 &#8211; nemiliard\u00e1\u0159i dovolit, a ka\u017ed\u00e9 protesty trestat, nemus\u00ed to dopadnou dob\u0159e. Nejednou pes zahnan\u00fd do kouta t\u011b\u017ece pokousal provokuj\u00edc\u00edho agresora. Nem\u011bla by to vl\u00e1da zastavit v\u010das?<\/p>\n<p><span style=\"font-size: 18pt;\"><strong>Chceme m\u00edr a ne d\u011bsivou nen\u00e1vist!<\/strong><\/span><\/p>\n<p><span style=\"font-size: 18pt;\"><strong>P.S.<\/strong><\/span> Babi\u0161 si nen\u00e1vist vyprovokoval s\u00e1m, ale pokud n\u011bkdo poslal ostr\u00fd n\u00e1boj jeho \u017een\u011b a Raku\u0161an to do voleb nevy\u0161et\u0159\u00ed, m\u011bl by odstoupit!<\/p>\n<p><a href=\"https:\/\/www.skrytapravda.cz\/z-domova\/1032-skvela-organizace-ladislava-vrabela-a-policistu-henlajnovci-na-vaclavaku-nemeli-sanci\">Petr Pokorn\u00fd<\/a><\/p>\n<\/div>\n<p>&nbsp;<\/p>\n<p><img decoding=\"async\" loading=\"lazy\" class=\"wp-image-19187 aligncenter\" src=\"http:\/\/www.infokuryr.cz\/n\/wp-content\/uploads\/2022\/12\/1-PRO-300x36.jpg\" alt=\"\" width=\"1275\" height=\"153\" srcset=\"https:\/\/www.infokuryr.cz\/n\/wp-content\/uploads\/2022\/12\/1-PRO-300x36.jpg 300w, https:\/\/www.infokuryr.cz\/n\/wp-content\/uploads\/2022\/12\/1-PRO.jpg 699w\" sizes=\"(max-width: 1275px) 100vw, 1275px\" \/><\/p>\n<p>&nbsp;<\/p>\n","protected":false},"excerpt":{"rendered":"<p>P\u0159es nep\u0159\u00edze\u0148 po\u010das\u00ed (lidov\u011b se \u0159\u00edk\u00e1 slotu) a bez pen\u011bz miliard\u00e1\u0159\u016f kolem gener\u00e1la Pavla, tak\u017ee&#8230;<\/p>\n","protected":false},"author":2,"featured_media":21606,"comment_status":"closed","ping_status":"closed","sticky":false,"template":"","format":"standard","meta":[],"categories":[6],"tags":[234,95,3451],"_links":{"self":[{"href":"https:\/\/www.infokuryr.cz\/n\/wp-json\/wp\/v2\/posts\/21605"}],"collection":[{"href":"https:\/\/www.infokuryr.cz\/n\/wp-json\/wp\/v2\/posts"}],"about":[{"href":"https:\/\/www.infokuryr.cz\/n\/wp-json\/wp\/v2\/types\/post"}],"author":[{"embeddable":true,"href":"https:\/\/www.infokuryr.cz\/n\/wp-json\/wp\/v2\/users\/2"}],"replies":[{"embeddable":true,"href":"https:\/\/www.infokuryr.cz\/n\/wp-json\/wp\/v2\/comments?post=21605"}],"version-history":[{"count":0,"href":"https:\/\/www.infokuryr.cz\/n\/wp-json\/wp\/v2\/posts\/21605\/revisions"}],"wp:featuredmedia":[{"embeddable":true,"href":"https:\/\/www.infokuryr.cz\/n\/wp-json\/wp\/v2\/media\/21606"}],"wp:attachment":[{"href":"https:\/\/www.infokuryr.cz\/n\/wp-json\/wp\/v2\/media?parent=21605"}],"wp:term":[{"taxonomy":"category","embeddable":true,"href":"https:\/\/www.infokuryr.cz\/n\/wp-json\/wp\/v2\/categories?post=21605"},{"taxonomy":"post_tag","embeddable":true,"href":"https:\/\/www.infokuryr.cz\/n\/wp-json\/wp\/v2\/tags?post=21605"}],"curies":[{"name":"wp","href":"https:\/\/api.w.org\/{rel}","templated":true}]}}