{"id":21602,"date":"2023-01-22T03:48:12","date_gmt":"2023-01-22T02:48:12","guid":{"rendered":"http:\/\/www.infokuryr.cz\/n\/?p=21602"},"modified":"2023-01-22T03:48:12","modified_gmt":"2023-01-22T02:48:12","slug":"jane-kaufman-bitva-o-soledar-a-utoky-na-kyjev","status":"publish","type":"post","link":"https:\/\/www.infokuryr.cz\/n\/2023\/01\/22\/jane-kaufman-bitva-o-soledar-a-utoky-na-kyjev\/","title":{"rendered":"Jane Kaufman: Bitva o Soledar a \u00fatoky na Kyjev"},"content":{"rendered":"<div id=\"fb-root\"><\/div>\n<p><a href=\"https:\/\/ria-ru.translate.goog\/20230113\/soledar-1844738570.html?_x_tr_sl=auto&amp;_x_tr_tl=en&amp;_x_tr_hl=en&amp;_x_tr_pto=wapp\">Rusov\u00e9 pr\u00e1v\u011b<\/a> doc\u00edlili zna\u010dn\u00e9 v\u00edt\u011bzstv\u00ed, kdy\u017e dobyli m\u011bsto Soledar. Byl to obt\u00ed\u017en\u00fd \u00fakol, proto\u017ee m\u011bsto bylo velice dob\u0159e opevn\u011bno a tak\u00e9 hl\u00edd\u00e1no. Rusk\u00e1 vojska cel\u00e9 m\u00edsto obkl\u00ed\u010dila, \u010d\u00edm\u017e zabr\u00e1nila p\u0159\u00edsunu posil z\u00a0okoln\u00edch m\u011bst. Rovn\u011b\u017e t\u00edm bylo zabr\u00e1n\u011bno tomu, aby mohli ukrajin\u0161t\u00ed voj\u00e1ci m\u011bsto opustit. A pak, za st\u00e1l\u00e9 d\u011blost\u0159elby a leteck\u00fdch \u00fatok\u016f byla asi 5,5 km za bojovou linii dopravena skupina Wagnerov\u00fdch voj\u00e1k\u016f, p\u0159\u00edmo do st\u0159edu m\u011bsta.<\/p>\n<p><a href=\"https:\/\/warnews247-gr.translate.goog\/egrapse-istoria-stin-rosia-o-s-sourovikin-i-keravnovola-epicheirisi-ton-roson-alexiptotiston-pou-odigise-se-makeleio-tous-oukranous-sto-soledar-pos-piran-tin-poli-se-mia-nychta\/?_x_tr_sl=auto&amp;_x_tr_tl=en&amp;_x_tr_hl=en&amp;_x_tr_pto=wapp\">Wagnerovi voj\u00e1ci<\/a> \u00fadajn\u011b sesk\u00e1kali v\u00a0noci s\u00a0pad\u00e1ky z\u00a0helikopt\u00e9r, \u010d\u00edm\u017e se vyhnuli cest\u011b p\u0159es zaminovan\u00e1 pole a z\u00e1kopy ukrajinsk\u00e9 rozv\u011bdky. Ani radary je nezachytily, snad kv\u016fli tomu, \u017ee krom\u011b velmi n\u00edzk\u00e9ho letu helikopt\u00e9r, m\u00e1lem p\u0159i zemi, tyto pou\u017e\u00edvaly velice \u00fa\u010dinn\u00fd elektronick\u00fd vojensk\u00fd syst\u00e9m, kter\u00fd vy\u0159adil z\u00a0funkce ukrajinsk\u00e9 radary a jak\u00e9koliv jin\u00e9 kontroln\u00ed za\u0159\u00edzen\u00ed.<\/p>\n<p>Jakmile voj\u00e1ci p\u0159ist\u00e1li, za\u010dala bitva. Prvn\u011b napadli a obsadili velitelsk\u00fd \u0161t\u00e1b a pak odzbrojili miny, z\u00e1kopy a ukrajinskou d\u011blost\u0159elbu. Postupn\u011b se probili 5,5 km dlouhou mnohovrstvenou ukrajinskou obranou a 12. ledna bylo m\u011bsto Soledar ofici\u00e1ln\u011b p\u0159evzato ruskou arm\u00e1dou.<\/p>\n<p>T\u00edm, \u017ee Rusov\u00e9 dr\u017e\u00ed Soledar, od\u0159\u00edzli ukrajinsk\u00fdm vojsk\u016fm z\u00e1sobov\u00e1n\u00ed do m\u011bsta Artemovsk (ukrajinsk\u00e9 jm\u00e9no Bachmut) a z\u00e1rove\u0148 uv\u011bznili zbytek ukrajinsk\u00e9 arm\u00e1dy na jihoz\u00e1pad\u011b. Gener\u00e1l Surovikin, kter\u00fd celou akci napl\u00e1noval a provedl, se stal m\u00e1lem p\u0159es noc v\u00fdznamnou osobnost\u00ed a o jeho man\u00e9vru se budou u\u010dit cel\u00e9 generace voj\u00e1k\u016f ve \u0161kol\u00e1ch.<\/p>\n<p>Do\u0161lo pr\u00fd ale k\u00a0jak\u00e9si podivn\u00e9 \u0159evnivosti ze strany Wagnerovy skupiny, kter\u00e1 si okam\u017eit\u011b p\u0159isvojila cel\u00e9 v\u00edt\u011bzstv\u00ed. A p\u0159itom je jist\u00e9, \u017ee bez podpory rusk\u00fdch vojsk, kter\u00e1 byla rozestavena dokola kolem m\u011bsta a udr\u017eovala ukrajinskou obranu v \u010dinnosti, by Wagnerova skupina takovou akci nezvl\u00e1dla. A bez Wagnerovy skupiny by to zase nezvl\u00e1dli Rusov\u00e9.<\/p>\n<p>Scott Ritter <a href=\"https:\/\/www.youtube.com\/watch?v=RvcjTCJl8ZU\">\u0159\u00edk\u00e1, \u017ee<\/a> Wagnerova skupina je zvl\u00e1\u0161tn\u00ed skupina. Jsou to v\u00a0podstat\u011b ru\u0161t\u00ed \u017eoldn\u00e9\u0159i a jej\u00ed \u010dlenov\u00e9 jsou p\u0159ev\u00e1\u017en\u011b b\u00fdvali v\u011bzni, kte\u0159\u00ed kdy\u017e vy\u0161li z\u00a0v\u011bzen\u00ed, tak byli podrobeni kr\u00e1tk\u00e9mu v\u00fdcviku a posl\u00e1ni na frontu. Podle n\u011bho, Wagnerovci s\u00a0ruskou arm\u00e1dou sout\u011b\u017eit nemohou. Nen\u00ed k\u00a0tomu d\u016fvod. Ka\u017ed\u00fd z\u00a0nich je dobr\u00fd na n\u011bco jin\u00e9ho. A pak, Wagner m\u00e1 posl\u00e1n\u00ed a to je n\u011bco jin\u00e9ho, ne\u017e b\u00fdt v\u00a0arm\u00e1d\u011b.<\/p>\n<p>Wagnerovci jsou dob\u0159\u00ed na to, co d\u011blaj\u00ed, ale nejsou v\u00a0\u017e\u00e1dn\u00e9m p\u0159\u00edpad\u011b schopni na p\u0159\u00edklad nastavit tis\u00edc voj\u00e1k\u016f do p\u0159edn\u00edch lini\u00ed a zah\u00e1jit p\u0159\u00edm\u00fd \u00fatok proti nep\u0159\u00edteli, tak, jak to d\u011bl\u00e1 rusk\u00e1 arm\u00e1da. Tak\u017ee ka\u017ed\u00fd z\u00a0nich m\u00e1 svoji specializaci.<\/p>\n<p><span style=\"font-size: 18pt;\"><strong>\u010clenov\u00e9 Wagnerovy skupiny vysv\u011btluj\u00ed strategii boje<\/strong><\/span><\/p>\n<p><a href=\"https:\/\/www.bitchute.com\/video\/ewQi3Aa7B3Jn\/\">Prvn\u00ed voj\u00e1k<\/a> na videu vypov\u00edd\u00e1: <em>\u201eUkrajinci si mysleli, \u017ee v\u00fd\u0161kov\u00e9 budovy v\u00a0Soledaru z\u00a0n\u011bho d\u011blaj\u00ed pevnost. Proto jsme je museli o\u0161idit. J\u00e1 s\u00e1m jsem m\u011bl j\u00edt se svoj\u00ed skupinou p\u0159\u00edmo do m\u011bsta a zkusit na sebe nav\u00e1zat ukrajinsk\u00e9 jednotky. Dal\u0161\u00ed divize zat\u00edm za\u010daly m\u011bsto obkli\u010dovat, nap\u0159ed na t\u011bsno, pozd\u011bji zabrali i z\u00e1sobov\u00e1n\u00ed a st\u00e1le d\u00e1l. Ti Ukrajinci, kte\u0159\u00ed mne sledovali, brzy poznali, \u017ee ztr\u00e1cej\u00ed vojsko po stran\u00e1ch (kter\u00e9 Wagnerovci piln\u011b napadali) a za\u010dali se rozd\u011blovat. Jen\u017ee ani to nefungovalo, brzy pochopili, \u017ee jsou takto odd\u011bliteln\u00ed jedna skupina od druh\u00e9.\u201c<\/em><\/p>\n<p>Jin\u00fd voj\u00e1k \u0159\u00edk\u00e1: <em>\u201eM\u011bl jsem za \u00fakol vzbudit v\u00a0nep\u0159\u00edteli pocit, \u017ee n\u00e1\u0161 hlavn\u00ed \u00fakol je napadnout st\u0159ed Soledaru, na\u010de\u017e Ukrajinci st\u00e1hli v\u0161ecky rezervy do st\u0159edu m\u011bsta. To nejzaj\u00edmav\u011bj\u0161\u00ed bylo, kdy\u017e jsme se \u0161\u00e9f a j\u00e1 bl\u00ed\u017eili k\u00a0m\u011bstu ze severu a tam jsme pochopili, \u017ee kv\u016fli t\u011bm vysok\u00fdm budov\u00e1m nebudeme m\u00edt mo\u017enost dostat do m\u011bsta z\u00e1soby, n\u00e1boje a podobn\u00e9 v\u011bci. Proto jsme se rozhodli pov\u011b\u0159it jin\u00fd odd\u00edl, aby se vydal sm\u011brem od vesnice Razdolovka, \u010d\u00edm\u017e by od\u0159\u00edzl cestu ze Seversku. To donutilo nep\u0159\u00edtele poslat \u010d\u00e1st sv\u00fdch vojsk do Razdolovky, proto\u017ee museli cestu uzav\u0159\u00edt, aby bylo mo\u017eno doru\u010dovat z\u00e1soby a munici.<\/em><\/p>\n<p><em>\u201eTak\u017ee jsme to vzali skrze ty v\u00fd\u0161kov\u00e9 budovy a na severo-v\u00fdchodn\u00ed stran\u011b n\u00e1m poslou\u017eily jako plot. Kdy\u017e jsme je p\u0159evzali, mohli jsme klidn\u011b p\u0159ij\u00edmat dod\u00e1vky, zbran\u011b a v\u0161ecko ostatn\u00ed. Tam jsme se tak\u00e9 sjednotili a odtud jsme pokryli skoro cel\u00fd Soledar a uzav\u0159eli nep\u0159\u00edtelovy \u00fanikov\u00e9 stezky. Podle zpr\u00e1v, kter\u00e9 jsme dost\u00e1vali b\u011bhem t\u00e9 doby, sedm ukrajinsk\u00fdch arm\u00e1dn\u00edch brig\u00e1d opustilo Soledar, aby obnovily jejich bojeschopnost.\u201c<\/em> Ka\u017ed\u00e1 brig\u00e1da m\u00e1 2500 a\u017e 3500 voj\u00e1k\u016f.<\/p>\n<p>B\u011bhem t\u011bchto boj\u016f bylo v\u00edce ne\u017e 10 000 ukrajinsk\u00fdch voj\u00e1k\u016f zabito.<\/p>\n<p><span style=\"font-size: 18pt;\"><strong>Ob\u010dan\u00e9 Soledaru dosv\u011bd\u010duj\u00ed<\/strong><\/span><\/p>\n<p><a href=\"https:\/\/ria-ru.translate.goog\/20230114\/soledar-1844806308.html?_x_tr_sl=auto&amp;_x_tr_tl=en&amp;_x_tr_hl=en&amp;_x_tr_pto=wapp\">N\u011bkte\u0159\u00ed obyvatel\u00e9<\/a> Soledaru na\u0161li \u00fato\u010di\u0161t\u011b ve vzd\u00e1len\u011bj\u0161\u00edm m\u011bst\u011b Pervomajsku a dal\u0161\u00ed uprchl\u00edci jsou tam o\u010dek\u00e1v\u00e1ni. Mnoz\u00ed m\u011bli na sob\u011b zran\u011bn\u00ed minami a st\u0159eln\u00e9 r\u00e1ny. \u017dili pr\u00fd asi p\u016fl roku ve sklep\u011b, proto\u017ee ukrajinsk\u00e1 vojska bombardovala v\u0161ecky vy\u0161\u0161\u00ed budovy, st\u0159\u00edlela d\u011bly po obyvatelstvu, vykr\u00e1dala domy, brali v\u0161ecko, co se jim do rukou dostalo. Do sklep\u016f, kde se lid\u00e9 schov\u00e1vali, h\u00e1zeli gran\u00e1ty, ale pak bylo najednou sly\u0161et ru\u0161tinu a v\u0161ichni v\u011bd\u011bli, \u017ee Ukrajinci jsou pry\u010d: nechali v\u0161ecko st\u00e1t a utekli. Jen\u017ee v\u0161ecko kolem ho\u0159elo.<\/p>\n<p>Podle n\u011bkter\u00fdch, ukrajin\u0161t\u00ed voj\u00e1ci jsou nap\u016fl naz\u00ed, \u0161pinav\u00ed, v\u011b\u010dn\u011b opil\u00ed a chovaj\u00ed se velmi neslu\u0161n\u011b. Vy\u010d\u00edtali lidem, \u017ee pouze \u010dekaj\u00ed a\u017e p\u0159ijde n\u011bkdo, kdo je zast\u0159el\u00ed.<\/p>\n<p><span style=\"font-size: 18pt;\"><strong>Chemick\u00e9 \u00fatoky jsou protiz\u00e1konn\u00e9<\/strong><\/span><\/p>\n<p><a href=\"https:\/\/tass.com\/politics\/1562021\">Vojensk\u00fd strat\u00e9g<\/a> Jan Gagin z\u00a0Don\u011bck\u00e9 republiky \u0159\u00edk\u00e1, \u017ee ukrajinsk\u00e1 vojska pou\u017eila v\u00a0Soledaru chemick\u00e9 gran\u00e1ty, v\u011bt\u0161inou ciz\u00ed v\u00fdroby, i kdy\u017e n\u011bkter\u00e9 byly je\u0161t\u011b z\u00a0dob b\u00fdval\u00e9ho Sov\u011btsk\u00e9ho svazu. <em>\u201eNejsou to \u017e\u00e1dn\u00e9 dohady,\u201c<\/em> \u0159\u00edk\u00e1, <em>\u201ejsou to potvrzen\u00e1 fakta.\u201c<\/em> N\u011bkolik Wagnerov\u00fdch voj\u00e1k\u016f bylo jimi zasa\u017eeno a museli b\u00fdt p\u0159evezeni do nemocnice s\u00a0pop\u00e1len\u00fdm hrdlem a otoky v\u00a0plic\u00edch.<\/p>\n<p>Podle n\u011bho, stejn\u00e9 zbran\u011b (mezin\u00e1rodn\u011b zak\u00e1zan\u00e9) byly pou\u017eity v\u00a0Mariupolu, p\u0159i dob\u00fdv\u00e1n\u00ed Azovstalu. On s\u00e1m se toho \u00fatoku z\u00fa\u010dastnil a byl tak\u00e9 zasa\u017een. Ka\u017ed\u00fd, kdo tam byl pr\u00fd pak dlouhodob\u011b ka\u0161lal a trp\u011bl otoky v\u00a0plic\u00edch. Tehdy tomu nikdo moc nev\u011bnoval pozornost, dnes Ukrajinci ve\u0159ejn\u011b p\u0159izn\u00e1vaj\u00ed pou\u017eit\u00ed chemick\u00fdch zbran\u00ed.<\/p>\n<p>\u010clen ukrajinsk\u00e9 vl\u00e1dy, Ilja Kiva dokonce prohl\u00e1sil, \u017ee jejich vojska budou pou\u017e\u00edvat je\u0161t\u011b v\u00edc chemick\u00fdch zbran\u00ed a prov\u00e1d\u011bt teroristick\u00e9 \u00fatoky v\u00a0Donbasu.<\/p>\n<p><span style=\"font-size: 18pt;\"><strong>Ciz\u00ed \u017eoldn\u00e9\u0159i a ciz\u00ed \u00fa\u010dast<\/strong><\/span><\/p>\n<p><a href=\"https:\/\/tass.com\/politics\/1562073\">Zhruba polovina v\u0161ech<\/a>, kte\u0159\u00ed bojovali na ukrajinsk\u00e9 stran\u011b v\u00a0Soledaru a v okol\u00ed, co\u017e \u010din\u00ed asi 10\u201312 000 voj\u00e1k\u016f, jsou ciz\u00ed \u017eold\u00e1ci a voj\u00e1ci z\u00a0NATO zem\u00ed, jak dosv\u011bd\u010dil Viktor Vodolatsk\u00fd, z\u00e1stupce p\u0159edsedy lugansk\u00e9 Dumy. Byly to jak b\u011b\u017en\u00e9 pluky, tak i zvl\u00e1\u0161tn\u00ed jednotky. Jejich ztr\u00e1ty na \u017eivotech zat\u00edm nejsou zn\u00e1my, ale asi 400 se jich vzdalo Rus\u016fm.<\/p>\n<p><a href=\"https:\/\/warnews247-gr.translate.goog\/antistrofi-metrisi-gia-tin-ptosi-tou-bakhmut-anthropokynigito-roson-kai-amerikanon-stin-poli-25-000-stratiotes-esteile-o-zelenski\/?_x_tr_sl=auto&amp;_x_tr_tl=en&amp;_x_tr_hl=en&amp;_x_tr_pto=wapp\">V Artemovsku,<\/a> co\u017e je v\u00a0Ukrajin\u0161tin\u011b Bachmut, o 15 km d\u00e1le, bojuje na ukrajinsk\u00e9 stran\u011b asi 250 Ameri\u010dan\u016f, v\u011bt\u0161inou odborn\u00edci, v\u00e1le\u010dn\u00ed veter\u00e1ni a b\u00fdval\u00ed d\u016fstojn\u00edci. Tito pou\u017e\u00edvaj\u00ed mnohem lep\u0161\u00ed zbran\u011b a vybaven\u00ed, jako na p\u0159\u00edklad speci\u00e1ln\u00ed optick\u00e9 p\u0159\u00edstroje na odhalen\u00ed nep\u0159\u00edtele. Je mo\u017en\u00e9, \u017ee to je d\u016fvod, pro\u010d se je\u0161t\u011b Rus\u016fm nepoda\u0159ilo Bachmut dob\u00fdt.<\/p>\n<p>Tak\u00e9 \u017eoldn\u00e9\u0159i organizac\u00ed \u201eMozart\u201c a \u201eAcademi\u201c jsou p\u0159\u00edtomni, spolu s\u00a0b\u011b\u017en\u00fdmi americk\u00fdmi vojsky. I kdy\u017e \u2013 <a href=\"https:\/\/www.youtube.com\/watch?v=ZToKlO8Ol_I\">podle plukovn\u00edka<\/a> MacGregora, Mozartova skupina Ukrajinu opou\u0161t\u00ed. Utrp\u011bli p\u0159\u00edli\u0161 velk\u00e9 ztr\u00e1ty a i ukrajin\u0161t\u00ed voj\u00e1ci, kter\u00e9 vycvi\u010dili, utrp\u011bli zna\u010dn\u00e9 ztr\u00e1ty na \u017eivotech, \u017ee se rozhodli, \u017ee je \u010das m\u00edsto opustit.<\/p>\n<p>Plukovn\u00edk MacGregor \u0159\u00edk\u00e1, \u017ee existuje nevy\u010derpateln\u00e9 mno\u017estv\u00ed poru\u010d\u00edk\u016f, plukovn\u00edk\u016f a jin\u00fdch d\u016fstojn\u00edk\u016f v\u00a0penzi, kte\u0159\u00ed by se velice r\u00e1di boj\u016f z\u00fa\u010dastnili, samoz\u0159ejm\u011b za spr\u00e1vn\u011b vym\u011b\u0159en\u00fd plat. A v\u00a0sou\u010dasn\u00e9 dob\u011b je velk\u00fd z\u00e1jem o \u017eoldn\u00e9\u0159e. Podle n\u011bho je velice \u0161patn\u00e9, kdy\u017e voj\u00e1ci jednoho st\u00e1tu jdou bojovat za n\u011bkoho \u00fapln\u011b jin\u00e9ho. M\u011bl by b\u00fdt znovu uveden v\u00a0platnost z\u00e1kon, kter\u00fd zbavoval ob\u010danstv\u00ed ty, kte\u0159\u00ed bojovali v\u00a0ciz\u00edch arm\u00e1d\u00e1ch.<\/p>\n<p>P\u0159es ve\u0161kerou pomoc, fronta v\u00a0Bachmutu m\u016f\u017ee brzy p\u0159esto zkolapsovat, kv\u016fli chyb\u00e1m v\u00a0pl\u00e1nov\u00e1n\u00ed americk\u00e9ho veden\u00ed. Tyto chyby zp\u016fsobily obrovsk\u00e9 ztr\u00e1ty na \u017eivotech, obzvl\u00e1\u0161t\u011b p\u0159i p\u0159\u00edm\u00e9m \u00fatoku americk\u00e9 Mozartovy skupiny proti rusk\u00fdm \u017eoldn\u00e9\u0159\u016fm skupiny Wagner. I p\u0159esto, \u017ee byly p\u0159ivol\u00e1ny ukrajinsk\u00e9 posily z\u00a0Chersonu, cel\u00fd \u00fatok skon\u010dil naprost\u00fdm nezdarem.<\/p>\n<p>Nejen to, p\u0159i \u00fastupu ukrajinsk\u00fdch vojsk bylo odhaleno jejich stanovi\u0161t\u011b a napadeno ruskou d\u011blost\u0159elbou a letectvem. Ztr\u00e1ty na \u017eivotech byly v\u00a0obou p\u0159\u00edpadech zna\u010dn\u00e9.<\/p>\n<p><span style=\"font-size: 18pt;\"><strong>L\u017eiv\u00e9 zpr\u00e1vy k\u00a0v\u00edt\u011bzstv\u00ed nepomohly<\/strong><\/span><\/p>\n<p><a href=\"https:\/\/www.rt.com\/russia\/569946-times-ukraine-defense-volunteers\/\">Britsk\u00e9 noviny<\/a>, \u201eThe Times\u201c jsou toho n\u00e1zoru, \u017ee veden\u00ed v\u00a0Kyjev\u011b neust\u00e1le zleh\u010dovalo situaci, neuzn\u00e1vali rusk\u00e1 v\u00edt\u011bzstv\u00ed a postup jejich vojsk. Z\u00e1stupkyn\u011b ukrajinsk\u00e9ho Ministra obrany, Anna Maljar dokonce varovala p\u0159ed zve\u0159ej\u0148ov\u00e1n\u00edm \u201enepodlo\u017een\u00fdch\u201c zpr\u00e1v, \u010d\u00edm\u017e myslela zve\u0159ej\u0148ov\u00e1n\u00ed pravdy.<\/p>\n<p>Noviny Times na jej\u00ed varov\u00e1n\u00ed nedaly a zve\u0159ejnily v\u00fdpov\u011bdi n\u011bkter\u00fdch ukrajinsk\u00fdch voj\u00e1k\u016f, kter\u00fdm poda\u0159ilo ze Soledaru uniknout. Voj\u00e1ci si st\u011b\u017eovali, \u017ee nem\u011bli p\u0159\u00edstup k\u00a0dobr\u00fdm a pou\u017eiteln\u00fdm zbran\u00edm, kter\u00e9 elitn\u00ed jednotky, neboli NATO b\u011b\u017en\u011b dost\u00e1valy. Tak\u00e9 nem\u011bli \u017e\u00e1dn\u00e9 zku\u0161enosti z\u00a0boji\u0161t\u011b. V\u011bt\u0161inou pouze st\u0159\u00edleli napr\u00e1zdno t\u00edm sm\u011brem, odkud si mysleli, \u017ee p\u0159ich\u00e1z\u00ed \u00fatok.<\/p>\n<p>Ukrajinsk\u00e9 veden\u00ed \u017e\u00e1dn\u00e9 zku\u0161en\u00e9 voj\u00e1ky, nebo zvl\u00e1\u0161tn\u00ed odd\u00edly do Soledaru neposlalo. Tvrdili, \u017ee to nen\u00ed pot\u0159eba, proto\u017ee Rusov\u00e9 maj\u00ed z\u00e1jem jen o symbolick\u00e9 v\u00edt\u011bzstv\u00ed a v\u011bt\u0161inu z\u00a0nich vezmou stejn\u011b do zajet\u00ed. To, \u017ee Bachmut je sou\u010d\u00e1st\u00ed 70 km dlouh\u00e9ho opevn\u011bn\u00ed velmi dobr\u00e9 kvality, kter\u00e9 kdy\u017e bude prolomeno, tak maj\u00ed Rusov\u00e9 celou Ukrajinu p\u0159ed sebou jako na dlani, jim z\u0159ejm\u011b uniklo.<\/p>\n<p><span style=\"font-size: 18pt;\"><strong>Provokace v Dn\u011bpropetrovsku<\/strong><\/span><\/p>\n<p><a href=\"https:\/\/tass.com\/politics\/1563565\">Obytn\u00fd d\u016fm<\/a> ve m\u011bst\u011b byl zni\u010den ukrajinskou st\u0159elbou (15 lid\u00ed zran\u011bno), co\u017e samoz\u0159ejm\u011b bylo vyd\u00e1v\u00e1no za ruskou akci. Rusov\u00e9 se h\u00e1jili, \u017ee na obytn\u00e9 domy nest\u0159\u00edl\u00ed. Je podez\u0159\u00edv\u00e1no, \u017ee n\u011bco takov\u00e9ho byla snaha odv\u00e9st pozornost od por\u00e1\u017eky ukrajinsk\u00fdch vojsk v\u00a0Soledaru. Mohl to ale tak\u00e9 b\u00fdt \u010din na povzbuzen\u00ed Z\u00e1padu, aby pos\u00edlal dal\u0161\u00ed zbran\u011b na Ukrajinu, proto\u017ee 17. a\u017e 20. ledna m\u011blo svoji v\u00fdro\u010dn\u00ed sch\u016fzi WEF (World Economic Forum) Klause Schwaba. Na sch\u016fzi cht\u011bli tak\u00e9 projedn\u00e1vat dod\u00e1vky dal\u0161\u00edch zbran\u00ed Ukrajin\u011b.<\/p>\n<p>\u0158ekla bych, jak\u00fdm pr\u00e1vem ur\u010duje WEF dod\u00e1vky zbran\u00ed na Ukrajinu?<\/p>\n<p>Poradce ukrajinsk\u00e9ho presidenta, Alexej Arestovi\u010d prohl\u00e1sil, \u017ee budova se z\u0159\u00edtila omylem, byl to pr\u00fd n\u00e1sledek rusk\u00e9 rakety, kterou sest\u0159elila ukrajinsk\u00e1 protileteck\u00e1 obrana. To vyvolalo mocnou odezvu mezi lidmi a Arestovi\u010d byl obvin\u011bn z\u00a0vlastizrady. Na z\u00e1klad\u011b toho podal demisi, kter\u00e1 byla veden\u00edm Ukrajiny p\u0159ijata.<\/p>\n<p><span style=\"font-size: 18pt;\"><strong>\u00datok na Kyjev<\/strong><\/span><\/p>\n<p><a href=\"https:\/\/english.alarabiya.net\/News\/world\/2023\/01\/14\/Russian-missile-attack-targets-key-infrastructure-in-Ukraine-s-Kyiv\">Rusko zah\u00e1jilo<\/a> druhou vlnu \u00fatok\u016f na Kyjev a\u00a0tak\u00e9 na Charkov, kdy se op\u011bt zam\u011b\u0159ili na kritickou infrastrukturu obou m\u011bst. Cel\u00e1 Ukrajina poc\u00edtila ruskou p\u0159\u00edtomnost. Lvov, Mykolajev a Od\u011bsa nesta\u010dili sest\u0159elovat rusk\u00e9 rakety a v\u00fdbuchy se oz\u00fdvaly i ve\u00a0Vinnitsji. K\u00a0t\u011bmto \u00fatok\u016fm do\u0161lo v\u00a0dob\u011b, kdy byla pozornost v\u0161ech upout\u00e1na na boj o pom\u011brn\u011b mal\u00e9 m\u011bsto Soledar, kde se d\u0159\u00edve dolovala s\u016fl.<\/p>\n<p>St\u0159ely nikoho nezabily, zato zni\u010dily d\u016fle\u017eit\u00e9 elektrick\u00e9 uzly a zp\u016fsobily nedostatek energie. Je usuzov\u00e1no, \u017ee rusk\u00e9 st\u0159ely napadly m\u011bsto ze zna\u010dn\u00e9 v\u00fd\u0161ky, co\u017e je d\u016fvod, pro\u010d se neozvaly \u017e\u00e1dn\u00e9 varovn\u00e9 sir\u00e9ny. Ukrajina zat\u00edm st\u00e1le je\u0161t\u011b nen\u00ed schopna sest\u0159elit balistick\u00e9 rakety.<\/p>\n<p><a href=\"https:\/\/warnews247-gr.translate.goog\/i-rosia-eplixe-to-kievo-me-agnosto-mechri-tora-oplo-ktypithikan-oi-megalyteroi-thermoilektrikoi-stathmoi-tria-kymata-epitheseon-me-80-pyravlous\/?_x_tr_sl=auto&amp;_x_tr_tl=en&amp;_x_tr_hl=en&amp;_x_tr_pto=wapp\">Rusov\u00e9 vyst\u0159elili<\/a> na Kyjev v\u00edce ne\u017e 80 raket a po cel\u00e9 zemi zni\u010dili energetick\u00e9 zdroje a vojensk\u00e9 c\u00edle. Kyjevsk\u00e9 veden\u00ed t\u00edm z\u00e1rove\u0148 dostalo ne zrovna p\u0159\u00edjemnou zpr\u00e1vu, proto\u017ee nikdo doposud nezjistil, jakou zbran\u00ed byl Kyjev napaden. Jak to, \u017ee tento \u00fatok ukrajinsk\u00e9 radary nezaznamenaly? Je snad mo\u017en\u00e9, \u017ee se Rus\u016fm poda\u0159ilo n\u011bjak\u00fdm zp\u016fsobem sn\u00ed\u017eit citlivost ukrajinsk\u00e9 protileteck\u00e9 obrany a tato pak na jejich st\u0159ely nereagovala?<\/p>\n<p>St\u0159ela p\u0159ilet\u011bla ze strany B\u011bloruska, ale nen\u00ed zn\u00e1mo, jestli to byl Iskander, nebo ir\u00e1nsk\u00e1 balistick\u00e1 st\u0159ela. Rusov\u00e9 prohl\u00e1sili, \u017ee to byla nov\u011b vyvinut\u00e1 raketa.<\/p>\n<p>Z\u00e1stupce velitele ukrajinsk\u00fdch pozemn\u00edch vojsk, Oleksandr Pavljuk tuto st\u0159elu komentoval velmi nezvykl\u00fdm zp\u016fsobem. \u0158ekl, \u017ee: <em>\u201eZat\u00edm se je\u0161t\u011b nevyskytly \u017e\u00e1dn\u00e9 nep\u0159\u00e1telsk\u00e9 \u00fatoky ze severu <\/em>(z B\u011bloruska)<em>. Exploze <\/em>(ve m\u011bst\u011b)<em> nejsou spojeny s\u00a0ohro\u017een\u00edm shora, nebo n\u00e1sledkem protileteck\u00e9 obrany, ani vojenskou akc\u00ed. Kdyby do\u0161lo k ohro\u017een\u00ed, pak byste sly\u0161eli sir\u00e9ny. D\u016fvody t\u011bchto exploz\u00ed budou ozn\u00e1meny jindy.\u201c<\/em> Velice z\u00e1hadn\u00e9! Co t\u00edm asi myslel? \u017de by Ukrajinci sabotovali sami sebe?<\/p>\n<p><span style=\"font-size: 18pt;\"><strong>Ukrajinci krv\u00e1c\u00ed za n\u011bkoho jin\u00e9ho<\/strong><\/span><\/p>\n<p><a href=\"https:\/\/www.youtube.com\/watch?v=izXkErjNybw\">Plukovn\u00edk<\/a> MacGregor \u0159\u00edk\u00e1, \u017ee teprve te\u010f ukrajinsk\u00e9 Ministerstvo obrany p\u0159izn\u00e1v\u00e1, \u017ee jejich voj\u00e1ci houfn\u011b trp\u00ed kv\u016fli pl\u00e1n\u016fm NATO. To, co se d\u011bje, nen\u00ed z\u00e1le\u017eitost Ukrajiny, ale NATO. Ukrajinsk\u00fd Ministr obrany dnes dokonce \u0159\u00edk\u00e1 Ukrajinc\u016fm: <em>\u201ePod\u00edvejte, to cel\u00e9 nen\u00ed na\u0161e vina. My pouze d\u011bl\u00e1me to, co n\u00e1m NATO a Washington diktuj\u00ed.\u201c<\/em><\/p>\n<p>Obrovsk\u00e9 mno\u017estv\u00ed ukrajinsk\u00fdch voj\u00e1k\u016f je tak\u00e9 nemocn\u00fdch, maj\u00ed tuberkul\u00f3zu. Tuberkul\u00f3za je nesm\u00edrn\u011b naka\u017eliv\u00e1 nemoc a tito lid\u00e9 jsou pos\u00edl\u00e1n\u00ed z\u00a0jednoho bojov\u00e9ho pole na druh\u00e9 a v\u0161ude ji rozn\u00e1\u0161ej\u00ed. Cel\u00e1 situace ji\u017e dos\u00e1hla epidemick\u00fdch rozm\u011br\u016f.<\/p>\n<p>L\u00e9ka\u0159sk\u00e1 podpora ukrajinsk\u00fdch vojsk nen\u00ed valn\u00e1. Ne \u017ee by se l\u00e9ka\u0159i a nemocnice nesna\u017eily, ale zde prost\u011b nen\u00ed jak zvl\u00e1dnout tak obrovsk\u00e9 mno\u017estv\u00ed nemocn\u00fdch a ran\u011bn\u00fdch. To nen\u00ed v\u00a0lidsk\u00fdch sil\u00e1ch.<\/p>\n<p>Mnoho ukrajinsk\u00fdch voj\u00e1k\u016f tak\u00e9 \u0161lo do v\u00e1lky z\u00a0donucen\u00ed. Tito lid\u00e9 nemaj\u00ed skoro \u017e\u00e1dn\u00fd vojensk\u00fd v\u00fdcvik. Ani jejich d\u016fstojn\u00edci nemaj\u00ed pot\u0159ebn\u00e9 znalosti a nejsou vycvi\u010den\u00ed. A tak jdou do boje, dostanou st\u0159elnou r\u00e1nu a pak poznaj\u00ed, \u017ee se o n\u011b nikdo nezaj\u00edm\u00e1, nikdo jim nepom\u016f\u017ee zp\u011bt do z\u00e1zem\u00ed, nikdo nep\u0159ivol\u00e1 l\u00e9ka\u0159skou pomoc.<\/p>\n<p>Je mnoho t\u011bch, kte\u0159\u00ed zkou\u0161ej\u00ed z\u00a0boji\u0161t\u011b ut\u00e9ct, ale na to jen \u010dek\u00e1 ukrajinsk\u00e1 tajn\u00e1 policie (SBU), kter\u00e1 je v\u0161ecky pochyt\u00e1 a poprav\u00ed.<\/p>\n<p>Je zcela mo\u017en\u00e9 \u2013 a plukovn\u00edk MacGregor to o\u010dek\u00e1v\u00e1 najisto \u2013 \u017ee se v\u00a0bl\u00edzk\u00e9 budoucnosti ukrajinsk\u00e1 arm\u00e1da vyd\u00e1 na pochod do Kyjeva, aby si tyto z\u00e1le\u017eitosti vy\u0159e\u0161ili p\u0159\u00edmo s\u00a0vl\u00e1dou.<\/p>\n<p>Rusov\u00e9 u\u017e jim s\u00a0t\u00edm pom\u00e1haj\u00ed, bombardovali tak\u00e9 hlavn\u00ed \u0161t\u00e1b SBU v\u00a0Chersonu, s jedin\u00fdm z\u00e1m\u011brem: zni\u010dit je.<\/p>\n<p><strong>Jane Kaufman, 21. ledna 2023<\/strong><\/p>\n<p>&nbsp;<\/p>\n<p><img decoding=\"async\" loading=\"lazy\" class=\"wp-image-19187 aligncenter\" src=\"http:\/\/www.infokuryr.cz\/n\/wp-content\/uploads\/2022\/12\/1-PRO-300x36.jpg\" alt=\"\" width=\"1242\" height=\"149\" srcset=\"https:\/\/www.infokuryr.cz\/n\/wp-content\/uploads\/2022\/12\/1-PRO-300x36.jpg 300w, https:\/\/www.infokuryr.cz\/n\/wp-content\/uploads\/2022\/12\/1-PRO.jpg 699w\" sizes=\"(max-width: 1242px) 100vw, 1242px\" \/><\/p>\n<p>&nbsp;<\/p>\n<p>&nbsp;<\/p>\n","protected":false},"excerpt":{"rendered":"<p>Rusov\u00e9 pr\u00e1v\u011b doc\u00edlili zna\u010dn\u00e9 v\u00edt\u011bzstv\u00ed, kdy\u017e dobyli m\u011bsto Soledar. Byl to obt\u00ed\u017en\u00fd \u00fakol, proto\u017ee m\u011bsto&#8230;<\/p>\n","protected":false},"author":2,"featured_media":20279,"comment_status":"closed","ping_status":"closed","sticky":false,"template":"","format":"standard","meta":[],"categories":[6],"tags":[1042,220,26],"_links":{"self":[{"href":"https:\/\/www.infokuryr.cz\/n\/wp-json\/wp\/v2\/posts\/21602"}],"collection":[{"href":"https:\/\/www.infokuryr.cz\/n\/wp-json\/wp\/v2\/posts"}],"about":[{"href":"https:\/\/www.infokuryr.cz\/n\/wp-json\/wp\/v2\/types\/post"}],"author":[{"embeddable":true,"href":"https:\/\/www.infokuryr.cz\/n\/wp-json\/wp\/v2\/users\/2"}],"replies":[{"embeddable":true,"href":"https:\/\/www.infokuryr.cz\/n\/wp-json\/wp\/v2\/comments?post=21602"}],"version-history":[{"count":0,"href":"https:\/\/www.infokuryr.cz\/n\/wp-json\/wp\/v2\/posts\/21602\/revisions"}],"wp:featuredmedia":[{"embeddable":true,"href":"https:\/\/www.infokuryr.cz\/n\/wp-json\/wp\/v2\/media\/20279"}],"wp:attachment":[{"href":"https:\/\/www.infokuryr.cz\/n\/wp-json\/wp\/v2\/media?parent=21602"}],"wp:term":[{"taxonomy":"category","embeddable":true,"href":"https:\/\/www.infokuryr.cz\/n\/wp-json\/wp\/v2\/categories?post=21602"},{"taxonomy":"post_tag","embeddable":true,"href":"https:\/\/www.infokuryr.cz\/n\/wp-json\/wp\/v2\/tags?post=21602"}],"curies":[{"name":"wp","href":"https:\/\/api.w.org\/{rel}","templated":true}]}}