{"id":21574,"date":"2023-01-22T01:04:42","date_gmt":"2023-01-22T00:04:42","guid":{"rendered":"http:\/\/www.infokuryr.cz\/n\/?p=21574"},"modified":"2023-01-21T15:36:42","modified_gmt":"2023-01-21T14:36:42","slug":"eva-hrindova-obraceny-rok-1989-zpatky-k-totalite","status":"publish","type":"post","link":"https:\/\/www.infokuryr.cz\/n\/2023\/01\/22\/eva-hrindova-obraceny-rok-1989-zpatky-k-totalite\/","title":{"rendered":"Eva Hrindov\u00e1: Obr\u00e1cen\u00fd rok 1989 &#8211; zp\u00e1tky k totalit\u011b"},"content":{"rendered":"<div id=\"fb-root\"><\/div>\n<div class=\"anotace\">\n<div class=\"field field-name-field-anotace field-type-text-long field-label-hidden\">\n<div class=\"field-items\">\n<div class=\"field-item even\"><strong>Zahl\u00e9dla jsem \u00faryvek \u0159e\u010di mlad\u00e9ho Pol\u00edvky na setk\u00e1n\u00ed na podporu gener\u00e1la Pavla v Brn\u011b. Herec Pol\u00edvka p\u0159irovnal tato organizovan\u00e1 spont\u00e1nn\u00ed setk\u00e1n\u00ed k revoluci v roce 1989. Co jin\u00e9ho takov\u00e1 slova jsou ne\u017e nezakryt\u00fdm hlup\u00e1ctv\u00edm?<\/strong><\/div>\n<\/div>\n<\/div>\n<\/div>\n<div class=\"text\">\n<div class=\"field field-name-body field-type-text-with-summary field-label-hidden\">\n<div class=\"field-items\">\n<div class=\"field-item even\">\n<p>V roce 1989 se lidi spont\u00e1nn\u011b sch\u00e1zeli na n\u00e1m\u011bst\u00edch, proto\u017ee odm\u00edtali nedemokratick\u00fd syst\u00e9m. Dnes se \u0161ikuj\u00ed za gener\u00e1lem lidi, kte\u0159\u00ed odm\u00edtaj\u00ed lidi s jin\u00fdmi n\u00e1zory! A dokonce je ur\u00e1\u017e\u00ed, pohrdaj\u00ed jimi a p\u0159ej\u00ed si jejich marginalizaci.<\/p>\n<p>V roce 1989 byla prodchnuta setk\u00e1n\u00ed pospolitost\u00ed, toleranc\u00ed a sm\u00ed\u0159en\u00edm. Dnes vede na setk\u00e1n\u00ed lidi zloba a nen\u00e1vist.<\/p>\n<p>V roce 1989 jsme si p\u0159\u00e1li spravedlnost, svobodu slova a demokratick\u00e9 volby. Dnes fanou\u0161ci gener\u00e1la otev\u0159en\u011b h\u00e1j\u00ed cenzuru, nen\u00ed jim stydno uml\u010dovat, ur\u00e1\u017eet, dusit diskusi hysteri\u00ed, n\u00e1lepkami a vulgaritami.<\/p>\n<p>Kdy\u017e sly\u0161\u00edm, \u017ee k nejaktivn\u011bj\u0161\u00edm fanou\u0161k\u016fm zm\u011bny syst\u00e9mu zp\u00e1tky k totalit\u011b jsou mlad\u00ed lid\u00e9, zaplavuje m\u011b l\u00edtost. Jak \u017eij\u00ed v bludu, jak nikdy nepoznaj\u00ed, co je to opravdov\u00e1 diskuse a radost z pozn\u00e1v\u00e1n\u00ed. Jak bude jejich \u017eivot smutn\u00fd, proto\u017ee nejsou ukotveni v hlubok\u00fdch hodnot\u00e1ch. Ale oni na to p\u0159ijdou a pak se budou styd\u011bt. Stejn\u011b jako se styd\u011bli n\u011bkte\u0159\u00ed svaz\u00e1ci, kdy\u017e po budovatelsk\u00fdch pades\u00e1t\u00fdch letech procitli. Nicm\u00e9n\u011b za nimi z\u016fstaly aspo\u0148 ty p\u0159ehrady&#8230; Za t\u011bmi dne\u0161n\u00edmi z\u016fst\u00e1v\u00e1 jen ho\u0159kost a rozvr\u00e1cen\u00e1 spole\u010dnost.<\/p>\n<p><a href=\"https:\/\/www.evahrindova.cz\/obraceny-rok-1989-zpatky-k-totalite\">Eva Hrindov\u00e1<\/a><\/p>\n<\/div>\n<\/div>\n<\/div>\n<\/div>\n<p>&nbsp;<\/p>\n<p><img decoding=\"async\" loading=\"lazy\" class=\"wp-image-19187 aligncenter\" src=\"http:\/\/www.infokuryr.cz\/n\/wp-content\/uploads\/2022\/12\/1-PRO-300x36.jpg\" alt=\"\" width=\"1308\" height=\"157\" srcset=\"https:\/\/www.infokuryr.cz\/n\/wp-content\/uploads\/2022\/12\/1-PRO-300x36.jpg 300w, https:\/\/www.infokuryr.cz\/n\/wp-content\/uploads\/2022\/12\/1-PRO.jpg 699w\" sizes=\"(max-width: 1308px) 100vw, 1308px\" \/><\/p>\n<p>&nbsp;<\/p>\n<p>&nbsp;<\/p>\n","protected":false},"excerpt":{"rendered":"<p>Zahl\u00e9dla jsem \u00faryvek \u0159e\u010di mlad\u00e9ho Pol\u00edvky na setk\u00e1n\u00ed na podporu gener\u00e1la Pavla v Brn\u011b. Herec&#8230;<\/p>\n","protected":false},"author":2,"featured_media":21575,"comment_status":"closed","ping_status":"closed","sticky":false,"template":"","format":"standard","meta":[],"categories":[6],"tags":[29,940,27],"_links":{"self":[{"href":"https:\/\/www.infokuryr.cz\/n\/wp-json\/wp\/v2\/posts\/21574"}],"collection":[{"href":"https:\/\/www.infokuryr.cz\/n\/wp-json\/wp\/v2\/posts"}],"about":[{"href":"https:\/\/www.infokuryr.cz\/n\/wp-json\/wp\/v2\/types\/post"}],"author":[{"embeddable":true,"href":"https:\/\/www.infokuryr.cz\/n\/wp-json\/wp\/v2\/users\/2"}],"replies":[{"embeddable":true,"href":"https:\/\/www.infokuryr.cz\/n\/wp-json\/wp\/v2\/comments?post=21574"}],"version-history":[{"count":1,"href":"https:\/\/www.infokuryr.cz\/n\/wp-json\/wp\/v2\/posts\/21574\/revisions"}],"predecessor-version":[{"id":21576,"href":"https:\/\/www.infokuryr.cz\/n\/wp-json\/wp\/v2\/posts\/21574\/revisions\/21576"}],"wp:featuredmedia":[{"embeddable":true,"href":"https:\/\/www.infokuryr.cz\/n\/wp-json\/wp\/v2\/media\/21575"}],"wp:attachment":[{"href":"https:\/\/www.infokuryr.cz\/n\/wp-json\/wp\/v2\/media?parent=21574"}],"wp:term":[{"taxonomy":"category","embeddable":true,"href":"https:\/\/www.infokuryr.cz\/n\/wp-json\/wp\/v2\/categories?post=21574"},{"taxonomy":"post_tag","embeddable":true,"href":"https:\/\/www.infokuryr.cz\/n\/wp-json\/wp\/v2\/tags?post=21574"}],"curies":[{"name":"wp","href":"https:\/\/api.w.org\/{rel}","templated":true}]}}