{"id":21572,"date":"2023-01-22T01:03:25","date_gmt":"2023-01-22T00:03:25","guid":{"rendered":"http:\/\/www.infokuryr.cz\/n\/?p=21572"},"modified":"2023-01-21T15:32:56","modified_gmt":"2023-01-21T14:32:56","slug":"prohlaseni-iniciativy-zachranme-nas-stat-k-2-kolu-prezidentskych-voleb","status":"publish","type":"post","link":"https:\/\/www.infokuryr.cz\/n\/2023\/01\/22\/prohlaseni-iniciativy-zachranme-nas-stat-k-2-kolu-prezidentskych-voleb\/","title":{"rendered":"Prohl\u00e1\u0161en\u00ed iniciativy Zachra\u0148me n\u00e1\u0161 st\u00e1t k 2. kolu prezidentsk\u00fdch voleb"},"content":{"rendered":"<div id=\"fb-root\"><\/div>\n<p><em><strong><span class=\"anotation\">Bl\u00ed\u017e\u00ed se 2.kolo prezidentsk\u00fdch voleb a medi\u00e1ln\u00ed prot\u011b\u017eov\u00e1n\u00ed kandid\u00e1ta Petra Pavla protla\u010dovan\u00e9ho P\u011btikoalic\u00ed je ji\u017e ne\u00fanosn\u00e9. Nem\u00e1 cenu se st\u00e1le pt\u00e1t, kam se ztratila novin\u00e1\u0159sk\u00e1 \u010dest, nestrannost a schopnost pravdiv\u011b popisovat realitu. V\u0161e je p\u0159ikryto duchnou plnou pen\u011bz r\u016fzn\u00e9ho p\u016fvodu. Babi\u0161 zdaleka pln\u011b nevyu\u017e\u00edv\u00e1 mo\u017enost\u00ed vydavatelstv\u00ed Mafra \u010di tv stanic \u00d3\u010dko \u010di sv\u00e9 rozhlasov\u00e9 stanice Impuls, co\u017e je p\u0159\u00edjemn\u00fdm p\u0159ekvapen\u00edm. Naopak televizn\u00ed stanice stoj\u00edc\u00ed na stran\u011b gener\u00e1la a Seznam p\u0159ipom\u00ednaj\u00ed b\u00e1jn\u00e9 draky d\u0161t\u00edc\u00ed ohe\u0148 a s\u00edru smrd\u00edc\u00ed bruselsko-washingtonsk\u00fdm pseudoliberalismem. P\u0159id\u00e1v\u00e1me dnes prohl\u00e1\u0161en\u00ed iniciativy Zachra\u0148me n\u00e1\u0161 st\u00e1t, se kter\u00fdm se ztoto\u017e\u0148ujeme.\u00a0<\/span><\/strong><\/em><\/p>\n<div id=\"pagetext\">\n<p>\u00a0 Iniciativa Zachra\u0148me n\u00e1\u0161 st\u00e1t (ZNS) nen\u00ed fanklubem Andreje Babi\u0161e. Z\u00e1sadn\u011b odsuzujeme jeho kroky zejm\u00e9na v dob\u011b koronavirov\u00fdch restrikc\u00ed a lockdown\u016f, stejn\u011b jako n\u00e1slednou politiku jeho vl\u00e1dy v podob\u011b distribuov\u00e1n\u00ed kompenza\u010dn\u00edch nekryt\u00fdch pen\u011bz, kter\u00e9 rozto\u010dily infla\u010dn\u00ed spir\u00e1lu. Z\u00e1rove\u0148 ale dob\u0159e v\u00edme, \u017ee si na mezin\u00e1rodn\u00edm f\u00f3ru, v\u010detn\u011b Evropsk\u00e9 rady, mnohokr\u00e1t dok\u00e1zal bouchnout do stolu a zastat se z\u00e1jm\u016f \u010cesk\u00e9 republiky. Jeho protikandid\u00e1t se horliv\u011b hl\u00e1s\u00ed k cel\u00e9 poklesl\u00e9 progresivistick\u00e9 agend\u011b, klimatick\u00e9mu \u0161\u00edlenstv\u00ed a \u0159in\u010den\u00ed zbran\u00ed. U\u017e dop\u0159edu inzeruje, \u017ee bude poslu\u0161n\u00fdm vykonavatelem ciz\u00edch z\u00e1jm\u016f, jak byl ostatn\u011b cel\u00fd \u017eivot zvykl\u00fd.<\/p>\n<p>U volebn\u00ed urny je ka\u017ed\u00fd s\u00e1m za sebe. Volebn\u00ed akt je v\u00fdsostn\u011b individu\u00e1ln\u00edm rozhodnut\u00edm. ZNS p\u0159esto pros\u00ed v\u0161echny zodpov\u011bdn\u00e9 ob\u010dany, aby se nedali znechutit, aby ke druh\u00e9mu kolu prezidentsk\u00e9 volby p\u0159i\u0161li a aby u toho zv\u00e1\u017eili, kter\u00fd z kandid\u00e1t\u016f je dosazov\u00e1n ciz\u00edmi silami, kter\u00fd z kandid\u00e1t\u016f nem\u00e1 nebo snad i taj\u00ed sv\u00e9 n\u00e1zory, aby m\u011bl voln\u00e9 ruce ke slu\u017eb\u011b sv\u00fdm loutkovodi\u010d\u016fm, a kter\u00fd naopak u\u017e nesl politickou odpov\u011bdnost, m\u011bl p\u0159\u00edle\u017eitost se vybarvit v dobr\u00e9m i zl\u00e9m a u n\u011bj\u017e v\u00edme, co m\u016f\u017eeme \u010dekat. Je to volba mezi hrbolatou cestou a propast\u00ed. Nenechme o sv\u00e9 zemi rozhodovat ty, kte\u0159\u00ed budou m\u00edt v\u011bt\u0161\u00ed motivaci p\u0159ij\u00edt k volb\u00e1m. Rozhodn\u011bme my. Nem\u00e1me to snadn\u00e9. Ale svou odpov\u011bdnost p\u0159ij\u00edm\u00e1me. P\u0159ijm\u011bte ji tak\u00e9.<\/p>\n<p>20. ledna 2023<\/p>\n<p>za v\u00fdbor iniciativy Zachra\u0148me n\u00e1\u0161 st\u00e1t<\/p>\n<p>V\u00e1clav Hrab\u00e1k, \u010dlen v\u00fdboru<\/p>\n<\/div>\n<p>&nbsp;<\/p>\n<p><img decoding=\"async\" loading=\"lazy\" class=\"wp-image-19187 aligncenter\" src=\"http:\/\/www.infokuryr.cz\/n\/wp-content\/uploads\/2022\/12\/1-PRO-300x36.jpg\" alt=\"\" width=\"1317\" height=\"158\" srcset=\"https:\/\/www.infokuryr.cz\/n\/wp-content\/uploads\/2022\/12\/1-PRO-300x36.jpg 300w, https:\/\/www.infokuryr.cz\/n\/wp-content\/uploads\/2022\/12\/1-PRO.jpg 699w\" sizes=\"(max-width: 1317px) 100vw, 1317px\" \/><\/p>\n<p>&nbsp;<\/p>\n","protected":false},"excerpt":{"rendered":"<p>Bl\u00ed\u017e\u00ed se 2.kolo prezidentsk\u00fdch voleb a medi\u00e1ln\u00ed prot\u011b\u017eov\u00e1n\u00ed kandid\u00e1ta Petra Pavla protla\u010dovan\u00e9ho P\u011btikoalic\u00ed je ji\u017e&#8230;<\/p>\n","protected":false},"author":2,"featured_media":21573,"comment_status":"closed","ping_status":"closed","sticky":false,"template":"","format":"standard","meta":[],"categories":[6],"tags":[126,869,811,27],"_links":{"self":[{"href":"https:\/\/www.infokuryr.cz\/n\/wp-json\/wp\/v2\/posts\/21572"}],"collection":[{"href":"https:\/\/www.infokuryr.cz\/n\/wp-json\/wp\/v2\/posts"}],"about":[{"href":"https:\/\/www.infokuryr.cz\/n\/wp-json\/wp\/v2\/types\/post"}],"author":[{"embeddable":true,"href":"https:\/\/www.infokuryr.cz\/n\/wp-json\/wp\/v2\/users\/2"}],"replies":[{"embeddable":true,"href":"https:\/\/www.infokuryr.cz\/n\/wp-json\/wp\/v2\/comments?post=21572"}],"version-history":[{"count":0,"href":"https:\/\/www.infokuryr.cz\/n\/wp-json\/wp\/v2\/posts\/21572\/revisions"}],"wp:featuredmedia":[{"embeddable":true,"href":"https:\/\/www.infokuryr.cz\/n\/wp-json\/wp\/v2\/media\/21573"}],"wp:attachment":[{"href":"https:\/\/www.infokuryr.cz\/n\/wp-json\/wp\/v2\/media?parent=21572"}],"wp:term":[{"taxonomy":"category","embeddable":true,"href":"https:\/\/www.infokuryr.cz\/n\/wp-json\/wp\/v2\/categories?post=21572"},{"taxonomy":"post_tag","embeddable":true,"href":"https:\/\/www.infokuryr.cz\/n\/wp-json\/wp\/v2\/tags?post=21572"}],"curies":[{"name":"wp","href":"https:\/\/api.w.org\/{rel}","templated":true}]}}