{"id":21569,"date":"2023-01-22T01:00:34","date_gmt":"2023-01-22T00:00:34","guid":{"rendered":"http:\/\/www.infokuryr.cz\/n\/?p=21569"},"modified":"2023-01-21T15:54:05","modified_gmt":"2023-01-21T14:54:05","slug":"jaroslav-stefec-zminil-jsem-se-v-jedne-diskusi-ze","status":"publish","type":"post","link":"https:\/\/www.infokuryr.cz\/n\/2023\/01\/22\/jaroslav-stefec-zminil-jsem-se-v-jedne-diskusi-ze\/","title":{"rendered":"Jaroslav \u0160tefec: Zm\u00ednil jsem se v jedn\u00e9 diskusi, \u017ee \u2026"},"content":{"rendered":"<div id=\"fb-root\"><\/div>\n<p><strong>Zm\u00ednil jsem se v jedn\u00e9 diskusi, \u017ee Petr Pavel a jeho man\u017eelka Eva byli v roce 1989 nomenklaturn\u00edmi komunistick\u00fdmi k\u00e1dry. Na\u010de\u017e jsem byl oso\u010den, \u017ee \u00famysln\u011b \u0161\u00ed\u0159\u00edm pomluvy a dezinformace. Tak\u017ee si to shr\u0148me:<\/strong><\/p>\n<p>Petr Pavel byl v roce 1989 ne jen tak n\u011bjak\u00fdm agentem nebo placen\u00fdm dona\u0161e\u010dem, ale p\u0159\u00edmo p\u0159\u00edslu\u0161n\u00edkem vojensk\u00e9 rozv\u011bdky gener\u00e1ln\u00edho \u0161t\u00e1bu, co\u017e byl p\u0159\u00edsn\u011b v\u00fdb\u011brov\u00fd vojensk\u00fd ekvivalent civiln\u00ed StB. Jej\u00ed p\u0159\u00edslu\u0161n\u00edci proch\u00e1zeli d\u016fkladn\u00fdmi prov\u011brkami oddanosti KS\u010c a\u00a0socialistick\u00e9mu z\u0159\u00edzen\u00ed. Seznamy nov\u00e1\u010dk\u016f byly p\u0159ed\u00e1v\u00e1ny sov\u011btsk\u00e9 GRU (\u0161pion\u00e1\u017en\u00ed slu\u017eba gener\u00e1ln\u00edho \u0161t\u00e1bu Sov\u011btsk\u00e9 arm\u00e1dy), kter\u00e1 prov\u00e1d\u011bla v p\u0159\u00edpad\u011b pochybnost\u00ed o kandid\u00e1tovi vlastn\u00ed zkoum\u00e1n\u00ed. Petr Pavel j\u00edm viditeln\u011b pro\u0161el bez probl\u00e9m\u016f. Byl samoz\u0159ejm\u011b tak\u00e9 vzorn\u00fdm \u010dlenem KS\u010c.<\/p>\n<p>Eva Pavlov\u00e1 v r\u00e1mci sv\u00e9 vojensk\u00e9 kari\u00e9ry vystudovala Vysokou politickou akademii Klementa Gottwalda v Bratislav\u011b, z n\u00ed\u017e vych\u00e1zeli vojen\u0161t\u00ed politi\u010dt\u00ed pracovn\u00edci (tzv. \u201cpolitruci\u201d) v nomenklatu\u0159e KS\u010c. A samoz\u0159ejm\u011b byla od roku 1985, resp. 87 (po ukon\u010den\u00ed kandid\u00e1tsk\u00e9 lh\u016fty) i jej\u00ed \u010dlenkou. Tvrd\u00ed o sob\u011b, \u017ee \u010dlenkou KS\u010c se stala proto, aby mohla studovat. Nem\u011bla pr\u00fd \u201evyhovuj\u00edc\u00ed k\u00e1drov\u00fd profil\u201c. Vzhledem k tomu, \u017ee zn\u00e1m mechanismy, jimi\u017e byli studenti VPAKG doporu\u010dov\u00e1ni a vyb\u00edr\u00e1ni, dost v\u00fdznamn\u011b o tom pochybuji.<\/p>\n<p>P\u0159es to v\u0161echno jsou oba man\u017eel\u00e9, b\u00fdval\u00ed d\u016fstojn\u00edci komunistick\u00e9 arm\u00e1dy, z nich\u017e ten vousat\u011bj\u0161\u00ed byl dokonce p\u0159\u00edslu\u0161n\u00edkem zlo\u010dineck\u00e9 VKR, vyn\u00e1\u0161eni mainstreamov\u00fdmi m\u00e9dii jako z\u00e1\u0159n\u00fd p\u00e1r roku, p\u0159ipraven\u00fd ujmout se nejvy\u0161\u0161\u00ed politick\u00e9 funkce v na\u0161\u00ed u\u017e tak t\u011b\u017ece zkou\u0161en\u00e9 zemi. Jsou \u201ehork\u00fdmi kandid\u00e1ty\u201c na pozici prezidenta a jeho prvn\u00ed d\u00e1my nejen m\u00e9di\u00ed, kav\u00e1rny, p\u011btikoalice a parti\u010dky nejv\u011bt\u0161\u00edch \u010desk\u00fdch oligarch\u016f, ale hlavn\u011b v\u0161ech, kte\u0159\u00ed se u\u017e t\u011b\u0161\u00ed, a\u017e vyraz\u00ed do z\u00e1kop\u016f prvn\u00ed sv\u011btov\u00e9 v\u00e1lky jednadvac\u00e1t\u00e9ho stolet\u00ed.<\/p>\n<p>P\u0159\u00edchodem Petra Pavla na Hrad by se definitivn\u011b zavr\u0161il tich\u00fd, ale velmi rychle a efektivn\u011b prob\u00edhaj\u00edc\u00ed st\u00e1tn\u00ed p\u0159evrat, kter\u00fd n\u00e1s ve spir\u00e1le, zd\u00e1nliv\u011b nezadr\u017eiteln\u011b a st\u00e1le rychleji, strh\u00e1v\u00e1 zp\u011bt do doby, kdy jsme nesm\u011bli otev\u0159en\u011b vyjad\u0159ovat sv\u00e9 n\u00e1zory, oponenti \u201estrany a vl\u00e1dy\u201c byli zav\u00edr\u00e1ni, ve \u0161kol\u00e1ch se u\u010dily pouze povolen\u00e9 pravdy o historii a sv\u011btl\u00fdch z\u00edt\u0159c\u00edch, a se Sov\u011btsk\u00fdm svazem to bylo na v\u011b\u010dn\u00e9 \u010dasy a nikdy jinak.<\/p>\n<p>Netvrd\u00edm samoz\u0159ejm\u011b, \u017ee Andrej Babi\u0161 s prvn\u00ed d\u00e1mou Monikou po boku na Hrad\u011b by byl n\u011bjak\u00e9 zvl\u00e1\u0161tn\u00ed terno. Ale proti dvojce \u201ePetr a Eva\u201c, umyt\u00e9 na \u010d\u00edsi pokyn \u010desk\u00fdmi m\u00e9dii \u201edo\u010dista do \u010dista\u201c stejn\u011b, jako to dok\u00e1zal legend\u00e1rn\u00ed prac\u00ed prost\u0159edek \u201e\u00c1rijec\u201c v proslul\u00e9m pitomou\u010dk\u00e9m \u0161otu proti xenofobii a rasismu, je to jist\u00e1 nad\u011bje. Nad\u011bje, \u017ee v tom se\u0161upu do minulosti a v\u00e1le\u010dn\u00e9ho \u0161\u00edlenstv\u00ed, kter\u00e9 d\u00edky Fialov\u011b vl\u00e1d\u011b za\u017e\u00edv\u00e1me, n\u011bkdo aspo\u0148 ob\u010das \u0161l\u00e1pne na brzdu. A \u017ee ta huba na dn\u011b, k n\u011bmu\u017e se \u0161upem \u0159\u00edt\u00edme, bude o n\u011bco m\u00e9n\u011b rozbit\u00e1.<\/p>\n<p><strong>Jaroslav \u0160tefec<\/strong><\/p>\n<p><span style=\"color: #ff0000; font-size: 18pt;\"><strong>Pozn\u00e1mka redakce INFOKUR\u00ddR:<\/strong><\/span><\/p>\n<p><span style=\"color: #ff0000;\"><strong>Je\u0161t\u011b je zapom\u00edn\u00e1no a nikdo se tomu moc nev\u011bnuje a to, kdo podepsal Pavlovi prov\u011brky do NATO. NATO to nezkoumalo, sta\u010dila prov\u011brka z \u010cesk\u00e9 republiky. Tu mu podepsal b\u00fdval\u00fd \u0159editel N\u00e1rodn\u00edho bezpe\u010dnostn\u00edho \u00fa\u0159adu <a style=\"color: #ff0000;\" href=\"https:\/\/cs.wikipedia.org\/wiki\/Tom%C3%A1%C5%A1_Kadlec\">Tom\u00e1\u0161 Kadlec<\/a>. Kadlec byl tak\u00e9 \u0159editelem odboru Bezpe\u010dnostn\u00ed informa\u010dn\u00ed slu\u017eby, kter\u00e9 je n\u00e1stupnickou organizac\u00ed StB a p\u0159evzala jej\u00ed zlo\u010dineck\u00e9 praktiky.\u00a0 Ten Kadlec, kter\u00fd dnes sed\u00ed v krimin\u00e1le za da\u0148ov\u00e9 \u00faniky a p\u0159evody ukraden\u00fdch pen\u011bz do \u0160v\u00fdcarska, kdy\u017e pozd\u011bji se stal \u0161\u00e9fem \u010cEPRA. Opravdu pikantn\u00ed!!!<\/strong><\/span><\/p>\n<p>&nbsp;<\/p>\n<p>&nbsp;<\/p>\n<p><img decoding=\"async\" loading=\"lazy\" class=\"wp-image-19187 aligncenter\" src=\"http:\/\/www.infokuryr.cz\/n\/wp-content\/uploads\/2022\/12\/1-PRO-300x36.jpg\" alt=\"\" width=\"1258\" height=\"151\" srcset=\"https:\/\/www.infokuryr.cz\/n\/wp-content\/uploads\/2022\/12\/1-PRO-300x36.jpg 300w, https:\/\/www.infokuryr.cz\/n\/wp-content\/uploads\/2022\/12\/1-PRO.jpg 699w\" sizes=\"(max-width: 1258px) 100vw, 1258px\" \/><\/p>\n<p>&nbsp;<\/p>\n<p>&nbsp;<\/p>\n<p>&nbsp;<\/p>\n","protected":false},"excerpt":{"rendered":"<p>Zm\u00ednil jsem se v jedn\u00e9 diskusi, \u017ee Petr Pavel a jeho man\u017eelka Eva byli v&#8230;<\/p>\n","protected":false},"author":2,"featured_media":13906,"comment_status":"closed","ping_status":"closed","sticky":false,"template":"","format":"standard","meta":[],"categories":[6],"tags":[126,29,2002,869],"_links":{"self":[{"href":"https:\/\/www.infokuryr.cz\/n\/wp-json\/wp\/v2\/posts\/21569"}],"collection":[{"href":"https:\/\/www.infokuryr.cz\/n\/wp-json\/wp\/v2\/posts"}],"about":[{"href":"https:\/\/www.infokuryr.cz\/n\/wp-json\/wp\/v2\/types\/post"}],"author":[{"embeddable":true,"href":"https:\/\/www.infokuryr.cz\/n\/wp-json\/wp\/v2\/users\/2"}],"replies":[{"embeddable":true,"href":"https:\/\/www.infokuryr.cz\/n\/wp-json\/wp\/v2\/comments?post=21569"}],"version-history":[{"count":1,"href":"https:\/\/www.infokuryr.cz\/n\/wp-json\/wp\/v2\/posts\/21569\/revisions"}],"predecessor-version":[{"id":21579,"href":"https:\/\/www.infokuryr.cz\/n\/wp-json\/wp\/v2\/posts\/21569\/revisions\/21579"}],"wp:featuredmedia":[{"embeddable":true,"href":"https:\/\/www.infokuryr.cz\/n\/wp-json\/wp\/v2\/media\/13906"}],"wp:attachment":[{"href":"https:\/\/www.infokuryr.cz\/n\/wp-json\/wp\/v2\/media?parent=21569"}],"wp:term":[{"taxonomy":"category","embeddable":true,"href":"https:\/\/www.infokuryr.cz\/n\/wp-json\/wp\/v2\/categories?post=21569"},{"taxonomy":"post_tag","embeddable":true,"href":"https:\/\/www.infokuryr.cz\/n\/wp-json\/wp\/v2\/tags?post=21569"}],"curies":[{"name":"wp","href":"https:\/\/api.w.org\/{rel}","templated":true}]}}