{"id":21559,"date":"2023-01-21T06:13:08","date_gmt":"2023-01-21T05:13:08","guid":{"rendered":"http:\/\/www.infokuryr.cz\/n\/?p=21559"},"modified":"2023-01-21T06:13:08","modified_gmt":"2023-01-21T05:13:08","slug":"jana-markova-nalestena-figurka-generala-pavla","status":"publish","type":"post","link":"https:\/\/www.infokuryr.cz\/n\/2023\/01\/21\/jana-markova-nalestena-figurka-generala-pavla\/","title":{"rendered":"Jana Markov\u00e1: Nale\u0161t\u011bn\u00e1 figurka gener\u00e1la Pavla"},"content":{"rendered":"<div id=\"fb-root\"><\/div>\n<div><span style=\"font-size: 18pt;\"><b>Pokrytectv\u00ed liber\u00e1ln\u00ed demokracie dosahuje vrcholu\u2026<\/b><\/span><\/div>\n<div>\n<p>Pod rou\u0161kou l\u017e\u00ed a polopravd n\u00e1s t\u00e1hne do medi\u00e1ln\u00ed \u017eumpy pod heslem: \u201eZav\u0159ete o\u010di, zcela nov\u00fd Petr Pavel p\u0159ich\u00e1z\u00ed\u201c.<\/p>\n<p>S\u00e1m o sob\u011b prohla\u0161uje, \u017ee je hrdina, a \u00fadajn\u00fdmi z\u00e1sluhami o \u010deskou arm\u00e1du a jej\u00ed pov\u011bst se sna\u017e\u00ed omluvit a vyv\u00e1\u017eit svou minulost komunistick\u00e9ho rozv\u011bd\u010d\u00edka. Pokud pominu jeho z\u00e1hadn\u00e9 a zcela nestandardn\u00ed za\u0159azen\u00ed do tohoto vojensk\u00e9ho kurzu, kdy a\u017e p\u0159\u00edmluva p\u011bti gener\u00e1l\u016f proti v\u0161em jeho p\u0159\u00edm\u00fdm nad\u0159\u00edzen\u00fdm pomohla budouc\u00edmu gener\u00e1lovi, Petru Pavlovi jej absolvovat, ony i ty\u00a0<i>\u201ez\u00e1sluhy\u201c<\/i>\u00a0o na\u0161i zemi a arm\u00e1du\u00a0<i>\u201estoj\u00ed za to\u201c.<\/i><\/p>\n<p>Ji\u017e p\u0159i lehk\u00e9m bli\u017e\u0161\u00edm pohledu toti\u017e zjist\u00edme, \u017ee to, \u010d\u00edm se n\u00e1s sna\u017e\u00ed prezidentsk\u00fd kandid\u00e1t ohromit, je jen marketingov\u00e1 bublina jeho poradc\u016f a jeho guru, b\u00fdval\u00e9ho velvyslance v Rusku, Petra Kol\u00e1\u0159e. Mimochodem, bublina za bezm\u00e1la 35 milion\u016f korun. A to by bylo, aby se za ty pen\u00edze n\u011bjak\u00e9 ty z\u00e1sluhy nena\u0161ly. I kdy\u017e sly\u0161eli jste o nich? Te\u010f m\u011b tak napad\u00e1, jestli tohle nen\u00ed ten d\u016fvod, pro\u010d Petr Pavel tak m\u00e1lo mluv\u00ed. Proto\u017ee ono toti\u017e re\u00e1ln\u011b nen\u00ed moc o \u010dem.<\/p>\n<p>N\u00e1\u0161 hrdina byl n\u00e1\u010deln\u00edkem Gener\u00e1ln\u00edho \u0161t\u00e1bu v letech 2012-2015. V t\u00e9 dob\u011b, za jeho velen\u00ed, v\u00fddaje na obranu \u2013 ano ty v\u00fddaje, kter\u00fdmi n\u00e1m te\u010f m\u00e1v\u00e1 p\u0159ed nosem, \u017ee se v\u017edy sna\u017eil prosazovat tak, abychom dost\u00e1li sv\u00fdm z\u00e1vazk\u016fm, klesaly z 1,1% HDP v roce 2012 a\u017e na kr\u00e1sn\u00fdch 0,91% v roce 2014 a 0,96% v roce 2015. NK\u00da to uv\u00e1d\u00ed ve sv\u00e9 zpr\u00e1v\u011b z roku 2016 a opr\u00e1vn\u011bn\u011b kritizuje, \u017ee v\u00fddaje na obranu nejen \u017ee v posledn\u00edch letech klesaly na pr\u00e1v\u011b ono necel\u00e9 1% HDP, ale nav\u00edc se p\u0159esouvaly na m\u00edsto do investic, sp\u00ed\u0161e do mandatorn\u00edch v\u00fddaj\u016f. To moc ke chluben\u00ed nen\u00ed.<\/p>\n<p>Nejvy\u0161\u0161\u00ed kontroln\u00ed \u00fa\u0159ad prov\u011b\u0159il i poskytov\u00e1n\u00ed, \u010derp\u00e1n\u00ed a pou\u017eit\u00ed pen\u011bz ur\u010den\u00fdch na n\u00e1kup techniky pro Arm\u00e1du \u010cR (A\u010cR) pr\u00e1v\u011b za velen\u00ed Petra Pavla, a to v letech v letech 2011 a\u017e 2015, kdy kv\u016fli nedostatk\u016fm v koncepci, pl\u00e1nov\u00e1n\u00ed a n\u00e1kupech se dle n\u011bj<em>\u00a0\u201ezpo\u017e\u010fuje dosa\u017een\u00ed po\u017eadovan\u00fdch schopnost\u00ed arm\u00e1dy\u201c<\/em>. Podle kontrolor\u016f se tak\u00e9 u\u017e \u0159adu let neda\u0159ilo dokon\u010dit reorganizaci a transformaci A\u010cR a zabezpe\u010dit pro resort obrany dostate\u010dn\u00fd rozpo\u010det. Tak\u017ee shrnuto, podtr\u017eeno. Probl\u00e9m Petra Pavla nen\u00ed v tom, \u017ee by n\u011bco ud\u011blal vylo\u017een\u011b \u0161patn\u011b, ale v tom, \u017ee re\u00e1ln\u011b neud\u011blal nic. Nic nerozhodl, nic nevy\u0159e\u0161il a o nic neusiloval.<\/p>\n<p>Takov\u00fd bezprobl\u00e9mov\u00fd \u010dlov\u011bk, ide\u00e1ln\u00ed jako k\u0159ov\u00ed do Bruselu k nejvy\u0161\u0161\u00edmu vrchn\u00edmu veliteli NATO pro Evropu, tzv. SACEURovi, kter\u00fdm je v\u017edy v\u00fdhradn\u011b Ameri\u010dan, proto\u017ee zde se soust\u0159ed\u00ed ve\u0161ker\u00e1 skute\u010dn\u00e1 rozhoduj\u00edc\u00ed pravomoc. P\u0159edseda vojensk\u00e9ho v\u00fdboru, kter\u00fdm byl Petr Pavel, je pouze presti\u017en\u00ed funkce, jej\u00ed\u017e dr\u017eitel jen \u0159\u00edd\u00ed jedn\u00e1n\u00ed vojensk\u00e9ho v\u00fdboru a jeho nejv\u011bt\u0161\u00ed rozhodovac\u00ed pravomoc\u00ed je ur\u010dit, kdo dostane p\u0159i jedn\u00e1n\u00edch slovo d\u0159\u00edve a kdo pozd\u011bji. N\u011bco jako Rey Koranteng po vojensku. To\u0165 tedy k tomu slavn\u00e9mu p\u016fsoben\u00ed v NATO.<\/p>\n<p>Nesm\u00edme ale zapomenout ani na to, \u017ee sice rodi\u010de si nevyb\u00edr\u00e1me, ale \u017eivotn\u00edho partnera ano. A kdo \u017ee to bude na\u0161e potenci\u00e1ln\u00ed prvn\u00ed d\u00e1ma, s n\u00ed\u017e Petr Pavel podle sv\u00fdch slov sd\u00edl\u00ed hodnoty i \u017eivot? Studentka bratislavsk\u00e9 Vojensk\u00e9 politick\u00e9 akademie Klementa Gottwalda, tedy \u0161koly, kter\u00e1 vychov\u00e1vala nechvaln\u011b zn\u00e1m\u00e9 komunistick\u00e9 arm\u00e1dn\u00ed politruky a ud\u011blovala titul RSDr. Aby v\u00e1s na tuto \u0161kolu p\u0159ijali, museli jste b\u00fdt mimo\u0159\u00e1dn\u011b uv\u011bdom\u011bl\u00fd a re\u017eimu maxim\u00e1ln\u011b v\u011brn\u00fd soudruh. Pan\u00ed Pavlov\u00e1 tuto \u0161kolu \u00fasp\u011b\u0161n\u011b dokon\u010dila a\u017e v roce 1990, kdy byla \u010derstv\u011b p\u0159ejmenov\u00e1na na vojenskou pedagogickou. Co\u017e ov\u0161em nem\u011bn\u00ed nic na tom, \u017ee v\u00fduka pokra\u010dovala ve stejn\u00e9m duchu.<\/p>\n<p>Pan gener\u00e1l tedy nejsp\u00ed\u0161 v\u011b\u0159\u00ed, \u017ee dokonal\u00e1 znalost marxismu-leninismu prvn\u00ed d\u00e1m\u011b na Hrad\u011b p\u0159ijde vhod. My bychom ale nem\u011bli v\u011b\u0159it tomu, \u017ee re\u017eimem znechucen\u00ed, tenkr\u00e1t je\u0161t\u011b nesezdan\u00ed Pavlovi, se okam\u017eit\u011b po sametov\u00e9 revoluci la\u010dn\u011b vrhli na prodemokratickou notu, a v\u0161e komunistick\u00e9 a totalitn\u00ed opustili. Ta zm\u011bna kurzu se stala a\u017e s \u00fapln\u00fdm utvrzen\u00edm n\u00e1stupu nov\u00fdch pom\u011br\u016f a z toho pro n\u011b plynouc\u00edch benefit\u016f. Dost m\u011b bav\u00ed, \u017ee pravdol\u00e1skov\u00ed voli\u010di se nyn\u00ed chystaj\u00ed za j\u00e1sotu m\u00e9di\u00ed zvolit jako prvn\u00ed d\u00e1mu vy\u0161kolen\u00e9ho komunistick\u00e9ho vojensk\u00e9ho politruka.<\/p>\n<p>Tak\u017ee si to shrneme. Petr Pavel se svou profesn\u00ed kari\u00e9ru prost\u011b jen hezky usm\u00edval do kamer, pe\u010dliv\u011b zast\u0159i\u017een\u00fd v na\u017eehlen\u00e9 uniform\u011b jezdil za doprovodu sv\u00e9 ochranky na motorce do pr\u00e1ce, a jinak re\u00e1ln\u011b v na\u0161\u00ed arm\u00e1d\u011b nic moc nikam neposunul ani nedojednal. A m\u016f\u017ee spolu se sv\u00fdm t\u00fdmem \u0159\u00edkat co chce, v\u00fdsledky mluv\u00ed jasn\u011b.<\/p>\n<p>Posledn\u00ed dot\u011brn\u00e1 ot\u00e1zka co mne napad\u00e1 je ta, pro\u010d pot\u0159ebuje nominovat b\u00fdval\u00fd velvyslanec Petr Kol\u00e1\u0159 v\u017edy takovou loutku, a nekandiduje za ty sehnan\u00e9 miliony na prezidenta kone\u010dn\u011b s\u00e1m. To u\u017e by bylo ale na jin\u00fd \u010dl\u00e1nek.<\/p>\n<p><strong>Jana Markov\u00e1<\/strong><\/p>\n<p>P\u0159evzato\u00a0<a href=\"https:\/\/raptor-tv.cz\/nalestena-figurka-generala-pavla\/\">Raptor TV<\/a><\/p>\n<\/div>\n<p>&nbsp;<\/p>\n<p><img decoding=\"async\" loading=\"lazy\" class=\"wp-image-19187 aligncenter\" src=\"http:\/\/www.infokuryr.cz\/n\/wp-content\/uploads\/2022\/12\/1-PRO-300x36.jpg\" alt=\"\" width=\"1267\" height=\"152\" srcset=\"https:\/\/www.infokuryr.cz\/n\/wp-content\/uploads\/2022\/12\/1-PRO-300x36.jpg 300w, https:\/\/www.infokuryr.cz\/n\/wp-content\/uploads\/2022\/12\/1-PRO.jpg 699w\" sizes=\"(max-width: 1267px) 100vw, 1267px\" \/><\/p>\n<p>&nbsp;<\/p>\n<p>&nbsp;<\/p>\n","protected":false},"excerpt":{"rendered":"<p>Pokrytectv\u00ed liber\u00e1ln\u00ed demokracie dosahuje vrcholu\u2026 Pod rou\u0161kou l\u017e\u00ed a polopravd n\u00e1s t\u00e1hne do medi\u00e1ln\u00ed \u017eumpy&#8230;<\/p>\n","protected":false},"author":2,"featured_media":11998,"comment_status":"closed","ping_status":"closed","sticky":false,"template":"","format":"standard","meta":[],"categories":[6],"tags":[29,1045,1173,787],"_links":{"self":[{"href":"https:\/\/www.infokuryr.cz\/n\/wp-json\/wp\/v2\/posts\/21559"}],"collection":[{"href":"https:\/\/www.infokuryr.cz\/n\/wp-json\/wp\/v2\/posts"}],"about":[{"href":"https:\/\/www.infokuryr.cz\/n\/wp-json\/wp\/v2\/types\/post"}],"author":[{"embeddable":true,"href":"https:\/\/www.infokuryr.cz\/n\/wp-json\/wp\/v2\/users\/2"}],"replies":[{"embeddable":true,"href":"https:\/\/www.infokuryr.cz\/n\/wp-json\/wp\/v2\/comments?post=21559"}],"version-history":[{"count":0,"href":"https:\/\/www.infokuryr.cz\/n\/wp-json\/wp\/v2\/posts\/21559\/revisions"}],"wp:featuredmedia":[{"embeddable":true,"href":"https:\/\/www.infokuryr.cz\/n\/wp-json\/wp\/v2\/media\/11998"}],"wp:attachment":[{"href":"https:\/\/www.infokuryr.cz\/n\/wp-json\/wp\/v2\/media?parent=21559"}],"wp:term":[{"taxonomy":"category","embeddable":true,"href":"https:\/\/www.infokuryr.cz\/n\/wp-json\/wp\/v2\/categories?post=21559"},{"taxonomy":"post_tag","embeddable":true,"href":"https:\/\/www.infokuryr.cz\/n\/wp-json\/wp\/v2\/tags?post=21559"}],"curies":[{"name":"wp","href":"https:\/\/api.w.org\/{rel}","templated":true}]}}