{"id":21554,"date":"2023-01-21T05:43:23","date_gmt":"2023-01-21T04:43:23","guid":{"rendered":"http:\/\/www.infokuryr.cz\/n\/?p=21554"},"modified":"2023-01-21T05:43:23","modified_gmt":"2023-01-21T04:43:23","slug":"nemecky-denik-odhalil-neverejnou-informaci","status":"publish","type":"post","link":"https:\/\/www.infokuryr.cz\/n\/2023\/01\/21\/nemecky-denik-odhalil-neverejnou-informaci\/","title":{"rendered":"N\u011bmeck\u00fd den\u00edk odhalil neve\u0159ejnou informaci&#8230;"},"content":{"rendered":"<div id=\"fb-root\"><\/div>\n<h4>N\u011bmeck\u00fd den\u00edk odhalil neve\u0159ejnou informaci, \u017ee vl\u00e1dy \u010cR a Slovenska podporuj\u00ed my\u0161lenku, \u017ee se vzdaj\u00ed sl\u00edben\u00fdch tank\u016f Leopard pro sv\u00e9 arm\u00e1dy ve prosp\u011bch Ukrajiny stejn\u011b, jako se vzdaly sv\u00fdch p\u016fvodn\u00edch tank\u016f T-72 minul\u00fd rok, za kter\u00e9 m\u011bly dostat pr\u00e1v\u011b ty Leopardy od N\u011bmecka! Osl\u00ed\u010dku, ot\u0159es se! Ob\u011b zem\u011b tak z\u016fstanou z\u0159ejm\u011b \u00fapln\u011b bez tank\u016f a voj\u00e1ci budou spol\u00e9hat na alian\u010dn\u00ed pomoc! V Moskv\u011b u\u017e rozm\u00edstili na st\u0159echy budov PVO syst\u00e9my! A na Slovensku lze do konce m\u011bs\u00edce odm\u00edtnout boj se zbran\u00ed v p\u0159\u00edpad\u011b mobiliza\u010dn\u00ed ud\u00e1losti!<\/h4>\n<p>N\u011bmeck\u00fd den\u00edk\u00a0<em>Frankfurter Allgemeine Zeitung<\/em>\u00a0p\u0159inesl v p\u00e1tek v\u00fdbu\u0161n\u00fd \u010dl\u00e1nek\u00a0<strong>[<a href=\"https:\/\/href.li\/?https:\/\/www.faz.net\/aktuell\/politik\/ausland\/leopard-2-panzer-angebot-von-slowakei-und-tschechischer-republik-18616392.html\" target=\"_blank\" rel=\"nofollow noopener\">1<\/a>]<\/strong>\u00a0poch\u00e1zej\u00edc\u00ed z intern\u00edho materi\u00e1lu n\u011bmeck\u00e9ho ministerstva obrany a z okruhu kancl\u00e9\u0159e Olafa Scholze, podle kter\u00e9ho\u00a0<strong>prob\u00edhaj\u00ed intenzivn\u00ed a utajen\u00e1 jedn\u00e1n\u00ed mezi Berl\u00ednem a Prahou spole\u010dn\u011b s Bratislavou o tom, \u017ee by ob\u011b zem\u011b darovaly Ukrajin\u011b dokonce i v N\u011bmecku d\u0159\u00edve objednan\u00e9 tanky Leopard 2 ur\u010den\u00e9 p\u016fvodn\u011b pro A\u010cR a ASR<\/strong>\u00a0jako n\u00e1hrady za Ukrajin\u011b odevzdan\u00e9 tanky T-72M.<\/p>\n<p>Minul\u00fd rok odevzdaly \u010cR a Slovensko Ukrajin\u011b sv\u00e9 tanky, a to na z\u00e1klad\u011b slibu N\u011bmecka, \u017ee na opl\u00e1tku ob\u011b arm\u00e1dy dostanou od N\u011bmecka tanky Leopard 2, aby ob\u011b zem\u011b prost\u011b nez\u016fstaly \u00fapln\u011b bez tankov\u00e9 v\u00fdzbroje. \u010cesk\u00e1 republika zat\u00edm obdr\u017eela jedin\u00fd demonstra\u010dn\u00ed exempl\u00e1\u0159 Leopardu 2, kter\u00fd p\u0159evzala ministryn\u011b obrany Jana \u010cernochov\u00e1 s obrovsk\u00fdm kl\u00ed\u010dem, kter\u00fd se j\u00ed asi do kabelky nevejde, leda \u017ee by ho nosila na prov\u00e1zku na krku jako zvonec.<\/p>\n<figure id=\"attachment_54460\" class=\"wp-caption aligncenter\" style=\"width: 675px;\"><a href=\"https:\/\/aeronet.news\/wp-content\/uploads\/Leopard2Cernochova.jpg\"><img decoding=\"async\" loading=\"lazy\" class=\"wp-image-54460 \" src=\"https:\/\/aeronet.news\/wp-content\/uploads\/Leopard2Cernochova-1024x576.jpg\" sizes=\"(max-width: 700px) 100vw, 700px\" srcset=\"https:\/\/aeronet.news\/wp-content\/uploads\/Leopard2Cernochova-1024x576.jpg 1024w, https:\/\/aeronet.news\/wp-content\/uploads\/Leopard2Cernochova-300x169.jpg 300w, https:\/\/aeronet.news\/wp-content\/uploads\/Leopard2Cernochova-768x432.jpg 768w, https:\/\/aeronet.news\/wp-content\/uploads\/Leopard2Cernochova-700x394.jpg 700w, https:\/\/aeronet.news\/wp-content\/uploads\/Leopard2Cernochova-635x357.jpg 635w, https:\/\/aeronet.news\/wp-content\/uploads\/Leopard2Cernochova-859x483.jpg 859w, https:\/\/aeronet.news\/wp-content\/uploads\/Leopard2Cernochova.jpg 1280w\" alt=\"\" width=\"675\" height=\"380\" \/><\/a><figcaption class=\"wp-caption-text\">Jana \u010cernochov\u00e1, ministryn\u011b obrany, p\u0159evzala demonstra\u010dn\u00ed exempl\u00e1\u0159 tanku Leopard 2<\/figcaption><\/figure>\n<p>Jen\u017ee, novin\u00e1\u0159i n\u011bmeck\u00e9ho den\u00edku se dozv\u011bd\u011bli, \u017ee Berl\u00edn te\u010f nal\u00e9h\u00e1 na Prahu a Bratislavu, aby se vzdaly sv\u00fdch sl\u00edben\u00fdch n\u011bmeck\u00fdch Leopard\u016f a rovn\u011b\u017e je darovaly a odevzdaly do \u010dern\u00e9 d\u00edry zvan\u00e9 Ukrajina. Jedn\u00e1n\u00ed prob\u00edh\u00e1 v naprost\u00e9m utajen\u00ed z d\u016fvodu prezidentsk\u00fdch voleb v \u010cR a Berl\u00edn necht\u011bl, aby se informace dostala ven, proto\u017ee by mohla po\u0161kodit vl\u00e1dn\u00edho kandid\u00e1ta Petra Pavla. Vl\u00e1da Petra Fialy toti\u017e podle n\u011bmeck\u00e9ho den\u00edku s n\u00e1vrhem Berl\u00edna souhlas\u00ed, co\u017e znamen\u00e1, \u017ee \u010desk\u00e1 arm\u00e1da z\u016fstane \u00fapln\u011b bez tank\u016f. Nebude m\u00edt ani ty p\u016fvodn\u00ed T-72M, kter\u00e9 u\u017e jsou na Ukrajin\u011b, ani sl\u00edben\u00e9 Leopardy. V\u0161echno skon\u010d\u00ed na Ukrajin\u011b.<\/p>\n<h6><span style=\"font-size: 18pt;\">\u010cesko a Slovensko jsou jako osl\u00ed\u010dci, ze kter\u00fdch se sypou tanky<\/span><\/h6>\n<p>Podle novin\u00e1\u0159\u016f n\u011bmeck\u00e9ho den\u00edku existuje pr\u00fd nekonkr\u00e9tn\u00ed nab\u00eddka, \u017ee by USA poskytly Praze a Bratislav\u011b star\u0161\u00ed verze tank\u016f Abrams tzv. 1. generace z v\u00e1lky v Persk\u00e9m z\u00e1livu z po\u010d\u00e1tku 90. let, co\u017e byly a jsou stroje z 1. poloviny 80. let. Tanky v\u0161ak maj\u00ed opravdu velmi vysokou spot\u0159ebu paliva, co\u017e je velk\u00fd probl\u00e9m pro evropsk\u00e9 zem\u011b pr\u00e1v\u011b v dob\u011b palivov\u00e9 a energetick\u00e9 krize. Problematick\u00e1 je i \u00fadr\u017eba, proto\u017ee n\u00e1hradn\u00ed d\u00edly pro star\u00e9 Abramsy se ji\u017e nevyr\u00e1b\u00ed. Jen\u017ee, Fialova vl\u00e1da by musela ty tanky z\u00edskat bez v\u00fdb\u011brov\u00e9ho \u0159\u00edzen\u00ed, co\u017e by byl pr\u00e1vn\u00ed probl\u00e9m, proto\u017ee n\u011bkter\u00e9 evropsk\u00e9 zbrojovky by mohly dod\u00e1vku tank\u016f do \u010cR z USA ozna\u010dit za obch\u00e1zen\u00ed z\u00e1kon\u016f o v\u00fdb\u011brov\u00fdch \u0159\u00edzen\u00edch.<\/p>\n<p>Na z\u00e1kladn\u011b Ramstein v N\u011bmecku se evrop\u0161t\u00ed politici a gener\u00e1lov\u00e9 dohodli, \u017ee se pokus\u00ed dodat Ukrajin\u011b tanky, houfnice a dal\u0161\u00ed t\u011b\u017ekou v\u00fdzbroj, ale mezi jednotliv\u00fdmi st\u00e1ty panuje strach z reakce Ruska.\u00a0<strong>Sch\u016fzka v Ramsteinu nedopadla dob\u0159e [<a href=\"https:\/\/href.li\/?https:\/\/news.sky.com\/story\/west-fails-to-make-decision-on-sending-tanks-to-ukraine-despite-germany-summit-12791452\" target=\"_blank\" rel=\"nofollow noopener\">2<\/a>], \u0161\u00e9fov\u00e9 zem\u00ed NATO se dohodli na dod\u00e1vk\u00e1ch n\u011bmeck\u00fdch tank\u016f Ukrajin\u011b, ale N\u011bmecko nechce tanky dodat Ukrajin\u011b d\u0159\u00edve, ne\u017e USA dodaj\u00ed Ukrajin\u011b sv\u00e9 tanky Abrams.<\/strong>\u00a0Berl\u00edn se boj\u00ed reakce Moskvy, zata\u017een\u00ed N\u011bmecka do v\u00e1lky a Berl\u00edn chce m\u00edt alibi, aby to nebyl Berl\u00edn, kdo jenom dod\u00e1v\u00e1 tanky na Ukrajinu, ale i USA.<\/p>\n<figure id=\"attachment_54464\" class=\"wp-caption aligncenter\" style=\"width: 695px;\"><a href=\"https:\/\/aeronet.news\/wp-content\/uploads\/germany-ramstein.jpg\"><img decoding=\"async\" loading=\"lazy\" class=\"wp-image-54464 \" src=\"https:\/\/aeronet.news\/wp-content\/uploads\/germany-ramstein-1024x576.jpg\" sizes=\"(max-width: 700px) 100vw, 700px\" srcset=\"https:\/\/aeronet.news\/wp-content\/uploads\/germany-ramstein-1024x576.jpg 1024w, https:\/\/aeronet.news\/wp-content\/uploads\/germany-ramstein-300x169.jpg 300w, https:\/\/aeronet.news\/wp-content\/uploads\/germany-ramstein-768x432.jpg 768w, https:\/\/aeronet.news\/wp-content\/uploads\/germany-ramstein-700x394.jpg 700w, https:\/\/aeronet.news\/wp-content\/uploads\/germany-ramstein-635x357.jpg 635w, https:\/\/aeronet.news\/wp-content\/uploads\/germany-ramstein-859x483.jpg 859w, https:\/\/aeronet.news\/wp-content\/uploads\/germany-ramstein.jpg 1280w\" alt=\"\" width=\"695\" height=\"391\" \/><\/a><figcaption class=\"wp-caption-text\">Sch\u016fzka zem\u00ed NATO a Ukrajiny na z\u00e1kladn\u011b Ramstein v N\u011bmecku<\/figcaption><\/figure>\n<p>Olaf Scholz ve st\u0159edu prohl\u00e1sil, \u017ee N\u011bmecko dod\u00e1 Leopardy 2 Ukrajin\u011b, ale pouze v p\u0159\u00edpad\u011b, \u017ee i USA dodaj\u00ed Ukrajin\u011b sv\u00e9 tanky Abrams. Americk\u00e9 ministerstvo obrany to ale odm\u00edtlo s t\u00edm, \u017ee Abramsy maj\u00ed p\u0159\u00edli\u0161 velkou spot\u0159ebu paliva, kter\u00e9 Ukrajina nem\u00e1 vzhledem k palivov\u00e9 krizi, a \u017ee rovn\u011b\u017e \u00fadr\u017eba a obsluha tank\u016f je p\u0159\u00edli\u0161 komplikovan\u00e1, tak\u017ee bude pr\u00fd lep\u0161\u00ed, kdy\u017e tanky Ukrajin\u011b dodaj\u00ed evropsk\u00e9 zem\u011b. Jin\u00fdmi slovy, Ameri\u010dan\u00e9 p\u0159edv\u00e1d\u00ed tyto tance kv\u016fli tomu, \u017ee maj\u00ed obavy, \u017ee budou USA zata\u017eeny do v\u00e1lky s Ruskem.<\/p>\n<p><strong>Nen\u00ed proto divu, \u017ee ministerstvo obrany Rusk\u00e9 federace na\u0159\u00eddilo [<a href=\"https:\/\/href.li\/?https:\/\/www.theguardian.com\/world\/2023\/jan\/19\/defensive-missile-systems-erected-on-moscow-rooftops\" target=\"_blank\" rel=\"nofollow noopener\">3<\/a>] ve \u010dtvrtek rozm\u00edstit v Moskv\u011b na st\u0159ech\u00e1ch v\u00fd\u0161kov\u00fdch budov PVO syst\u00e9my Pancir S1.<\/strong>\u00a0Prvn\u00ed souprava se objevila na st\u0159e\u0161e ministerstva obrany v Moskv\u011b. Jedn\u00e1 se o opat\u0159en\u00ed p\u0159ed eskalac\u00ed konfliktu na Ukrajin\u011b do otev\u0159en\u00e9ho st\u0159etu se Severoatlantickou alianc\u00ed. Na tom se shoduj\u00ed i ru\u0161t\u00ed novin\u00e1\u0159i, se kter\u00fdmi na\u0161e redakce spolupracuje. Podle jejich zdroj\u016f se jedn\u00e1 o reakci na zpravodajsk\u00e9 informace GRU, \u017ee NATO a USA jsou p\u0159ipraveny poskytnout Ukrajin\u011b rakety del\u0161\u00edho doletu, co\u017e \u010din\u00ed z Moskvy potenci\u00e1ln\u00ed ter\u010d.<\/p>\n<h6><span style=\"font-size: 18pt;\">Moskva u\u017e se chyst\u00e1 na v\u00e1lku s NATO, na st\u0159ech\u00e1ch v\u00fd\u0161kov\u00fdch budov byly rozm\u00edst\u011bny PVO syst\u00e9my na sest\u0159elov\u00e1n\u00ed americk\u00fdch raket s plochou dr\u00e1hou letu<\/span><\/h6>\n<p>Podle v\u0161eho p\u0159ich\u00e1z\u00ed v \u00favahu dod\u00e1vka raket Tomahawk, proto\u017ee dod\u00e1vka americk\u00fdch balistick\u00fdch raket je zjevn\u011b vylou\u010den\u00e1, ale k\u0159\u00eddlat\u00e9 rakety Tomahawk, jejich\u017e rusk\u00fdm prot\u011bj\u0161kem jsou rakety Kaliber, by m\u011bly Ukrajin\u011b \u00fadajn\u011b poskytnout odvetnou s\u00edlu proti Rusku za \u00fatoky Kalibry na ukrajinskou infrastruktury. Pr\u00e1v\u011b proto Moskva rozm\u00edstila PVO Pancir S1 na st\u0159ech\u00e1ch moskevsk\u00fdch n\u00e1kupn\u00edch center a v\u011b\u017e\u00e1k\u016f.<\/p>\n<p><strong>Tyto PVO syst\u00e9my jsou p\u0159itom prim\u00e1rn\u011b ur\u010deny na likvidaci st\u0159el s plochou dr\u00e1hou letu. Jak je vid\u011bt, Kreml naprosto nic nepodce\u0148uje a skute\u010dn\u011b po\u010d\u00edt\u00e1 i s t\u00edm, \u017ee na Ukrajinu doraz\u00ed dod\u00e1vky raket Tomahawk.<\/strong>\u00a0V z\u00e1padn\u00edm tisku zat\u00edm o dod\u00e1vk\u00e1ch t\u011bchto st\u0159el nen\u00ed nikde ani \u010d\u00e1rka, co\u017e pouze dokazuje, \u017ee se jedn\u00e1 o d\u016fsledn\u011b utajen\u00e9 a zat\u00edm jen pl\u00e1novan\u00e9 dod\u00e1vky, o kter\u00fdch ve\u0159ejnost zat\u00edm nesm\u00ed v\u011bd\u011bt, ale rusk\u00e9 tajn\u00e9 slu\u017eby se k informac\u00edm zjevn\u011b dostaly.<\/p>\n<figure id=\"attachment_54463\" class=\"wp-caption aligncenter\" style=\"width: 659px;\"><a href=\"https:\/\/aeronet.news\/wp-content\/uploads\/MOD_MoscowPantzirS1.jpg\"><img decoding=\"async\" loading=\"lazy\" class=\"wp-image-54463 \" src=\"https:\/\/aeronet.news\/wp-content\/uploads\/MOD_MoscowPantzirS1-1024x741.jpg\" sizes=\"(max-width: 700px) 100vw, 700px\" srcset=\"https:\/\/aeronet.news\/wp-content\/uploads\/MOD_MoscowPantzirS1-1024x741.jpg 1024w, https:\/\/aeronet.news\/wp-content\/uploads\/MOD_MoscowPantzirS1-300x217.jpg 300w, https:\/\/aeronet.news\/wp-content\/uploads\/MOD_MoscowPantzirS1-768x556.jpg 768w, https:\/\/aeronet.news\/wp-content\/uploads\/MOD_MoscowPantzirS1-700x507.jpg 700w, https:\/\/aeronet.news\/wp-content\/uploads\/MOD_MoscowPantzirS1-326x235.jpg 326w, https:\/\/aeronet.news\/wp-content\/uploads\/MOD_MoscowPantzirS1-493x357.jpg 493w, https:\/\/aeronet.news\/wp-content\/uploads\/MOD_MoscowPantzirS1-667x483.jpg 667w, https:\/\/aeronet.news\/wp-content\/uploads\/MOD_MoscowPantzirS1-198x143.jpg 198w, https:\/\/aeronet.news\/wp-content\/uploads\/MOD_MoscowPantzirS1.jpg 1170w\" alt=\"\" width=\"659\" height=\"477\" \/><\/a><figcaption class=\"wp-caption-text\">Pancir S1 na st\u0159e\u0161e rusk\u00e9ho ministerstva obrany v Moskv\u011b<\/figcaption><\/figure>\n<p>Nejde ani vylou\u010dit, \u017ee v p\u00e1tek ve\u010der zah\u00e1jen\u00e1 rusk\u00e1 ofenz\u00edva v Z\u00e1poro\u017e\u00ed je reakc\u00ed na tuto americkou hrozbu ve snaze vyrazit Ukrajin\u011b z ruky n\u00e1stupn\u00ed pozice na Z\u00e1poro\u017e\u00ed v\u00fdchodn\u011b od Dn\u011bpru. Rovn\u011b\u017e m\u016f\u017ee j\u00edt o reakci na sch\u016fzku p\u0159edstavitel\u016f zem\u00ed NATO na z\u00e1kladn\u011b Ramstein, kde byla odsouhlasena dohoda o dod\u00e1vk\u00e1ch tank\u016f a mnoha typ\u016f t\u011b\u017ek\u00fdch zbran\u00ed Ukrajin\u011b. Je to posledn\u00ed krok p\u0159ed vypuknut\u00edm otev\u0159en\u00e9 konfrontace mezi Ruskem a NATO.<\/p>\n<p>Moskva spol\u00e9h\u00e1 na to, \u017ee sliby z Ramsteinu jsou jedna v\u011bc, ale fyzick\u00e1 dod\u00e1vka zbran\u00ed Ukrajin\u011b je ve hv\u011bzd\u00e1ch. Berl\u00edn ozn\u00e1mil, \u017ee dok\u00e1\u017ee Ukrajin\u011b dod\u00e1vat taky Leopard 2 tempem dva kusy za m\u011bs\u00edc, co\u017e je sp\u00ed\u0161 v\u00fdsm\u011bch ne\u017e re\u00e1ln\u00e1 pomoc, tak\u017ee nam\u00edsto toho p\u0159i\u0161el pl\u00e1n k poskytnut\u00ed Leopard\u016f z t\u011bch zem\u00ed NATO, kter\u00e9 je u\u017e maj\u00ed, anebo je maj\u00ed objednan\u00e9 a jsou ji\u017e vyroben\u00e9. Proto \u010cesko a Slovensko znovu ut\u0159ou, rozhodnut\u00edm Fialovy a Hegerovy vl\u00e1dy. Dv\u011b v\u0161ehoschopn\u00e9 vl\u00e1dy bez zp\u011btn\u00e9 kontroly.<\/p>\n<h6><span style=\"font-size: 18pt;\">Slov\u00e1ci mohou do konce ledna nahl\u00e1sit, \u017ee odm\u00edtaj\u00ed bojovat se zbran\u00ed v p\u0159\u00edpad\u011b mobilizace<\/span><\/h6>\n<p>Bod zlomu nastane ve chv\u00edli, kdy Z\u00e1pad dod\u00e1 Ukrajin\u011b rakety st\u0159edn\u00edho nebo dokonce dlouh\u00e9ho doletu, jmenovit\u011b st\u0159ely s plochou dr\u00e1hou letu.\u00a0<strong>Tam nastane ten bod zlomu, kdy Rusko toto bude pova\u017eovat za otev\u0159enou intervenci NATO proti Rusku. A v tom okam\u017eiku bude pot\u0159eba zmizet a ut\u00e9ct z Evropy.<\/strong>\u00a0Nen\u00ed proto divu, \u017ee na Slovensku se zvy\u0161uje po\u010det lid\u00ed, kte\u0159\u00ed oznamuj\u00ed vojensk\u00fdm spr\u00e1v\u00e1m odm\u00edtnut\u00ed v\u00fdkonu slu\u017eby se zbran\u00ed v p\u0159\u00edpad\u011b mimo\u0159\u00e1dn\u00e9ho odvodu, \u010d\u00edm\u017e se mysl\u00ed samoz\u0159ejm\u011b mobilizace.<\/p>\n<p>Slov\u00e1ci mohou leg\u00e1ln\u011b do konce ledna\/janu\u00e1ra ozn\u00e1mit\u00a0<strong>[<a href=\"https:\/\/href.li\/?https:\/\/dennikn.sk\/3197332\/este-par-dni-mozete-odopriet-boj-so-zbranou-muzi-sa-sporia-ci-je-to-zbabele\/\" target=\"_blank\" rel=\"nofollow noopener\">4<\/a>]<\/strong>\u00a0vojensk\u00fdm spr\u00e1v\u00e1m, \u017ee odm\u00edtaj\u00ed slu\u017ebu ve zbrani. V takov\u00e9m p\u0159\u00edpad\u011b v okam\u017eiku mobilizace nesm\u00ed b\u00fdt ob\u010dan povol\u00e1n na frontu se zbran\u00ed, ale pozor, je v tom mal\u00fd h\u00e1\u010dek. Re\u017eim se v\u00e1s m\u016f\u017ee pokusit zbavit tak, \u017ee v\u00e1s vy\u0161le na \u010delo fronty v roli zdravotn\u00edk\u016f beze zbran\u011b.<\/p>\n<figure id=\"attachment_54465\" class=\"wp-caption aligncenter\" style=\"width: 688px;\"><a href=\"https:\/\/aeronet.news\/wp-content\/uploads\/OdepreniSluzby.jpg\"><img decoding=\"async\" loading=\"lazy\" class=\"wp-image-54465 \" src=\"https:\/\/aeronet.news\/wp-content\/uploads\/OdepreniSluzby-866x1024.jpg\" sizes=\"(max-width: 700px) 100vw, 700px\" srcset=\"https:\/\/aeronet.news\/wp-content\/uploads\/OdepreniSluzby-866x1024.jpg 866w, https:\/\/aeronet.news\/wp-content\/uploads\/OdepreniSluzby-254x300.jpg 254w, https:\/\/aeronet.news\/wp-content\/uploads\/OdepreniSluzby-768x908.jpg 768w, https:\/\/aeronet.news\/wp-content\/uploads\/OdepreniSluzby-700x827.jpg 700w, https:\/\/aeronet.news\/wp-content\/uploads\/OdepreniSluzby-302x357.jpg 302w, https:\/\/aeronet.news\/wp-content\/uploads\/OdepreniSluzby-409x483.jpg 409w, https:\/\/aeronet.news\/wp-content\/uploads\/OdepreniSluzby.jpg 994w\" alt=\"\" width=\"688\" height=\"813\" \/><\/a><figcaption class=\"wp-caption-text\">Uk\u00e1zka jedn\u00e9 z \u017e\u00e1dost\u00ed slovensk\u00e9ho ob\u010dana o odep\u0159en\u00ed slu\u017eby se zbran\u00ed z roku 2015<\/figcaption><\/figure>\n<p>To je rozsudek smrt, minim\u00e1ln\u011b je to vid\u011bt na Ukrajin\u011b, kde\u00a0<strong>kyjevsk\u00e1 junta \u00famysln\u011b pos\u00edl\u00e1 odp\u00edra\u010de boje se zbran\u00ed do frontov\u00e9 linie jako neozbrojen\u00e9 zdravotn\u00edky spolu s bojov\u00fdmi \u00fatvary.<\/strong>\u00a0Rusk\u00e9 d\u011blost\u0159electvo a termobarika potom z t\u011bch frontov\u00fdch chochol\u016f nad\u011bl\u00e1 sekanou, spole\u010dn\u011b se zdravotn\u00edky. Proto d\u016frazn\u011b upozor\u0148uji a varuji p\u0159ed naivitou ohledn\u011b oznamov\u00e1n\u00ed vojensk\u00fdm spr\u00e1v\u00e1m o tom, \u017ee nechcete bojovat se zbran\u00ed. Ni\u010demu t\u00edm nezabr\u00e1n\u00edte. Pokud odm\u00edtnete slu\u017ebu \u00fapln\u011b, nejen se zbran\u00ed, ale \u00fapln\u011b kompletn\u011b, mus\u00edte m\u00edt k tomu d\u016fvod, nap\u0159. jako ve v\u00fd\u0161e uveden\u00e9m dokumentu.<\/p>\n<p>Ale pozor, takov\u00fd dokument v\u00e1s m\u016f\u017ee identifikovat jako nep\u0159\u00edtele st\u00e1tu, ciz\u00edho agenta a v dob\u011b v\u00e1le\u010dn\u00e9ho stavu m\u016f\u017eete b\u00fdt internov\u00e1ni jako nebezpe\u010dn\u00e1 osoba p\u0159edstavuj\u00edc\u00ed ohro\u017een\u00ed bezpe\u010dnosti v dob\u011b v\u00e1lky. T\u00edm na sebe jen upozorn\u00edte a hroz\u00ed v\u00e1m, \u017ee dopadnete jako Ukrajinci, skon\u010d\u00edte jako zdravotn\u00edci na frontov\u00e9 linii v p\u0159\u00edpad\u011b mobilizace kv\u016fli Ukrajin\u011b, kde je mortalita u Ukrajinc\u016f na Art\u011bmovsk\u00e9m sm\u011bru 84%, na Slavjansk\u00e9m sm\u011bru 76% a v Z\u00e1poro\u017esk\u00e9m sm\u011bru p\u0159es 60% na \u010dele frontov\u00e9 linie. Je to doslova masoml\u00fdnek a TOS-1 Solncepjok ned\u011bl\u00e1 rozd\u00edly mezi ozbrojen\u00fdmi voj\u00e1ky UA a jejich neozbrojen\u00fdmi zdravotn\u00edky.<\/p>\n<h6><span style=\"font-size: 18pt;\">Co ud\u011blat a jak se p\u0159ipravit, kdyby konflikt mezi NATO a Ruskem opravdu propukl?<\/span><\/h6>\n<p>V p\u0159\u00edpad\u011b vypuknut\u00ed (zpo\u010d\u00e1tku konven\u010dn\u00ed) v\u00e1lky mezi NATO a Ruskem bude pot\u0159eba evakuovat se vlastn\u00edmi silami mimo \u00fazem\u00ed Evropy, p\u0159i\u010dem\u017e kl\u00ed\u010dov\u00e9 bude na\u010dasov\u00e1n\u00ed a konceptu\u00e1ln\u00ed p\u0159\u00edprava. V\u0161echno m\u00edt sbalen\u00e9, doklady, cestovn\u00ed pasy, rodn\u00e9 listy, \u0161perky, rodinn\u00e9 vzpom\u00ednky, alba s fotografiemi, zvac\u00ed dopisy od p\u0159\u00e1tel za mo\u0159em nebo z jin\u00e9 ne-evropsk\u00e9 zem\u011b, pen\u00edze vym\u011bn\u011bn\u00e9 za r\u016fzn\u00e9 sv\u011btov\u00e9 m\u011bny. Dostatek analgetick\u00fdch l\u00e9k\u016f, d\u00e1le proti hore\u010dce a v\u0161echna antibiotika, kter\u00e1 v dob\u011b v\u00e1lky plat\u00ed za tvrdou valutu a doslova za zlato.<\/p>\n<p>D\u00e1le dostatek kanystr\u016f s palivem v kufru auta na cestu na leti\u0161t\u011b a nezapomenout na trycht\u00fd\u0159, bez kter\u00e9ho se z kanystru do n\u00e1dr\u017ee auta opravdu palivo dol\u00e9v\u00e1 hodn\u011b blb\u011b, v zimn\u00edm obdob\u00ed nepodce\u0148ovat nabit\u00ed autobaterie.\u00a0<strong>Cesta do \u0160v\u00fdcarska by m\u011bla prob\u011bhnout v prvn\u00edch hodin\u00e1ch po vypuknut\u00ed konfliktu, ne\u017e se \u0160v\u00fdca\u0159i vzpamatuj\u00ed a zav\u0159ou hranice.<\/strong>\u00a0Ze \u0160v\u00fdcarska potom odlet letadlem mimo Evropu. Druhou mo\u017enost\u00ed je evakuace do Turecka jihov\u00fdchodn\u00edm sm\u011brem. U\u017e b\u011bhem cesty autem byste m\u011bli online zakoupit letenky, proto\u017ee jejich ceny porostou ka\u017edou hodinu. Konven\u010dn\u00ed st\u0159et mezi NATO a Ruskem m\u016f\u017ee kdykoliv eskalovat do nukle\u00e1rn\u00ed v\u00fdm\u011bny.<\/p>\n<figure id=\"attachment_54462\" class=\"wp-caption aligncenter\" style=\"width: 695px;\"><a href=\"https:\/\/aeronet.news\/wp-content\/uploads\/MoscowPantzirS1.jpg\"><img decoding=\"async\" loading=\"lazy\" class=\"wp-image-54462 \" src=\"https:\/\/aeronet.news\/wp-content\/uploads\/MoscowPantzirS1-1024x576.jpg\" sizes=\"(max-width: 700px) 100vw, 700px\" srcset=\"https:\/\/aeronet.news\/wp-content\/uploads\/MoscowPantzirS1-1024x576.jpg 1024w, https:\/\/aeronet.news\/wp-content\/uploads\/MoscowPantzirS1-300x169.jpg 300w, https:\/\/aeronet.news\/wp-content\/uploads\/MoscowPantzirS1-768x432.jpg 768w, https:\/\/aeronet.news\/wp-content\/uploads\/MoscowPantzirS1-700x394.jpg 700w, https:\/\/aeronet.news\/wp-content\/uploads\/MoscowPantzirS1-635x357.jpg 635w, https:\/\/aeronet.news\/wp-content\/uploads\/MoscowPantzirS1-859x483.jpg 859w, https:\/\/aeronet.news\/wp-content\/uploads\/MoscowPantzirS1.jpg 1280w\" alt=\"\" width=\"695\" height=\"391\" \/><\/a><figcaption class=\"wp-caption-text\">Umis\u0165ov\u00e1n\u00ed dal\u0161\u00edho komplexu Pancir S1 na v\u00fd\u0161kovou budovu v Moskv\u011b<\/figcaption><\/figure>\n<p>Pro evakuaci je pot\u0159eba m\u00edt neust\u00e1le p\u0159edstih v p\u0159\u00edjmu informac\u00ed a \u010derpat z Telegramu, ze soci\u00e1ln\u00edch s\u00edt\u00ed a samoz\u0159ejm\u011b od n\u00e1s na AE News. Informace o vypuknut\u00ed st\u0159etu mezi NATO a Ruskem unikne o n\u011bkolik hodin dop\u0159edu na soci\u00e1ln\u00ed s\u00edt\u011b, stejn\u011b jako jsme to vid\u011bli minul\u00fd rok v \u00fanoru. Na\u0161e redakce v\u011bd\u011bla o invazi Rusk\u00e9 arm\u00e1dy na Ukrajinu s p\u0159edstihem v\u00edce jak 16 hodin d\u00edky na\u0161emu zdroji, vybran\u00e9 kan\u00e1ly na s\u00edti Telegram m\u011bly informaci u\u017e o v\u00edce jak 24 hodin v p\u0159edstihu.<\/p>\n<p>Pokud propukne st\u0159et mezi NATO a Ruskem, vl\u00e1dy zem\u00ed EU uzav\u0159ou st\u00e1tn\u00ed hranice, aby zabr\u00e1nily lidem v \u00fat\u011bku p\u0159ed mobilizacemi, ty protokoly budou aktivov\u00e1ny velice rychle, v podstat\u011b do 120 minut od dopad\u016f prvn\u00edch rusk\u00fdch konven\u010dn\u00edch taktick\u00fdch raket na \u00fazem\u00ed NATO. Mluv\u00edme zde o konven\u010dn\u00edch \u00faderech v prvn\u00edch dnech konfliktu. To je n\u00e1zor v\u011bt\u0161iny odborn\u00edk\u016f, \u017ee konflikt by zpo\u010d\u00e1tku byl dr\u017een na konven\u010dn\u00ed \u00farovni.<\/p>\n<h6><span style=\"font-size: 18pt;\">\u0160t\u011bst\u00ed p\u0159eje p\u0159ipraven\u00fdm<\/span><\/h6>\n<p>Je dobr\u00e9 si s rodinou evakuaci nacvi\u010dit nane\u010disto a ud\u011blat evakuaci do \u0160v\u00fdcarska \u010di Turecka, vyzkou\u0161et si trasu, abyste se s n\u00ed sezn\u00e1mili, projet si celou cestu ve dne a zp\u00e1tky v noci. Na tuto tragickou eventualitu je pot\u0159eba se p\u0159ipravit, kdyby nastala. Evrop\u0161t\u00ed politici toti\u017e \u017eenou Evropu do st\u0159etu s Ruskem a mus\u00edme u\u017e po\u010d\u00edtat preventivn\u011b dop\u0159edu se v\u0161\u00edm. Je lep\u0161\u00ed b\u00fdt p\u0159ipraven, kdy\u017e to nenastane, ne\u017e obr\u00e1cen\u011b.<\/p>\n<p><strong>Evrop\u0161t\u00ed politici se rozhodli se\u0161l\u00e1pnout plyn v aut\u011b sebevraha \u00fapln\u011b a\u017e na podlahu a cht\u011bj\u00ed Rusko porazit za ka\u017edou cenu, i za cenu zata\u017een\u00ed Evropy do otev\u0159en\u00e9 v\u00e1lky proti jadern\u00e9 velmoci.<\/strong>\u00a0Opravdu neo\u010dek\u00e1vejte od politik\u016f rozum a rozumn\u00e9 jedn\u00e1n\u00ed, proto\u017ee v \u010dele vl\u00e1d jsou v\u0161ehoschopn\u00ed mago\u0159i. Snaha o por\u00e1\u017eku jadern\u00e9 velmoci a nejv\u011bt\u0161\u00ed zem\u011b na sv\u011bt\u011b za pou\u017eit\u00ed nacifikovan\u00fdch chochol\u016f na Ukrajin\u011b je znakem \u0161\u00edlenstv\u00ed samo o sob\u011b.<\/p>\n<figure id=\"attachment_54381\" class=\"wp-caption aligncenter\" style=\"width: 790px;\"><a href=\"https:\/\/aeronet.news\/wp-content\/uploads\/FialaTankPodpisUACZ.jpg\"><img decoding=\"async\" loading=\"lazy\" class=\"wp-image-54381 \" src=\"https:\/\/aeronet.news\/wp-content\/uploads\/FialaTankPodpisUACZ.jpg\" sizes=\"(max-width: 1280px) 100vw, 1280px\" srcset=\"https:\/\/aeronet.news\/wp-content\/uploads\/FialaTankPodpisUACZ.jpg 1280w, https:\/\/aeronet.news\/wp-content\/uploads\/FialaTankPodpisUACZ-300x193.jpg 300w, https:\/\/aeronet.news\/wp-content\/uploads\/FialaTankPodpisUACZ-768x494.jpg 768w, https:\/\/aeronet.news\/wp-content\/uploads\/FialaTankPodpisUACZ-1024x658.jpg 1024w, https:\/\/aeronet.news\/wp-content\/uploads\/FialaTankPodpisUACZ-700x450.jpg 700w, https:\/\/aeronet.news\/wp-content\/uploads\/FialaTankPodpisUACZ-100x65.jpg 100w, https:\/\/aeronet.news\/wp-content\/uploads\/FialaTankPodpisUACZ-555x357.jpg 555w, https:\/\/aeronet.news\/wp-content\/uploads\/FialaTankPodpisUACZ-751x483.jpg 751w\" alt=\"\" width=\"790\" height=\"508\" \/><\/a><figcaption class=\"wp-caption-text\">Profes\u016frek \u017eehn\u00e1 \u010desk\u00fdm tank\u016fm pro Ukrajinu. V\u0161ehoschopn\u00fd Petro Fialenko<\/figcaption><\/figure>\n<p>Ale kdy\u017e si uv\u011bdom\u00edte, \u017ee jsou ochotni odzbrojit a demilitarizovat vlastn\u00ed arm\u00e1dy a p\u0159edat v\u0161echny sv\u00e9 zbran\u011b prohr\u00e1vaj\u00edc\u00ed Ukrajin\u011b, potom je jasn\u00e9, \u017ee to neskon\u010d\u00ed jen u tank\u016f. Pamatujte na m\u00e1 slova. Tanky pro Ukrajinu to teprve za\u010dne! Po nich budou n\u00e1sledovat voj\u00e1ci evropsk\u00fdch zem\u00ed, zat\u00edm profesion\u00e1ln\u00ed voj\u00e1ci, odeslan\u00ed na Ukrajinu rozhodnut\u00edm vl\u00e1d bez souhlasu parlamentu na dobu 60 dn\u016f. A po nich budou n\u00e1sledovat i rakety s plochou dr\u00e1hou letu dodan\u00e9 Ukrajinc\u016fm pod z\u00e1minkou, \u017ee kdy\u017e Rusov\u00e9 pos\u00edlaj\u00ed na Ukrajinu Kalibry s plochou dr\u00e1hou letu, po\u0161leme Rus\u016fm z Ukrajiny Tomahawky s plochou dr\u00e1hou letu.<\/p>\n<p><strong>Odm\u00edtnout mobilizaci se zbran\u00ed nic ne\u0159e\u0161\u00ed. Takov\u00fdch lid\u00ed se re\u017eim obvykle zbav\u00ed na front\u011b nebo t\u011bsn\u011b za frontou formou zdravotn\u00ed slu\u017eby na \u010dele fronty, po vzoru ukrajinsk\u00e9 arm\u00e1dy.<\/strong>\u00a0V lep\u0161\u00edm p\u0159\u00edpad\u011b lidi odp\u00edraj\u00edc\u00ed slu\u017ebu \u010dek\u00e1 internace. Redukce obyvatelstva planety, podle Georgijsk\u00fdch poradn\u00edch kamen\u016f, ve sv\u011btov\u00e9 v\u00e1lce mezi NATO a Ruskem v\u016fbec nen\u00ed vylou\u010den\u00e1 alternativa proces\u016f \u0159\u00edzen\u00ed. Situace je opravdu v\u00e1\u017en\u00e1 ve chv\u00edli, kdy Rusov\u00e9 ji\u017e rozmis\u0165uj\u00ed v Moskv\u011b PVO syst\u00e9my na st\u0159ech\u00e1ch v o\u010dek\u00e1v\u00e1n\u00ed \u00fader\u016f st\u0159elami dlouh\u00e9ho doletu. Toto opravdu nikdo ne\u010dekal. To je d\u016fkaz toho, \u017ee se ob\u00e1vaj\u00ed raket s plochou dr\u00e1hou letu. A to u\u017e opravdu jde ve\u0161ker\u00e1 legrace stranou.<\/p>\n<p><a href=\"https:\/\/aeronet.news\/nemecky-denik-odhalil-neverejnou-informaci-ze-vlady-cr-a-slovenska-podporuji-myslenku-ze-se-vzdaji-slibenych-tanku-leopard-pro-sve-armady-ve-prospech-ukrajiny\/\">-VK- \u0160\u00e9fredaktor AE News<\/a><\/p>\n<p>&nbsp;<\/p>\n<p><img decoding=\"async\" loading=\"lazy\" class=\"wp-image-19187 aligncenter\" src=\"http:\/\/www.infokuryr.cz\/n\/wp-content\/uploads\/2022\/12\/1-PRO-300x36.jpg\" alt=\"\" width=\"1258\" height=\"151\" srcset=\"https:\/\/www.infokuryr.cz\/n\/wp-content\/uploads\/2022\/12\/1-PRO-300x36.jpg 300w, https:\/\/www.infokuryr.cz\/n\/wp-content\/uploads\/2022\/12\/1-PRO.jpg 699w\" sizes=\"(max-width: 1258px) 100vw, 1258px\" \/><\/p>\n","protected":false},"excerpt":{"rendered":"<p>N\u011bmeck\u00fd den\u00edk odhalil neve\u0159ejnou informaci, \u017ee vl\u00e1dy \u010cR a Slovenska podporuj\u00ed my\u0161lenku, \u017ee se vzdaj\u00ed&#8230;<\/p>\n","protected":false},"author":2,"featured_media":21555,"comment_status":"closed","ping_status":"closed","sticky":false,"template":"","format":"standard","meta":[],"categories":[6],"tags":[1042,29,1549,26,99],"_links":{"self":[{"href":"https:\/\/www.infokuryr.cz\/n\/wp-json\/wp\/v2\/posts\/21554"}],"collection":[{"href":"https:\/\/www.infokuryr.cz\/n\/wp-json\/wp\/v2\/posts"}],"about":[{"href":"https:\/\/www.infokuryr.cz\/n\/wp-json\/wp\/v2\/types\/post"}],"author":[{"embeddable":true,"href":"https:\/\/www.infokuryr.cz\/n\/wp-json\/wp\/v2\/users\/2"}],"replies":[{"embeddable":true,"href":"https:\/\/www.infokuryr.cz\/n\/wp-json\/wp\/v2\/comments?post=21554"}],"version-history":[{"count":1,"href":"https:\/\/www.infokuryr.cz\/n\/wp-json\/wp\/v2\/posts\/21554\/revisions"}],"predecessor-version":[{"id":21556,"href":"https:\/\/www.infokuryr.cz\/n\/wp-json\/wp\/v2\/posts\/21554\/revisions\/21556"}],"wp:featuredmedia":[{"embeddable":true,"href":"https:\/\/www.infokuryr.cz\/n\/wp-json\/wp\/v2\/media\/21555"}],"wp:attachment":[{"href":"https:\/\/www.infokuryr.cz\/n\/wp-json\/wp\/v2\/media?parent=21554"}],"wp:term":[{"taxonomy":"category","embeddable":true,"href":"https:\/\/www.infokuryr.cz\/n\/wp-json\/wp\/v2\/categories?post=21554"},{"taxonomy":"post_tag","embeddable":true,"href":"https:\/\/www.infokuryr.cz\/n\/wp-json\/wp\/v2\/tags?post=21554"}],"curies":[{"name":"wp","href":"https:\/\/api.w.org\/{rel}","templated":true}]}}