{"id":21549,"date":"2023-01-21T05:28:29","date_gmt":"2023-01-21T04:28:29","guid":{"rendered":"http:\/\/www.infokuryr.cz\/n\/?p=21549"},"modified":"2023-01-21T05:28:29","modified_gmt":"2023-01-21T04:28:29","slug":"komentare-ans-k-aktualnimu-deni-19-1-2023","status":"publish","type":"post","link":"https:\/\/www.infokuryr.cz\/n\/2023\/01\/21\/komentare-ans-k-aktualnimu-deni-19-1-2023\/","title":{"rendered":"Koment\u00e1\u0159e ANS k aktu\u00e1ln\u00edmu d\u011bn\u00ed 19.1.2023"},"content":{"rendered":"<div id=\"fb-root\"><\/div>\n<p class=\"has-black-color has-text-color\"><span style=\"font-size: 18pt;\"><strong><u>Koment\u00e1\u0159e k aktu\u00e1ln\u00edmu d\u011bn\u00ed v \u010cesk\u00e9 republice, Evrop\u011b i ve sv\u011bt\u011b<\/u><\/strong>\u00a0<\/span><\/p>\n<p><strong>T\u00e9ma:<\/strong><\/p>\n<p>1. O sv\u011btle na konci tunelu.<br \/>\n2. O ob\u010danech hlasuj\u00edc\u00edch.<br \/>\n3. O v\u00e1lce.<\/p>\n<p><strong>Host\u00e9:\u00a0<\/strong><\/p>\n<p><strong>Vladim\u00edra V\u00edtov\u00e1 \u2013 p\u0159edsedkyn\u011b ANS<\/strong><br \/>\n<strong>Ing. Ale\u0161 P\u0159ichystal \u2013 bezpe\u010dnostn\u00ed analytik<\/strong><\/p>\n<p><span style=\"font-size: 24pt;\"><strong>Z\u00e1znam po\u0159adu\u00a0<a href=\"https:\/\/www.svobodny-vysilac.cz\/2023-01-19-studio-helen-komentare-ans-k-aktualnimu-deni\/\">ZDE<\/a><\/strong><\/span><\/p>\n<p>&nbsp;<\/p>\n<p><img decoding=\"async\" loading=\"lazy\" class=\"alignnone size-medium wp-image-9908\" src=\"http:\/\/www.infokuryr.cz\/n\/wp-content\/uploads\/2022\/04\/ANS-300x169.png\" alt=\"\" width=\"300\" height=\"169\" srcset=\"https:\/\/www.infokuryr.cz\/n\/wp-content\/uploads\/2022\/04\/ANS-300x169.png 300w, https:\/\/www.infokuryr.cz\/n\/wp-content\/uploads\/2022\/04\/ANS-1024x576.png 1024w, https:\/\/www.infokuryr.cz\/n\/wp-content\/uploads\/2022\/04\/ANS-768x432.png 768w, https:\/\/www.infokuryr.cz\/n\/wp-content\/uploads\/2022\/04\/ANS.png 1180w\" sizes=\"(max-width: 300px) 100vw, 300px\" \/><\/p>\n<p>______________________________<\/p>\n<p>&nbsp;<\/p>\n<p><img decoding=\"async\" loading=\"lazy\" class=\"wp-image-19187 aligncenter\" src=\"http:\/\/www.infokuryr.cz\/n\/wp-content\/uploads\/2022\/12\/1-PRO-300x36.jpg\" alt=\"\" width=\"1258\" height=\"151\" srcset=\"https:\/\/www.infokuryr.cz\/n\/wp-content\/uploads\/2022\/12\/1-PRO-300x36.jpg 300w, https:\/\/www.infokuryr.cz\/n\/wp-content\/uploads\/2022\/12\/1-PRO.jpg 699w\" sizes=\"(max-width: 1258px) 100vw, 1258px\" \/><\/p>\n<p>&nbsp;<\/p>\n<p>&nbsp;<\/p>\n","protected":false},"excerpt":{"rendered":"<p>Koment\u00e1\u0159e k aktu\u00e1ln\u00edmu d\u011bn\u00ed v \u010cesk\u00e9 republice, Evrop\u011b i ve sv\u011bt\u011b\u00a0 T\u00e9ma: 1. O sv\u011btle&#8230;<\/p>\n","protected":false},"author":2,"featured_media":12219,"comment_status":"closed","ping_status":"closed","sticky":false,"template":"","format":"standard","meta":[],"categories":[6],"tags":[1016,2198,29],"_links":{"self":[{"href":"https:\/\/www.infokuryr.cz\/n\/wp-json\/wp\/v2\/posts\/21549"}],"collection":[{"href":"https:\/\/www.infokuryr.cz\/n\/wp-json\/wp\/v2\/posts"}],"about":[{"href":"https:\/\/www.infokuryr.cz\/n\/wp-json\/wp\/v2\/types\/post"}],"author":[{"embeddable":true,"href":"https:\/\/www.infokuryr.cz\/n\/wp-json\/wp\/v2\/users\/2"}],"replies":[{"embeddable":true,"href":"https:\/\/www.infokuryr.cz\/n\/wp-json\/wp\/v2\/comments?post=21549"}],"version-history":[{"count":0,"href":"https:\/\/www.infokuryr.cz\/n\/wp-json\/wp\/v2\/posts\/21549\/revisions"}],"wp:featuredmedia":[{"embeddable":true,"href":"https:\/\/www.infokuryr.cz\/n\/wp-json\/wp\/v2\/media\/12219"}],"wp:attachment":[{"href":"https:\/\/www.infokuryr.cz\/n\/wp-json\/wp\/v2\/media?parent=21549"}],"wp:term":[{"taxonomy":"category","embeddable":true,"href":"https:\/\/www.infokuryr.cz\/n\/wp-json\/wp\/v2\/categories?post=21549"},{"taxonomy":"post_tag","embeddable":true,"href":"https:\/\/www.infokuryr.cz\/n\/wp-json\/wp\/v2\/tags?post=21549"}],"curies":[{"name":"wp","href":"https:\/\/api.w.org\/{rel}","templated":true}]}}