{"id":21455,"date":"2023-01-20T01:02:37","date_gmt":"2023-01-20T00:02:37","guid":{"rendered":"http:\/\/www.infokuryr.cz\/n\/?p=21455"},"modified":"2023-01-19T11:21:19","modified_gmt":"2023-01-19T10:21:19","slug":"jak-francie-ztraci-svuj-vliv-v-africe","status":"publish","type":"post","link":"https:\/\/www.infokuryr.cz\/n\/2023\/01\/20\/jak-francie-ztraci-svuj-vliv-v-africe\/","title":{"rendered":"Jak Francie ztr\u00e1c\u00ed sv\u016fj vliv v Africe"},"content":{"rendered":"<div id=\"fb-root\"><\/div>\n<p><span style=\"font-size: 18pt;\"><strong>Francie st\u00e1le vid\u00ed sv\u00e9 b\u00fdval\u00e9 kolonie v Africe jako sf\u00e9ru sv\u00e9ho vlivu, ale sv\u016fj vliv tam rychle ztr\u00e1c\u00ed<\/strong><\/span><\/p>\n<p><span>Afrika je v sou\u010dasnosti mnohem d\u016fle\u017eit\u011bj\u0161\u00ed, ne\u017e n\u00e1m m\u00e9dia \u0159\u00edkaj\u00ed.\u00a0V Africe je mo\u017en\u00e1 kl\u00ed\u010d k v\u00edt\u011bzstv\u00ed v geopolitick\u00e9 bitv\u011b syst\u00e9m\u016f mezi Z\u00e1padem na jedn\u00e9 stran\u011b a Ruskem a \u010c\u00ednou na stran\u011b druh\u00e9.\u00a0D\u016fvodem je, \u017ee Afrika byla dosud neutr\u00e1ln\u00ed, ale s p\u0159\u00edrodn\u00edmi zdroji a rozv\u00edjej\u00edc\u00edmi se trhy by mohla b\u00fdt v budoucnu kl\u00ed\u010dov\u00e1.\u00a0Bez Afriky nebude moci zv\u00edt\u011bzit ani jedna strana, pokud se bitva mezi syst\u00e9my prot\u00e1hne dlouho.<\/span><\/p>\n<h3><span style=\"font-size: 18pt;\">Afrika v centru pozornosti<\/span><\/h3>\n<p><span>O tom, \u017ee se Afrika p\u0159esouv\u00e1 do geopolitick\u00e9ho ohniska, sv\u011bd\u010d\u00ed i to, \u017ee americk\u00fd prezident Biden pozval v prosinci poprv\u00e9 od roku 2014 na africk\u00fd summit, na kter\u00e9m tak\u00e9\u00a0<\/span><a href=\"https:\/\/www.tagesschau.de\/ausland\/afrika\/afrika-usa-entwicklungshilfe-101.html\" target=\"_blank\" rel=\"noreferrer noopener\"><span>Africe p\u0159isl\u00edbil 55 miliard<\/span><\/a><span>\u00a0.\u00a0Reakce v Africe v\u0161ak byly extr\u00e9mn\u011b opatrn\u00e9, proto\u017ee africk\u00e9 st\u00e1ty si jsou ze sv\u00e9 koloni\u00e1ln\u00ed zku\u0161enosti dob\u0159e v\u011bdomy, \u017ee Z\u00e1pad v\u017edy chyt\u00ed Afriku do pasti, kdy\u017e od Afriky n\u011bco chce, ale jinak ji zavrhne jako \u201et\u0159et\u00ed sv\u011bt\u201c a nech\u00e1 za sebou.<\/span><\/p>\n<p><span>Jin\u00e9 je to s \u010c\u00ednou a Ruskem, proto\u017ee ob\u011b zem\u011b, kter\u00e9 podporovaly Afriku po jej\u00edm osvobozen\u00ed z koloni\u00e1ln\u00edho otroctv\u00ed, roz\u0161i\u0159uj\u00ed v Africe sv\u016fj ekonomick\u00fd a politick\u00fd vliv a jsou tam v\u00edt\u00e1ny.<\/span><\/p>\n<p><span>K sankc\u00edm proti Rusku se p\u0159ipojilo jen asi 50 z\u00e1padn\u00edch zem\u00ed, zbyl\u00fdch 140 zem\u00ed sv\u011bta s Ruskem nad\u00e1le norm\u00e1ln\u011b spolupracuje.\u00a0Ke zd\u011b\u0161en\u00ed USA se k protirusk\u00e9 politice Z\u00e1padu nep\u0159ipojily ani arabsk\u00e9 zem\u011b.<\/span><\/p>\n<p><span>Z toho je jasn\u00e9, pro\u010d Biden po\u0159\u00e1dal africk\u00fd summit u\u017e te\u010f: cht\u011bl povzbudit africk\u00e9 zem\u011b, aby se p\u0159ipojily k protirusk\u00e9 politice.\u00a0Skute\u010dnost, \u017ee tak neu\u010dinila ani jedna africk\u00e1 zem\u011b, je jasnou zn\u00e1mkou \u201e\u00fasp\u011bchu\u201c Bidenova pokusu.<\/span><\/p>\n<h3><span style=\"font-size: 18pt;\">St\u00edny koloni\u00e1ln\u00ed minulosti<\/span><\/h3>\n<p><span>Ka\u017ed\u00e1 zem\u011b a ka\u017ed\u00fd n\u00e1rod je utv\u00e1\u0159en svou histori\u00ed, i kdy\u017e si to lid\u00e9 sotva uv\u011bdomuj\u00ed.\u00a0Britov\u00e9 se st\u00e1le n\u011bjak\u00fdm zp\u016fsobem pova\u017euj\u00ed za imp\u00e9rium, i kdy\u017e nyn\u00ed maj\u00ed probl\u00e9my udr\u017eet sv\u016fj vlastn\u00ed st\u00e1t pohromad\u011b, viz nap\u0159\u00edklad boj Skotska za nez\u00e1vislost.<\/span><\/p>\n<p><span>Afri\u010dan\u00e9 jsou formov\u00e1ni svou koloni\u00e1ln\u00ed histori\u00ed, ve kter\u00e9 byli vyko\u0159is\u0165ov\u00e1ni a zotro\u010deni Z\u00e1padem.\u00a0Je zde tedy zako\u0159en\u011bn\u00e1 ned\u016fv\u011bra v\u016f\u010di slib\u016fm ze Z\u00e1padu.\u00a0To jste tam za\u017eili.<\/span><\/p>\n<p><span>Africk\u00e9 st\u00e1ty v\u0161ak byly dosud slab\u00e9 a skute\u010dn\u011b se nedok\u00e1zaly vymanit z kolonizace, kter\u00e1 pokra\u010duje i dnes, kdy z\u00e1padn\u00ed spole\u010dnosti t\u011b\u017e\u00ed v Africe ropu, zlato, uran a v\u0161echny dal\u0161\u00ed nerostn\u00e9 zdroje.\u00a0Z\u00e1padn\u00ed korporace si p\u0159ivlast\u0148uj\u00ed lv\u00ed pod\u00edl, zat\u00edmco africk\u00e9 zem\u011b jsou odcizeny zlomkem hodnoty jejich vlastn\u00edch p\u0159\u00edrodn\u00edch zdroj\u016f.\u00a0Existuje dokonce odborn\u00fd term\u00edn pro toto pokra\u010dov\u00e1n\u00ed koloni\u00e1ln\u00ed \u00e9ry jin\u00fdmi prost\u0159edky: Dohoda o sd\u00edlen\u00ed v\u00fdroby (PSA).<\/span><\/p>\n<p><span>Africk\u00e9 st\u00e1ty proto velmi pozorn\u011b sleduj\u00ed boj Z\u00e1padu proti Rusku, proto\u017ee pokud bude Rusko \u00fasp\u011b\u0161n\u00e9, mnoho africk\u00fdch st\u00e1t\u016f by m\u011blo naj\u00edt odvahu se tak\u00e9 vzbou\u0159it proti z\u00e1padn\u00edmu vyko\u0159is\u0165ov\u00e1n\u00ed.\u00a0Ve skute\u010dnosti tento proces ji\u017e za\u010dal.<\/span><\/p>\n<h3><span style=\"font-size: 18pt;\">Francouzsk\u00e1 sf\u00e9ra vlivu se zmen\u0161uje<\/span><\/h3>\n<p><span>V\u0161ichni si pamatujeme zpr\u00e1vy, \u017ee Mali ned\u00e1vno vyhodilo francouzsk\u00e9 jednotky ze zem\u011b.\u00a0\u0160lo o ud\u00e1lost, kter\u00e1 nem\u00e1 v novodob\u00e9 historii obdoby.\u00a0A nebyl jedin\u00fd sv\u00e9ho druhu.<\/span><\/p>\n<p><span>T\u00e9m\u011b\u0159 sou\u010dasn\u011b, na konci listopadu 2022, Mali tak\u00e9\u00a0<\/span><a href=\"https:\/\/www.trtworld.com\/africa\/mali-bans-french-backed-ngos-activities-govt-62774\" target=\"_blank\" rel=\"noreferrer noopener\"><span>vyhnali francouzsk\u00e9 nadace (NGO) ze zem\u011b,<\/span><\/a><span>\u00a0proto\u017ee Mali u\u017e dost francouzsk\u00fdch sil sna\u017e\u00edc\u00edch se proniknout do jeho dom\u00e1c\u00ed politiky a ovlivnit ve\u0159ejn\u00e9 m\u00edn\u011bn\u00ed v Mali.\u00a0Nen\u00ed divu, \u017ee Francie tak\u00e9 nedovolila nevl\u00e1dn\u00edm organizac\u00edm z Mali uplat\u0148ovat masivn\u00ed vliv na francouzskou dom\u00e1c\u00ed politiku.<\/span><\/p>\n<p><span>Incident ukazuje, \u017ee africk\u00e9 zem\u011b se st\u00e1vaj\u00ed sebev\u011bdom\u011bj\u0161\u00edmi, proto\u017ee tento p\u0159\u00edklad povzbudil dal\u0161\u00ed zem\u011b.\u00a0Zubo\u017een\u00e1 b\u00fdval\u00e1 francouzsk\u00e1 kolonie Burkina Faso se p\u0159ipojila k Mali a za\u010d\u00e1tkem prosince tak\u00e9\u00a0<\/span><a href=\"https:\/\/tass.ru\/mezhdunarodnaya-panorama\/16494923\" target=\"_blank\" rel=\"noreferrer noopener\"><span>zak\u00e1zala \u010dinnost francouzsk\u00fdch nevl\u00e1dn\u00edch organizac\u00ed<\/span><\/a><span>\u00a0.<\/span><\/p>\n<p><span>Rychlou ztr\u00e1tu francouzsk\u00e9ho vlivu lze jen st\u011b\u017e\u00ed uk\u00e1zat jasn\u011bji.<\/span><\/p>\n<h3><span style=\"font-size: 18pt;\">Mohou za to Rusov\u00e9<\/span><\/h3>\n<p><span>O t\u00e9to ztr\u00e1t\u011b francouzsk\u00e9ho \u2013 a t\u00edm i z\u00e1padn\u00edho \u2013 vlivu v Africe se v z\u00e1padn\u00edch m\u00e9di\u00edch t\u00e9m\u011b\u0159 nep\u00ed\u0161e.\u00a0Kdy\u017e o tom informuj\u00ed z\u00e1padn\u00ed m\u00e9dia, je v nejlep\u0161\u00edm p\u0159\u00edpad\u011b, \u017ee za v\u0161echno mohou samoz\u0159ejm\u011b Rusov\u00e9, proto\u017ee jak Mali, tak Burkina Faso se obracej\u00ed na Rusko a pou\u0161t\u011bj\u00ed do sv\u00fdch zem\u00ed ruskou soukromou vojenskou spole\u010dnost Wagner, aby \u0159\u00eddila sv\u00e9 vlastn\u00ed bezpe\u010dnostn\u00ed s\u00edly. m\u00edsto Francouz\u016f cvi\u010dit a pom\u00e1hat jim v boji proti islamistick\u00fdm rebel\u016fm.<\/span><\/p>\n<p><span>N\u011bmeck\u00e1 m\u00e9dia ve sv\u00fdch \u010dl\u00e1nc\u00edch nezmi\u0148uj\u00ed geopolitick\u00fd aspekt ud\u00e1lost\u00ed, m\u00edsto toho d\u00e9monizuj\u00ed ruskou spole\u010dnost Wagner, ale to u\u017e m\u00e9n\u011b kv\u016fli \u00fadajn\u00fdm zlo\u010din\u016fm, kter\u00fdch se Wagner podle z\u00e1padn\u00edch m\u00e9di\u00ed \u00fadajn\u011b dopou\u0161t\u00ed (ostatn\u011b d\u016fkazy nebyly nikdy p\u0159edlo\u017eeny) ale proto\u017ee ten Wagner evidentn\u011b odv\u00e1d\u00ed dobrou pr\u00e1ci a zem\u011b se proto od Ruska a Z\u00e1padu odvracej\u00ed.<\/span><\/p>\n<h3><span style=\"font-size: 18pt;\">Zru\u0161te kulturu pouze v p\u0159\u00edpad\u011b, \u017ee nem\u00e1 \u017e\u00e1dn\u00fd \u00fa\u010dinek<\/span><\/h3>\n<p><span>Na tomto pozad\u00ed je zaj\u00edmav\u00e1 aktu\u00e1ln\u00ed zpr\u00e1va, proto\u017ee v posledn\u00edch letech jsme v\u0161ichni za\u017eili, jak se na Z\u00e1pad\u011b v pr\u016fb\u011bhu kultury zru\u0161en\u00ed \u201ezru\u0161ily d\u011bjiny\u201c, pomn\u00edky b\u00fdval\u00fdch n\u00e1rodn\u00edch hrdin\u016f se najednou rozebraly a obr\u00e1zky odstran\u011bny v muze\u00edch, proto\u017ee b\u00fdval\u00ed n\u00e1rodn\u00ed hrdinov\u00e9 byli zapojeni do kolonizace, nebo obr\u00e1zky v muze\u00edch ukazuj\u00ed motivy, kter\u00e9 jsou z dne\u0161n\u00edho pohledu rasistick\u00e9 a poni\u017euj\u00edc\u00ed \u010dernochy.<\/span><\/p>\n<p><span>Tato tendence se zmocnila i z\u00e1padn\u00edch vl\u00e1d, kter\u00e9 tuto n\u00e1ladu podle sv\u00fdch nejlep\u0161\u00edch schopnost\u00ed podn\u011bcuj\u00ed t\u00edm, \u017ee plat\u00ed politicky korektn\u00ed slova.\u00a0Alespo\u0148 pokud to nebude m\u00edt \u017e\u00e1dn\u00e9 konkr\u00e9tn\u00ed d\u016fsledky, ale bude slou\u017eit pouze k otup\u011blosti vlastn\u00edho obyvatelstva, kter\u00e9 lze t\u011bmito hesly podn\u011bcovat k dosa\u017een\u00ed k\u00fd\u017een\u00fdch c\u00edl\u016f.<\/span><\/p>\n<p><span>Dodnes se v\u0161ak nap\u0159\u00edklad evropsk\u00e9 kr\u00e1lovsk\u00e9 rodiny v\u0161echny odm\u00edtly omluvit za koloni\u00e1ln\u00ed \u00e9ru nebo dokonce vr\u00e1tit bohatstv\u00ed ukraden\u00e9 z b\u00fdval\u00fdch koloni\u00ed.\u00a0To ukazuje, jak l\u017eiv\u00e1 je debata o zru\u0161en\u00ed kultury a souvisej\u00edc\u00ed obrazoborectv\u00ed.\u00a0To m\u00e1 pouze zam\u011bstnat \u201ehloup\u00e9 lidi\u201c, ale kdy\u017e se to zabetonuje, nic se ned\u011bje.<\/span><\/p>\n<p><span>Nyn\u00ed by se dalo nam\u00edtnout, \u017ee kr\u00e1lovsk\u00e9 rodiny jsou konzervativn\u00ed a nevolen\u00e9, a proto jim tyto procesy trvaj\u00ed trochu d\u00e9le.\u00a0Zvolen\u00ed politi\u010dt\u00ed v\u016fdci na Z\u00e1pad\u011b jsou naproti tomu politicky korektn\u00ed a to, co \u0159\u00edkaj\u00ed slovy, podporuj\u00ed samoz\u0159ejm\u011b i \u010diny.<\/span><\/p>\n<p><span>Ani to v\u0161ak nen\u00ed pravda, jak ukazuje p\u0159\u00edklad francouzsk\u00e9ho prezidenta Macrona.\u00a0B\u00fdval\u00e1 francouzsk\u00e1 kolonie Al\u017e\u00edrsko po\u017eaduje od Francie omluvu za koloni\u00e1ln\u00ed \u00e9ru a zlo\u010diny sp\u00e1chan\u00e9 v t\u00e9 dob\u011b.\u00a0Ostatn\u011b jako jedna z m\u00e1la africk\u00fdch zem\u00ed si Al\u017e\u00edrsko muselo vybojovat nez\u00e1vislost na sv\u00e9 koloni\u00e1ln\u00ed mocnosti Francii ve velmi krvav\u00e9 v\u00e1lce.<\/span><\/p>\n<p><span>A jak Macron reagoval?\u00a0<\/span><a href=\"https:\/\/deutsch.rt.com\/afrika\/159629-macron-verweigert-entschuldigung-fuer-kolonialisierung\/\" target=\"_blank\" rel=\"noreferrer noopener\"><span>On odpov\u011bd\u011bl<\/span><\/a><span> :\u00a0<\/span><em><strong>\u201eNebudu se omlouvat.\u00a0Nemus\u00edm se omlouvat.&#8220;<\/strong><\/em><\/p>\n<p><span>To bylo sly\u0161et velmi opatrn\u011b v cel\u00e9 Africe &#8211; a zejm\u00e9na v b\u00fdval\u00fdch francouzsk\u00fdch koloni\u00edch &#8211; co\u017e sotva zv\u00fd\u0161ilo popularitu Francie.\u00a0Nepomohlo ani to, \u017ee Macron potom verb\u00e1ln\u011b \u0159ekl, \u017ee \u201e\u00a0<\/span><em><span>ve vztahu mezi zem\u011bmi je n\u011bco nevysloviteln\u00e9ho, \u200b\u200bn\u011bco neodpustiteln\u00e9ho<\/span><\/em><span>\u00a0\u201c, ale p\u0159esto se odm\u00edtl omluvit.<\/span><\/p>\n<p><span>V Africe jsou v sou\u010dasn\u00e9 dob\u011b kroky Z\u00e1padu velmi pe\u010dliv\u011b sledov\u00e1ny a m\u016f\u017eeme b\u00fdt zv\u011bdav\u00ed, jak se tam vztahy se Z\u00e1padem budou d\u00e1le vyv\u00edjet.<\/span><\/p>\n<p><a href=\"https:\/\/www.anti-spiegel.ru\/2023\/wie-frankreich-seinen-einfluss-in-afrika-verliert\/\">Thomas R\u00f6per<\/a><\/p>\n<p>&nbsp;<\/p>\n<p><img decoding=\"async\" loading=\"lazy\" class=\"wp-image-19187 aligncenter\" src=\"http:\/\/www.infokuryr.cz\/n\/wp-content\/uploads\/2022\/12\/1-PRO-300x36.jpg\" alt=\"\" width=\"1275\" height=\"153\" srcset=\"https:\/\/www.infokuryr.cz\/n\/wp-content\/uploads\/2022\/12\/1-PRO-300x36.jpg 300w, https:\/\/www.infokuryr.cz\/n\/wp-content\/uploads\/2022\/12\/1-PRO.jpg 699w\" sizes=\"(max-width: 1275px) 100vw, 1275px\" \/><\/p>\n<p>&nbsp;<\/p>\n","protected":false},"excerpt":{"rendered":"<p>Francie st\u00e1le vid\u00ed sv\u00e9 b\u00fdval\u00e9 kolonie v Africe jako sf\u00e9ru sv\u00e9ho vlivu, ale sv\u016fj vliv&#8230;<\/p>\n","protected":false},"author":2,"featured_media":1090,"comment_status":"closed","ping_status":"closed","sticky":false,"template":"","format":"standard","meta":[],"categories":[7],"tags":[1271,1042,130,2181],"_links":{"self":[{"href":"https:\/\/www.infokuryr.cz\/n\/wp-json\/wp\/v2\/posts\/21455"}],"collection":[{"href":"https:\/\/www.infokuryr.cz\/n\/wp-json\/wp\/v2\/posts"}],"about":[{"href":"https:\/\/www.infokuryr.cz\/n\/wp-json\/wp\/v2\/types\/post"}],"author":[{"embeddable":true,"href":"https:\/\/www.infokuryr.cz\/n\/wp-json\/wp\/v2\/users\/2"}],"replies":[{"embeddable":true,"href":"https:\/\/www.infokuryr.cz\/n\/wp-json\/wp\/v2\/comments?post=21455"}],"version-history":[{"count":0,"href":"https:\/\/www.infokuryr.cz\/n\/wp-json\/wp\/v2\/posts\/21455\/revisions"}],"wp:featuredmedia":[{"embeddable":true,"href":"https:\/\/www.infokuryr.cz\/n\/wp-json\/wp\/v2\/media\/1090"}],"wp:attachment":[{"href":"https:\/\/www.infokuryr.cz\/n\/wp-json\/wp\/v2\/media?parent=21455"}],"wp:term":[{"taxonomy":"category","embeddable":true,"href":"https:\/\/www.infokuryr.cz\/n\/wp-json\/wp\/v2\/categories?post=21455"},{"taxonomy":"post_tag","embeddable":true,"href":"https:\/\/www.infokuryr.cz\/n\/wp-json\/wp\/v2\/tags?post=21455"}],"curies":[{"name":"wp","href":"https:\/\/api.w.org\/{rel}","templated":true}]}}