{"id":21439,"date":"2023-01-19T05:25:31","date_gmt":"2023-01-19T04:25:31","guid":{"rendered":"http:\/\/www.infokuryr.cz\/n\/?p=21439"},"modified":"2023-01-19T05:25:31","modified_gmt":"2023-01-19T04:25:31","slug":"ozbrojene-sily-ukrajiny-prozrazuji-v-eteru-pozice-polskych-zoldaku","status":"publish","type":"post","link":"https:\/\/www.infokuryr.cz\/n\/2023\/01\/19\/ozbrojene-sily-ukrajiny-prozrazuji-v-eteru-pozice-polskych-zoldaku\/","title":{"rendered":"Ozbrojen\u00e9 s\u00edly Ukrajiny prozrazuj\u00ed v \u00e9teru pozice polsk\u00fdch \u017eold\u00e1k\u016f"},"content":{"rendered":"<div id=\"fb-root\"><\/div>\n<p><strong>Ru\u0161t\u00ed voj\u00e1ci dok\u00e1zali zasazovat p\u0159esn\u00e9 d\u011blost\u0159eleck\u00e9 \u00fadery na polsk\u00e9 \u017eold\u00e1ky v Soledaru kv\u016fli po\u010d\u00edn\u00e1n\u00ed voj\u00e1k\u016f OS Ukrajiny, ozn\u00e1mil Sputniku poradce z\u00e1stupce vedouc\u00edho p\u0159edstavitele DLR Jan Gagin.<\/strong><\/p>\n<p>\u201ePolsko vyv\u00edj\u00ed na N\u011bmecko n\u00e1tlak za \u00fa\u010delem poskytnut\u00ed Ukrajin\u011b tank\u016f, a to n\u00e1s bav\u00ed vzhledem k re\u00e1ln\u00fdm vztah\u016fm mezi Ukrajinci a Pol\u00e1ky na boji\u0161ti. Dokonce i v Soledaru do\u0161lo k velk\u00fdm ztr\u00e1t\u00e1m polsk\u00e9ho kontingentu mj. i kv\u016fli voj\u00e1k\u016fm OS Ukrajiny, kte\u0159\u00ed bezosty\u0161n\u011b posuzovali v \u00e9teru m\u00edsta, kde pracuj\u00ed jejich zahrani\u010dn\u00ed kolegov\u00e9,\u201c \u0159ekl.<\/p>\n<p>Podle slov Gagina v ukrajinsk\u00fdch vojsc\u00edch nemaj\u00ed Pol\u00e1ky r\u00e1di. OS Ukrajiny je pravideln\u011b pos\u00edlaj\u00ed m\u00edsto sv\u00fdch voj\u00e1k\u016f na nebezpe\u010dn\u00e9 \u00faseky fronty a chovaj\u00ed se k nim sp\u00ed\u0161e jako k \u201enep\u0159\u00edjemn\u00fdm souputn\u00edk\u016fm\u201c.<\/p>\n<p>\u201eCo\u017e n\u00e1s tak\u00e9 bav\u00ed, proto\u017ee c\u00edle maj\u00ed z\u0159ejm\u011b r\u016fzn\u00e9. Ukrajina chce jakousi nez\u00e1vislost, Polsko chce ukousnout z\u00e1padn\u00ed \u010d\u00e1st Ukrajiny. Nikdo nezapomenul na Voly\u0148sk\u00fd masakr, na zku\u0161enosti z mnohalet\u00e9 vz\u00e1jemn\u00e9 genocidy, a to v\u0161echno dohromady p\u0159ipom\u00edn\u00e1 skute\u010dnou schizofrenii,\u201c dodal spolubesedn\u00edk agentury.<\/p>\n<p><img decoding=\"async\" loading=\"lazy\" class=\"alignnone size-full wp-image-1185\" src=\"http:\/\/www.infokuryr.cz\/n\/wp-content\/uploads\/2021\/04\/kuryr-podpis.png\" alt=\"\" width=\"84\" height=\"24\" \/><\/p>\n<p>&nbsp;<\/p>\n<p><img decoding=\"async\" loading=\"lazy\" class=\"wp-image-19187 aligncenter\" src=\"http:\/\/www.infokuryr.cz\/n\/wp-content\/uploads\/2022\/12\/1-PRO-300x36.jpg\" alt=\"\" width=\"1242\" height=\"149\" srcset=\"https:\/\/www.infokuryr.cz\/n\/wp-content\/uploads\/2022\/12\/1-PRO-300x36.jpg 300w, https:\/\/www.infokuryr.cz\/n\/wp-content\/uploads\/2022\/12\/1-PRO.jpg 699w\" sizes=\"(max-width: 1242px) 100vw, 1242px\" \/><\/p>\n<p>&nbsp;<\/p>\n<p>&nbsp;<\/p>\n","protected":false},"excerpt":{"rendered":"<p>Ru\u0161t\u00ed voj\u00e1ci dok\u00e1zali zasazovat p\u0159esn\u00e9 d\u011blost\u0159eleck\u00e9 \u00fadery na polsk\u00e9 \u017eold\u00e1ky v Soledaru kv\u016fli po\u010d\u00edn\u00e1n\u00ed voj\u00e1k\u016f&#8230;<\/p>\n","protected":false},"author":2,"featured_media":8196,"comment_status":"closed","ping_status":"closed","sticky":false,"template":"","format":"standard","meta":[],"categories":[7],"tags":[80,31,26,1870],"_links":{"self":[{"href":"https:\/\/www.infokuryr.cz\/n\/wp-json\/wp\/v2\/posts\/21439"}],"collection":[{"href":"https:\/\/www.infokuryr.cz\/n\/wp-json\/wp\/v2\/posts"}],"about":[{"href":"https:\/\/www.infokuryr.cz\/n\/wp-json\/wp\/v2\/types\/post"}],"author":[{"embeddable":true,"href":"https:\/\/www.infokuryr.cz\/n\/wp-json\/wp\/v2\/users\/2"}],"replies":[{"embeddable":true,"href":"https:\/\/www.infokuryr.cz\/n\/wp-json\/wp\/v2\/comments?post=21439"}],"version-history":[{"count":0,"href":"https:\/\/www.infokuryr.cz\/n\/wp-json\/wp\/v2\/posts\/21439\/revisions"}],"wp:featuredmedia":[{"embeddable":true,"href":"https:\/\/www.infokuryr.cz\/n\/wp-json\/wp\/v2\/media\/8196"}],"wp:attachment":[{"href":"https:\/\/www.infokuryr.cz\/n\/wp-json\/wp\/v2\/media?parent=21439"}],"wp:term":[{"taxonomy":"category","embeddable":true,"href":"https:\/\/www.infokuryr.cz\/n\/wp-json\/wp\/v2\/categories?post=21439"},{"taxonomy":"post_tag","embeddable":true,"href":"https:\/\/www.infokuryr.cz\/n\/wp-json\/wp\/v2\/tags?post=21439"}],"curies":[{"name":"wp","href":"https:\/\/api.w.org\/{rel}","templated":true}]}}