{"id":21431,"date":"2023-01-19T05:00:17","date_gmt":"2023-01-19T04:00:17","guid":{"rendered":"http:\/\/www.infokuryr.cz\/n\/?p=21431"},"modified":"2023-01-19T05:00:17","modified_gmt":"2023-01-19T04:00:17","slug":"petr-sak-poklesla-mravni-a-intelektova-uroven-prazaku-a-brnaku","status":"publish","type":"post","link":"https:\/\/www.infokuryr.cz\/n\/2023\/01\/19\/petr-sak-poklesla-mravni-a-intelektova-uroven-prazaku-a-brnaku\/","title":{"rendered":"Petr Sak: Poklesl\u00e1 mravn\u00ed a intelektov\u00e1 \u00farove\u0148 Pra\u017e\u00e1k\u016f a Br\u0148\u00e1k\u016f"},"content":{"rendered":"<div id=\"fb-root\"><\/div>\n<p><strong>Ob\u010das ve spole\u010dnosti prob\u011bhnou procesy, dojde ke spole\u010densk\u00e9 ud\u00e1losti, kter\u00e1 m\u00e1 vysokou sociologickou vypov\u00eddac\u00ed hodnotu. Sociologick\u00fd analytick\u00fd vhled do ud\u00e1losti m\u016f\u017ee vypov\u011bd\u011bt v\u00edce ne\u017e sociologick\u00fd v\u00fdzkum. K\u00a0takov\u00e9 ud\u00e1losti s\u00a0vysokou sociologickou vypov\u00eddac\u00ed hodnotou do\u0161lo v\u00a0prv\u00e9m kole presidentsk\u00e9 volby.<\/strong><\/p>\n<p>Nem\u00e1m t\u00edm na mysli propastn\u00fd rozd\u00edl ve v\u00fdzkumn\u00fdch preferenc\u00edch a\u00a0v\u00a0re\u00e1ln\u00e9 volb\u011b Danu\u0161e Nerudov\u00e9. Rozd\u00edl mezi 25\u00a0% a\u00a014\u00a0% nelze korektn\u011b sociologicky vysv\u011btlit. \u00a0Z\u0159ejm\u011b budou m\u00edt pravdu koment\u00e1to\u0159i, kte\u0159\u00ed ji\u017e p\u0159ed volbami mluvili o\u00a0cinknut\u00fdch v\u00fdzkumech.<\/p>\n<p>J\u00e1 s\u00e1m jsem pova\u017eoval v\u00edt\u011bzstv\u00ed D. Nerudov\u00e9 za pravd\u011bpodobn\u00e9 vzhledem k\u00a0trendu glob\u00e1ln\u00ed elity nasazovat do funkc\u00ed \u017eeny. Politick\u00fd z\u00e1jem za oponou o\u00a0v\u00edt\u011bzstv\u00ed D. Nerudov\u00e9 byl z\u0159eteln\u00fd. Pro\u010d na rozd\u00edl od Zuzany \u010caputov\u00e9 neusp\u011bla?\u00a0 P\u0159\u00ed\u010dinu vid\u00edm v\u00a0chybn\u00e9 anal\u00fdze osobnosti D. Nerudov\u00e9 a\u00a0z\u00a0toho chybn\u011b vytvo\u0159en\u00e9 taktice ve volebn\u00ed kampani. P\u0159i\u00a0volebn\u00ed kampani Zuzany \u010caputov\u00e9 \u0161lo p\u0159edev\u0161\u00edm o\u00a0\u201eprod\u00e1v\u00e1n\u00ed\u201c jej\u00edho obrazu. Byla to vizu\u00e1ln\u00ed kampa\u0148. Tak\u00e9 od stoupenc\u016f Zuzany \u010caputov\u00e9 sly\u0161\u00edm, \u017ee dob\u0159e vypad\u00e1 a\u00a0je lidsk\u00e1, ale nesly\u0161el jsem citovat jedinou jej\u00ed my\u0161lenku.<\/p>\n<p>V\u00a0p\u0159\u00edpad\u011b D. Nerudov\u00e9 tv\u016frci jej\u00ed kampan\u011b z\u0159ejm\u011b vyvodili z\u00a0jej\u00ed akademick\u00e9 kari\u00e9ry, z\u00a0jej\u00ed profesury a\u00a0funkce rektorky chybn\u00e9 z\u00e1v\u011bry o\u00a0jej\u00ed vzd\u011blanosti a\u00a0inteligenci. Kampa\u0148 postavili na jej\u00edm vystupov\u00e1n\u00ed v\u00a0debat\u00e1ch a\u00a0rozhovorech. A\u00a0to D. Nerudov\u00e9 volby prohr\u00e1lo. Sta\u010dilo ji nechat mluvit, a\u00a0ona sama sob\u011b byla nejv\u011bt\u0161\u00edm \u0161k\u016fdcem. Ona dokonce zpochybnila, zda je v\u016fbec vysoko\u0161kolsk\u00e1 u\u010ditelka. V\u00a0reakci na v\u00fdrok V. Klause vyslovila n\u00e1zor, \u017ee za n\u011bkter\u00e9 jeho postoje by mu z\u00e1po\u010det nedala. Ka\u017ed\u00fd vysoko\u0161kolsk\u00fd u\u010ditel v\u00ed, \u017ee z\u00e1po\u010dty a\u00a0zkou\u0161ky se ned\u00e1vaj\u00ed za postoje. Nebo je tomu na jej\u00ed univerzit\u011b jinak? P\u0159i\u00a0obhajob\u011b rychlotitul\u016f za 25 tis\u00edc euro prohl\u00e1sila, \u017ee i\u00a0kdy\u017e byla \u0161kolitelkou, nepsala hodnocen\u00ed pr\u00e1ce. Vedouc\u00ed \u010di\u00a0\u0161kolitel v\u00ed, \u017ee na bakal\u00e1\u0159skou, diplomovou \u010di\u00a0doktorskou pr\u00e1ci hodnocen\u00ed (posudek) p\u00ed\u0161e.<\/p>\n<p>V\u00a0po\u010d\u00e1tc\u00edch kampan\u011b podporovali D. Nerudovou mlad\u00ed lid\u00e9, proto\u017ee jsou podobn\u011b nevzd\u011blan\u00ed, a\u00a0tud\u00ed\u017e jim nevzd\u011blanost nevad\u00ed. V\u00a0kampani se v\u0161ak projevy nevzd\u011blanosti kumulovali, a\u017e to bylo i\u00a0na mladou generaci p\u0159\u00edli\u0161. Prezident, kter\u00fd nezn\u00e1 \u010capkovo drama \u201eMatka\u201c, pro to snad ji\u017e nen\u00ed ani slovo. Proto m\u00e9 studentky, kter\u00e9 p\u0159ed m\u011bs\u00edcem byly horliv\u00e9 p\u0159\u00edvr\u017eenkyn\u011b D. Nerudov\u00e9 se v\u00a0t\u00fddnu p\u0159ed volbami od n\u00ed znechucen\u011b distancovaly.<\/p>\n<p>Stejnou chybu neud\u011blal Petr Pavel a\u00a0t\u00e9m\u011b\u0159 geni\u00e1ln\u011b kampa\u0148 pojal jako svou prezentaci vizualizac\u00ed\u00a0 (nebo je sp\u00ed\u0161e za touto vizualizac\u00ed jeho volebn\u00ed t\u00fdm). Manek\u00fdn, kter\u00fd sv\u00fdm vzhledem dopln\u00ed monument\u00e1ln\u00ed Pra\u017esk\u00fd hrad. V\u00a0debat\u00e1ch proto mluvil minim\u00e1ln\u011b a\u00a0d\u011blal dob\u0159e, pokud promluvil, chyb\u011bl tomu kontext a\u00a0hloubka. \u0160lo o\u00a0tvrd\u00e9 kostrbat\u00e9 fr\u00e1ze a\u00a0za celou kampa\u0148 jsem od n\u011bho nesly\u0161el jedinou my\u0161lenku. Lidov\u011b se tomu \u0159\u00edk\u00e1 \u201ezelen\u00fd mozek\u201c. Ji\u017e p\u0159ed prvn\u00edm kolem voleb jsme mohli sledovat u\u00a0volebn\u00edho t\u00fdmu a\u00a0m\u00e9di\u00ed snahu vytvo\u0159it simulakrum Petra Pavla a\u00a0po\u00a0vyhl\u00e1\u0161en\u00ed v\u00fdsledku tato snaha nabrala na s\u00edle. M\u016f\u017ee n\u00e1m to z\u00a0minulosti p\u0159ipom\u00ednat \u00fasp\u011b\u0161n\u00e9 vytvo\u0159en\u00ed simulakrum V\u00e1clava Havla.<\/p>\n<p>Ji\u017e v\u00a0\u010dl\u00e1nku p\u0159ed volbami jsem odkr\u00fdval absurditu preferenc\u00ed Petra Pavla.\u00a0<em>\u201eKandidatura a\u00a0volebn\u00ed preference gen. Pavla odkr\u00fdvaj\u00ed nov\u00e9 z\u00e1kout\u00ed \u010desk\u00e9 du\u0161e. \u010cesk\u00e1 m\u00e9dia v\u00edce ne\u017e t\u0159icet let vybi\u010dov\u00e1vaj\u00ed ve spole\u010dnosti hysterickou antikomunistickou atmosf\u00e9ru, jej\u00edm\u017e heslem na praporu je: \u201eneexistuje b\u00fdval\u00fd komunista, to je stejn\u00e9 jako b\u00fdval\u00fd \u010dernoch\u201c. Tud\u00ed\u017e Pavel, nejen b\u00fdval\u00fd komunista, ale tak\u00e9 funkcion\u00e1\u0159 KS\u010c, absolvent komunistick\u00e9 vojensk\u00e9 \u0161koly, d\u016fstojn\u00edk komunistick\u00e9 arm\u00e1dy, a\u00a0p\u0159\u00edslu\u0161n\u00edk komunistick\u00e9 vojensk\u00e9 rozv\u011bdky, p\u0159ipravovan\u00fd na vysazen\u00ed do t\u00fdlu NATO by nem\u011bl m\u00edt u\u00a0pravicov\u00e9 antikomunistick\u00e9 ve\u0159ejnosti \u0161anci.<\/em><\/p>\n<p><em>Druh\u00e1 \u010d\u00e1st spole\u010dnosti-levicov\u00e1, se zase t\u011b\u017eko m\u016f\u017ee vyrovnat s\u00a0anga\u017em\u00e1 Pavla ve veden\u00ed NATO, tedy s\u00a0jeho p\u016fsoben\u00edm jako sluhy nejhor\u0161\u00edch imperialistick\u00fdch struktur. Tedy ta \u010d\u00e1st spole\u010dnosti, kter\u00e1 je konzistentn\u00ed se sv\u00fdm politick\u00fdm p\u0159esv\u011bd\u010den\u00edm, a\u0165 pravicov\u00fdm antikomunistick\u00fdm \u010di\u00a0levicov\u00fdm, p\u0159\u00edpadn\u011b komunistick\u00fdm, ho nemohou<\/em><em>\u00a0volit. Kdo ho tedy preferuje \u010di\u00a0ho p\u0159\u00edpadn\u011b zvol\u00ed?\u00a0 P\u0159edev\u0161\u00edm ta \u010d\u00e1st populace, kter\u00e1 je politicky a\u00a0ideologicky nekompetentn\u00ed a\u00a0nekonzistentn\u00ed a\u00a0lid\u00e9 s\u00a0ni\u017e\u0161\u00edm IQ. A\u00a0ti ho budou volit pro jeho \u00fa\u010des, \u017ee mu to slu\u0161\u00ed, m\u00e1 hezk\u00fd oblek apod. Pokud bude zvolen, nest\u011b\u017eujme si potom. Prezidenta jsme si nechali zvolit ment\u00e1ln\u011b retardovanou \u010d\u00e1st\u00ed populace (jak si Pavel rozum\u011bl s\u00a0\u0159eporyjsk\u00fdm Pavlem Novotn\u00fdm).\u201c<\/em><\/p>\n<p>V\u00fdsledky uk\u00e1zaly, \u017ee v\u00edce ne\u017e polovina Pra\u017e\u00e1k\u016f a\u00a0Br\u0148\u00e1k\u016f Petra Pavla volilo. A\u00a0to je ta sociologicky zaj\u00edmav\u00e1 ud\u00e1lost. M\u016f\u017eete nam\u00edtnout, nevolilo ho 100\u00a0%. To je pravda, ale rozd\u00edl oproti zbytu republiky je v\u00fdrazn\u00fd a\u00a0zcela jist\u011b ud\u00e1lost p\u0159in\u00e1\u0161\u00ed zaj\u00edmavou sociologickou informaci. Pra\u017e\u00e1ci se r\u00e1di vymezuj\u00ed v\u016f\u010di venkovu s\u00a0velkou m\u00edrou nadutosti a\u00a0arogance. \u00a0Na Letn\u00e9 p\u0159i\u00a0demonstraci Milion\u016f chvilek to p\u0159edvedla Anna Geislerov\u00e1, kter\u00e1 a\u010d sama bez maturity peskovala venkov za nevzd\u011blanost. Co vypov\u00edd\u00e1 o\u00a0Pra\u017e\u00e1c\u00edch, kte\u0159\u00ed jsou antikomunist\u00e9 a\u00a0hl\u00e1saj\u00ed, \u017ee b\u00fdval\u00fd komunista je jako b\u00fdval\u00fd \u010dernoch a\u00a0vol\u00ed Petra Pavla? Jednak se jedn\u00e1 o\u00a0absenci mravn\u00ed integrity a\u00a0konzistentn\u00edho n\u00e1zoru. Tak\u00e9 se jedn\u00e1 o\u00a0intelektov\u00fd deficit. Ov\u0161em tak\u00e9 je pravdou, \u017ee Praha je pln\u00e1 n\u00e1plavy a\u00a0z\u0159ejm\u011b se jedn\u00e1 o\u00a0selekci, a\u00a0to selekci sv\u00fdm zp\u016fsobem zdeformovanou. Kdy m\u011bla Praha za prim\u00e1tora rodil\u00e9ho Pra\u017e\u00e1ka? Ve funkci se st\u0159\u00eddaj\u00ed vyselektovan\u00e9 podivn\u00e9 n\u00e1plavy.<\/p>\n<p>Pokud by u\u00a0n\u00e1s byla demokracie, jej\u00edm ohro\u017een\u00edm by byla reakce premi\u00e9ra Petra Fialy na v\u00fdsledky voleb, kter\u00fd hned po\u00a0se\u010dten\u00ed hlas\u016f \u0159ekl, \u017ee t\u00e9m\u011b\u0159 2 mil. jsou nebezpe\u010d\u00edm pro demokracii, obdivuj\u00ed populismus a\u00a0cht\u011bj\u00ed n\u00e1s zahnat do Ruska.<\/p>\n<p>Slo\u017eit\u011bj\u0161\u00ed fenom\u00e9n je utv\u00e1\u0159en\u00ed \u201enov\u00e9ho \u010dlov\u011bka\u201c. V\u00a0minulosti c\u00edrkev usilovala o\u00a0zformov\u00e1n\u00ed \u010dlov\u011bka, kter\u00fd by odpov\u00eddal hodnot\u00e1m a\u00a0norm\u00e1m Je\u017e\u00ed\u0161ova poselstv\u00ed. Socialistick\u00e1 spole\u010dnost se tak\u00e9 sna\u017eila o\u00a0vytvo\u0159en\u00ed nov\u00e9ho \u010dlov\u011bka. \u010clov\u011bk, kter\u00fd by hodnotov\u011b a\u00a0soci\u00e1ln\u00edmi normami z\u016fstal zakotven v\u00a0kapitalistick\u00e9 spole\u010dnosti, tak by znemo\u017enil zrod socialismu.<\/p>\n<p>Tak\u00e9 v\u00a0sou\u010dasnosti m\u016f\u017eeme pozorovat utv\u00e1\u0159en\u00ed nov\u00e9ho \u010dlov\u011bka. Zformovat \u201enov\u00e9ho \u010dlov\u011bka\u201c se poda\u0159ilo p\u0159edev\u0161\u00edm v\u00a0Praze. \u201eNov\u00fd \u010dlov\u011bk\u201c ji\u017e rezignuje na vlastn\u00ed my\u0161len\u00ed a\u00a0je formov\u00e1n mainstreamov\u00fdmi m\u00e9dii a\u00a0vybran\u00fdmi politiky. V\u00a0prvn\u00ed f\u00e1zi \u201enov\u00fd \u010dlov\u011bk\u201c se ztoto\u017e\u0148uje s\u00a0po\u017eadovan\u00fdm n\u00e1zorem, postojem a\u00a0chov\u00e1n\u00edm a\u00a0s\u00a0p\u0159edanou informac\u00ed se dlouhodob\u011b ztoto\u017e\u0148uje. Druh\u00e1 f\u00e1ze ji\u017e formuje dal\u0161\u00ed typ \u010dlov\u011bka. Nen\u00ed nav\u00e1z\u00e1n na m\u00e9dii zaslanou informaci, ale na zdroj informac\u00ed. Nen\u00ed konzistentn\u00ed se sv\u00fdmi n\u00e1zory, kter\u00e1 pro n\u011bho nejsou podstatn\u00e9, ale je ovl\u00e1d\u00e1n, \u0159\u00edzen mocensk\u00fdm a\u00a0medi\u00e1ln\u00edm zdrojem. N\u00e1zor si s\u00e1m nevytv\u00e1\u0159\u00ed vlastn\u00edm my\u0161len\u00edm, ale pouze p\u0159eb\u00edr\u00e1, proto pro n\u011bho nen\u00ed probl\u00e9m tento n\u00e1zor b\u011bhem kr\u00e1tk\u00e9 doby vym\u011bnit. Proto pro Pra\u017e\u00e1ky nen\u00ed probl\u00e9m antikomunistick\u00e9 postoje vym\u011bnit za kandid\u00e1ta, kter\u00fd extr\u00e9mn\u011b zosob\u0148uje person\u00e1ln\u00ed znaky komunisty. Nov\u00fd typ postr\u00e1d\u00e1 jakoukoliv n\u00e1zorovou konzistenci a\u00a0mravn\u00ed integritu. P\u0159ipom\u00edn\u00e1 v\u011btrn\u00edk anebo typ chov\u00e1n\u00ed, kter\u00e9 David Riesman p\u0159ipom\u00edn\u00e1 ke gyroskopu.<\/p>\n<p>Nejv\u00fdrazn\u011bji se tento typ \u010dlov\u011bka nach\u00e1z\u00ed ve spole\u010denstv\u00ed, kter\u00e9mu se \u0159\u00edk\u00e1 \u201epra\u017esk\u00e1 kav\u00e1rna\u201c. Ilustruje to po\u00a0prvn\u00edm kole novin\u00e1\u0159 Jan Tuna, kter\u00fd tak\u00e9 dokl\u00e1d\u00e1 u\u00a0tohoto typu intelektov\u00fd deficit. Je tak hloup\u00fd, \u017ee si neuv\u011bdomuje, jak demonstruje sv\u00fdmi v\u00fdroky svou hloupost.<\/p>\n<p>Mravn\u00ed a\u00a0intelektu\u00e1ln\u00ed pokleslost m\u00e9di\u00ed, novin\u00e1\u0159\u016f a\u00a0politolog\u016f jsme mohli sledovat ji\u017e po\u00a0vynesen\u00ed osvobozuj\u00edc\u00edho rozsudku v\u00a0p\u0159\u00edpadu A. Babi\u0161e, a\u00a0dal\u0161\u00ed \u00fapadek jsme mohli sledovat po\u00a0zve\u0159ejn\u011bn\u00ed v\u00fdsledk\u016f 1.\u00a0kola presidentsk\u00fdch voleb. \u00a0Na tiskov\u00e9 konferenci Daniela Drtinov\u00e1, jej\u00ed\u017e dry\u00e1\u010dnick\u00fd projev byl p\u0159\u00edli\u0161 i\u00a0na \u010ceskou televizi, vedle sv\u00e9ho dry\u00e1\u010dnictv\u00ed prok\u00e1zala z\u00e1kladn\u00ed neinformovanost, co\u017e je u\u00a0novin\u00e1\u0159e neomluviteln\u00e9. \u00a0Bratislavsk\u00fd soud nikdy nepotvrdil, \u017ee A. Babi\u0161 byl agent STB.<\/p>\n<p>V\u00a0ned\u011bln\u00edm po\u0159adu Terezie Tom\u00e1nkov\u00e1 na CNN napadla A.Babi\u0161e za \u00fato\u010dnost, co\u017e n\u00e1sledn\u011b p\u0159evzali dal\u0161\u00ed novin\u00e1\u0159i. Podle Terezie Tom\u00e1nkov\u00e9 se A. Babi\u0161 provinil, t\u00edm \u017ee zm\u00ednil person\u00e1ln\u00ed charakteristiky P.Pavla, kter\u00e9 jsou nezpochybniteln\u00e9 a\u00a0pravdiv\u00e9. Terezii Tom\u00e1nkov\u00e9 a\u00a0dal\u0161\u00edm novin\u00e1\u0159\u016fm nejen\u017ee nevadily roky \u00fatok\u016f na M. Zemana a\u00a0A. Babi\u0161e, nav\u00edc dle pra\u017esk\u00e9ho a\u00a0bratislavsk\u00e9ho soudu nepodlo\u017een\u00e9, ale sami byli akt\u00e9ry t\u011bchto \u00fatok\u016f. \u00a0Tak\u017ee jsme se posunuli v\u00a0cenzu\u0159e d\u00e1le, a\u00a0ji\u017e budou nep\u0159ijateln\u00e9 nejen dezinformace, ale i\u00a0pravda, kter\u00e1 nebude p\u0159ijateln\u00e1 pro mocenskou elitu.<\/p>\n<p>V\u00a0sou\u010dasnosti se nav\u00edc ukazuje, jak politika desinformac\u00ed je problematick\u00e1. To, co bylo v\u00a0pandemii COVIDu informac\u00ed se v\u00a0sou\u010dasnosti ukazuje, \u017ee bylo desinformac\u00ed a\u00a0to, co bylo desinformac\u00ed a\u00a0bylo pron\u00e1sledov\u00e1no, se nyn\u00ed ukazuje, \u017ee bylo pravdivou informac\u00ed.<\/p>\n<p>Poklesl\u00e9 jsou tak\u00e9 \u00fadajn\u00e9 anal\u00fdzy politolog\u016f v\u00a0televizn\u00edch po\u0159adech. Jejich poklesl\u00e1 \u00farove\u0148 m\u00e1 dv\u011b p\u0159\u00ed\u010diny. Prvn\u00ed je v\u00fdb\u011br t\u011bchto politolog\u016f. Jako po\u0159adatel koncertu houslov\u00e9 son\u00e1ty si nepozve hr\u00e1\u010de na bic\u00ed, ale houslistu, tak si tak\u00e9 televize vyb\u00edraj\u00ed \u201eodborn\u00edky\u201c, kte\u0159\u00ed garantuj\u00ed spr\u00e1vn\u00e9 n\u00e1zory. Sta\u010d\u00ed, kdy\u017e v\u00edm, kdo jsou host\u00e9 a\u00a0ji\u017e nemus\u00edm po\u0159ad sledovat, proto\u017ee je jasn\u00e9, co budou pov\u00eddat.<\/p>\n<p>Dal\u0161\u00ed d\u016fvod je v\u00a0motivaci host\u016f. Prezentuj\u00ed n\u00e1zory, kter\u00e9 neohroz\u00ed jejich pozici na pracovi\u0161ti, p\u0159\u00edpadn\u011b jim pom\u016f\u017ee v\u00a0kari\u00e9\u0159e. Sta\u010d\u00ed, kdy\u017e ob\u010das je vyhozen n\u011bkdo ze zam\u011bstn\u00e1n\u00ed za to, \u017ee si dovol\u00ed na televizn\u00ed obrazovce myslet a\u00a0kriticky analyzovat danou ud\u00e1lost jinak, ne\u017e se od n\u011bho o\u010dek\u00e1v\u00e1. Nikdo z\u00a0t\u011bchto \u201epolitolog\u016f\u201c nechce b\u00fdt vyhozen ze zam\u011bstn\u00e1n\u00ed jako prof.Petr Drul\u00e1k. Pro\u010d nepozvou do televizn\u00edch debat takov\u00e9 politology jako je prof. Oskar Krej\u010d\u00ed, prof. Petr Drul\u00e1k \u010di\u00a0PhDr. Zden\u011bk Zbo\u0159il. Pak by st\u00e1lo za to se na takov\u00fd po\u0159ad d\u00edvat. S\u00a0konformn\u00edmi, kariern\u00edmi politology a\u00a0manipulativn\u00edmi novin\u00e1\u0159i je v\u00a0z\u00e1jmu ment\u00e1ln\u00ed hygieny lep\u0161\u00ed se t\u011bmto po\u0159ad\u016fm vyh\u00fdbat.<\/p>\n<p><strong>Petr Sak<\/strong><\/p>\n<p>&nbsp;<\/p>\n<p><img decoding=\"async\" loading=\"lazy\" class=\"wp-image-19187 aligncenter\" src=\"http:\/\/www.infokuryr.cz\/n\/wp-content\/uploads\/2022\/12\/1-PRO-300x36.jpg\" alt=\"\" width=\"1258\" height=\"151\" srcset=\"https:\/\/www.infokuryr.cz\/n\/wp-content\/uploads\/2022\/12\/1-PRO-300x36.jpg 300w, https:\/\/www.infokuryr.cz\/n\/wp-content\/uploads\/2022\/12\/1-PRO.jpg 699w\" sizes=\"(max-width: 1258px) 100vw, 1258px\" \/><\/p>\n<p>&nbsp;<\/p>\n","protected":false},"excerpt":{"rendered":"<p>Ob\u010das ve spole\u010dnosti prob\u011bhnou procesy, dojde ke spole\u010densk\u00e9 ud\u00e1losti, kter\u00e1 m\u00e1 vysokou sociologickou vypov\u00eddac\u00ed hodnotu&#8230;.<\/p>\n","protected":false},"author":2,"featured_media":13186,"comment_status":"closed","ping_status":"closed","sticky":false,"template":"","format":"standard","meta":[],"categories":[6],"tags":[1042,3387,122,27],"_links":{"self":[{"href":"https:\/\/www.infokuryr.cz\/n\/wp-json\/wp\/v2\/posts\/21431"}],"collection":[{"href":"https:\/\/www.infokuryr.cz\/n\/wp-json\/wp\/v2\/posts"}],"about":[{"href":"https:\/\/www.infokuryr.cz\/n\/wp-json\/wp\/v2\/types\/post"}],"author":[{"embeddable":true,"href":"https:\/\/www.infokuryr.cz\/n\/wp-json\/wp\/v2\/users\/2"}],"replies":[{"embeddable":true,"href":"https:\/\/www.infokuryr.cz\/n\/wp-json\/wp\/v2\/comments?post=21431"}],"version-history":[{"count":0,"href":"https:\/\/www.infokuryr.cz\/n\/wp-json\/wp\/v2\/posts\/21431\/revisions"}],"wp:featuredmedia":[{"embeddable":true,"href":"https:\/\/www.infokuryr.cz\/n\/wp-json\/wp\/v2\/media\/13186"}],"wp:attachment":[{"href":"https:\/\/www.infokuryr.cz\/n\/wp-json\/wp\/v2\/media?parent=21431"}],"wp:term":[{"taxonomy":"category","embeddable":true,"href":"https:\/\/www.infokuryr.cz\/n\/wp-json\/wp\/v2\/categories?post=21431"},{"taxonomy":"post_tag","embeddable":true,"href":"https:\/\/www.infokuryr.cz\/n\/wp-json\/wp\/v2\/tags?post=21431"}],"curies":[{"name":"wp","href":"https:\/\/api.w.org\/{rel}","templated":true}]}}