{"id":21398,"date":"2023-01-19T00:58:05","date_gmt":"2023-01-18T23:58:05","guid":{"rendered":"http:\/\/www.infokuryr.cz\/n\/?p=21398"},"modified":"2023-01-18T16:29:48","modified_gmt":"2023-01-18T15:29:48","slug":"v-kyjevske-oblasti-havaroval-vrtulnik-na-palube-byl-ukrajinsky-ministr-vnitra-nehodu-neprezil","status":"publish","type":"post","link":"https:\/\/www.infokuryr.cz\/n\/2023\/01\/19\/v-kyjevske-oblasti-havaroval-vrtulnik-na-palube-byl-ukrajinsky-ministr-vnitra-nehodu-neprezil\/","title":{"rendered":"V Kyjevsk\u00e9 oblasti havaroval vrtuln\u00edk. Na palub\u011b byl ukrajinsk\u00fd ministr vnitra. Nehodu nep\u0159e\u017eil"},"content":{"rendered":"<div id=\"fb-root\"><\/div>\n<p><strong>Ve m\u011bst\u011b Brovary v Kyjevsk\u00e9 oblasti pobl\u00ed\u017e mate\u0159sk\u00e9 \u0161koly havaroval vrtuln\u00edk, vypukl po\u017e\u00e1r, prob\u00edh\u00e1 evakuace lid\u00ed, p\u00ed\u0161\u00ed tamn\u00ed m\u00e9dia s odvol\u00e1n\u00edm na policii. V d\u016fsledku hav\u00e1rie vrtuln\u00edku zem\u0159el ukrajinsk\u00fd ministr vnitra Denys Monastyrskyj a n\u00e1m\u011bstek ministra.<\/strong><\/p>\n<p>N\u00e1rodn\u00ed policie Ukrajiny ozn\u00e1mila smrt veden\u00ed ministerstva vnitra p\u0159i hav\u00e1rii vrtuln\u00edku ve m\u011bst\u011b Brovary. Celkem zahynulo 16 lid\u00ed, z toho 9 ve vrtuln\u00edku.<\/p>\n<p>V d\u016fsledku leteck\u00e9 hav\u00e1rie zem\u0159elo veden\u00ed ministerstva vnitra, uv\u00e1d\u00ed zpr\u00e1va. \u201eCelkem je zat\u00edm zn\u00e1mo o 16 mrtv\u00fdch, z toho 2 d\u011bti. Z toho 9 lid\u00ed bylo na palub\u011b vrtuln\u00edku,\u201c uvedla policie. V nemocnici je 22 ob\u011bt\u00ed, z toho 10 d\u011bt\u00ed.<\/p>\n<p>V Brovarech v Kyjevsk\u00e9 oblasti spadl a vzn\u00edtil se vrtuln\u00edk, ozn\u00e1mil ukrajinsk\u00fd port\u00e1l Ob\u0161\u010destvennoje s odvol\u00e1n\u00edm na poradkyni policie Kyjevsk\u00e9 oblasti Irinu Prjani\u0161nikovovou.<\/p>\n<p>\u201eV Brovarech Kyjevsk\u00e9 oblasti v bl\u00edzkosti mate\u0159sk\u00e9 \u0161kolky spadl vrtuln\u00edk, za\u010dal po\u017e\u00e1r. Lid\u00e9 se evakuuj\u00ed,\u201c uv\u00e1d\u00ed se ve zpr\u00e1v\u011b.<\/p>\n<p>Mluv\u010d\u00ed prezidentsk\u00e9 kancel\u00e1\u0159e Kirill Tymo\u0161enko na sv\u00e9 Telegramu tak\u00e9 napsal o p\u00e1du l\u00e9taj\u00edc\u00edho p\u0159\u00edstroje na objekt soci\u00e1ln\u00ed infrastruktury.<\/p>\n<p>D\u011bti a pracovn\u00edci mate\u0159sk\u00e9 \u0161kolky v Brovarech, vedle n\u00ed\u017e spadl vrtuln\u00edk, byli evakuov\u00e1ni, ozn\u00e1mil vedouc\u00ed Kyjevsk\u00e9 oblastn\u00ed vojensk\u00e9 administrativy Oleksij Kuleba.<\/p>\n<p>Ministerstvo vnitra Ukrajiny ozna\u010dilo za mo\u017en\u00e9 p\u0159\u00ed\u010diny hav\u00e1rie vrtuln\u00edku poruchu za\u0159\u00edzen\u00ed, poru\u0161en\u00ed bezpe\u010dnostn\u00edch pravidel a sabot\u00e1\u017e.<\/p>\n<p>Vy\u0161et\u0159ov\u00e1n\u00ed leteck\u00e9ho ne\u0161t\u011bst\u00ed potrv\u00e1 minim\u00e1ln\u011b n\u011bkolik t\u00fddn\u016f, o p\u0159\u00ed\u010din\u00e1ch ne\u0161t\u011bst\u00ed je p\u0159ed\u010dasn\u00e9 hovo\u0159it, \u0159ekl z\u00e1stupce ukrajinsk\u00e9ho velen\u00ed vzdu\u0161n\u00fdch sil.<\/p>\n<p>Dodal, \u017ee havarovan\u00fd vrtuln\u00edk Ukrajina koupila od Francie.<\/p>\n<p>Ministerstvo pro mimo\u0159\u00e1dn\u00e9 situace Ukrajiny up\u0159esnilo, \u017ee zem\u0159elo 14 lid\u00ed, dal\u0161\u00edch 25 bylo zran\u011bno. Z\u00e1chrann\u00e9 pr\u00e1ce byly ukon\u010deny.<\/p>\n<p><img decoding=\"async\" loading=\"lazy\" class=\"alignnone size-full wp-image-1185\" src=\"http:\/\/www.infokuryr.cz\/n\/wp-content\/uploads\/2021\/04\/kuryr-podpis.png\" alt=\"\" width=\"84\" height=\"24\" \/><\/p>\n<p>&nbsp;<\/p>\n<p><img decoding=\"async\" loading=\"lazy\" class=\"wp-image-19187 aligncenter\" src=\"http:\/\/www.infokuryr.cz\/n\/wp-content\/uploads\/2022\/12\/1-PRO-300x36.jpg\" alt=\"\" width=\"1267\" height=\"152\" srcset=\"https:\/\/www.infokuryr.cz\/n\/wp-content\/uploads\/2022\/12\/1-PRO-300x36.jpg 300w, https:\/\/www.infokuryr.cz\/n\/wp-content\/uploads\/2022\/12\/1-PRO.jpg 699w\" sizes=\"(max-width: 1267px) 100vw, 1267px\" \/><\/p>\n<p>&nbsp;<\/p>\n<p>&nbsp;<\/p>\n","protected":false},"excerpt":{"rendered":"<p>Ve m\u011bst\u011b Brovary v Kyjevsk\u00e9 oblasti pobl\u00ed\u017e mate\u0159sk\u00e9 \u0161koly havaroval vrtuln\u00edk, vypukl po\u017e\u00e1r, prob\u00edh\u00e1 evakuace&#8230;<\/p>\n","protected":false},"author":2,"featured_media":18469,"comment_status":"closed","ping_status":"closed","sticky":false,"template":"","format":"standard","meta":[],"categories":[7],"tags":[458,26,3912],"_links":{"self":[{"href":"https:\/\/www.infokuryr.cz\/n\/wp-json\/wp\/v2\/posts\/21398"}],"collection":[{"href":"https:\/\/www.infokuryr.cz\/n\/wp-json\/wp\/v2\/posts"}],"about":[{"href":"https:\/\/www.infokuryr.cz\/n\/wp-json\/wp\/v2\/types\/post"}],"author":[{"embeddable":true,"href":"https:\/\/www.infokuryr.cz\/n\/wp-json\/wp\/v2\/users\/2"}],"replies":[{"embeddable":true,"href":"https:\/\/www.infokuryr.cz\/n\/wp-json\/wp\/v2\/comments?post=21398"}],"version-history":[{"count":0,"href":"https:\/\/www.infokuryr.cz\/n\/wp-json\/wp\/v2\/posts\/21398\/revisions"}],"wp:featuredmedia":[{"embeddable":true,"href":"https:\/\/www.infokuryr.cz\/n\/wp-json\/wp\/v2\/media\/18469"}],"wp:attachment":[{"href":"https:\/\/www.infokuryr.cz\/n\/wp-json\/wp\/v2\/media?parent=21398"}],"wp:term":[{"taxonomy":"category","embeddable":true,"href":"https:\/\/www.infokuryr.cz\/n\/wp-json\/wp\/v2\/categories?post=21398"},{"taxonomy":"post_tag","embeddable":true,"href":"https:\/\/www.infokuryr.cz\/n\/wp-json\/wp\/v2\/tags?post=21398"}],"curies":[{"name":"wp","href":"https:\/\/api.w.org\/{rel}","templated":true}]}}