{"id":21392,"date":"2023-01-19T01:06:43","date_gmt":"2023-01-19T00:06:43","guid":{"rendered":"http:\/\/www.infokuryr.cz\/n\/?p=21392"},"modified":"2023-01-18T16:07:59","modified_gmt":"2023-01-18T15:07:59","slug":"jindrich-kulhavy-fiala-je-asi-snilek","status":"publish","type":"post","link":"https:\/\/www.infokuryr.cz\/n\/2023\/01\/19\/jindrich-kulhavy-fiala-je-asi-snilek\/","title":{"rendered":"Jind\u0159ich Kulhav\u00fd: Fiala je asi sn\u00edlek"},"content":{"rendered":"<div id=\"fb-root\"><\/div>\n<p><span class=\"anotation\">\u00darove\u0148 odtr\u017een\u00ed Petra Fialy od reality za\u010d\u00edn\u00e1 b\u00fdt ne\u00fam\u011brn\u011b vysok\u00e1. P\u0159esto\u017ee v\u00a0\u00fater\u00fd se poslanci ANO a SPD pokusili vyvolat ne\u00fasp\u011b\u0161n\u011b diskusi o vysloven\u00ed ned\u016fv\u011b\u0159e vl\u00e1d\u011b, matematika zapracovala a jejich nedostate\u010dn\u00e9 zastoupen\u00ed nesta\u010dilo ani na ten pokus.<\/span><\/p>\n<div id=\"pagetext\">\n<p>\u00a0 Ego P\u011btikoalice se vzn\u00e1\u0161\u00ed vysoko v\u00a0oblac\u00edch. Jejich kandid\u00e1t na prezidenta Petr Pavel postoupil do 2.kola voleb z\u00a01.m\u00edsta, by\u0165 o nevelk\u00fd po\u010det hlas\u016f, p\u0159i\u010dem\u017e k\u00a0posunut\u00ed do \u010dela napomohla dv\u011b m\u011bsta, tedy Praha a Brno. K\u00a0velk\u00fdm nad\u011bj\u00edm napomohla vysok\u00e1 n\u00e1v\u0161t\u011bva gener\u00e1lova p\u0159edvolebn\u00edho m\u00edtinku v\u00a0\u00dast\u00ed nad Labem p\u0159ipom\u00ednaj\u00edc\u00edho zapln\u011bn\u00fdm tamn\u00edm n\u00e1m\u011bst\u00edm n\u011bkterou z\u00a0protivl\u00e1dn\u00edch podzimn\u00edch demonstraci, ov\u0161em s\u00a0absenc\u00ed \u010desk\u00fdch vlajek. Fotka snese v\u0161e, z\u00e1b\u011bry se daj\u00ed zmanipulovat, nicm\u00e9n\u011b dav tam byl a zd\u00e1 se, \u017ee po\u010detn\u00fd z\u00e1stup p\u0159\u00edznivc\u016f Pavla je v\u00a0sou\u010dasn\u00e9 situaci, ve kter\u00e9 se zdevastovan\u00e1 \u010cesk\u00e1 republika nach\u00e1z\u00ed a s\u00a0v\u00fdhledem na je\u0161t\u011b hor\u0161\u00ed budoucnost, doslova \u0161\u0165astn\u00fd. Jinak si ani nelze vysv\u011btlit mohutnou \u00fa\u010dast \u00daste\u010d\u00e1k\u016f. Mo\u017en\u00e1 je v\u00a0tamn\u00ed lokalit\u011b po\u0159\u00e1d\u00e1no m\u00e1lo kulturn\u00edch akc\u00ed a vzali to jako jejich n\u00e1hradu, jist\u00e9 je, \u017ee marketingov\u00fd t\u00fdm Petra Pavla odvedl dobrou pr\u00e1ci. Naopak za drzost lze pova\u017eovat Pavlovu pietn\u00ed vzpom\u00ednku na sebeup\u00e1len\u00e9ho studenta Jana Palacha. Komunistick\u00fd arm\u00e1dn\u00ed rozv\u011bd\u010d\u00edk st\u00e1l p\u0159i tzv Palachovo t\u00fddnu v\u00a0roce 1989 p\u0159edch\u00e1zej\u00edc\u00edmu tzv. Sametov\u00e9 revoluci na protib\u0159ehu a jist\u011b fandil policist\u016fm s\u00a0obu\u0161ky nah\u00e1n\u011bj\u00edc\u00edmi n\u00e1s po N\u00e1rodn\u00ed t\u0159\u00edd\u011b a vysazuj\u00edc\u00edmi demonstranty pozd\u011b v\u00a0noci po jednom z\u00a0autobusu na Brdech. Jeho gumov\u00e1 p\u00e1te\u0159 tak byla op\u011bt v\u00a0\u00fater\u00fd p\u0159i t\u00e9to vzpom\u00ednce v\u00a0akci.<\/p>\n<p>Andrej Babi\u0161 zat\u00edm udr\u017euje klid. P\u0159edem prohl\u00e1sil, \u017ee vynech\u00e1 debatu prezidentsk\u00fdch kandid\u00e1t\u016f na \u010cT, co\u017e je p\u0159i p\u0159\u00edstupu tamn\u00ed gal\u00e9rky vcelku logick\u00e9. Je s\u00a0podivem, \u017ee v\u00a0dob\u011b sv\u00e9 \u00fa\u010dasti v\u00a0Sobotkov\u011b vl\u00e1d\u011b, a pozd\u011bji i v\u00a0j\u00edm veden\u00e9, Babi\u0161 neud\u011blal nic proto, aby vy\u010distil chl\u00e9v na Kav\u010d\u00edch Hor\u00e1ch. Tamn\u00ed osazenstvo na n\u011bj d\u0161t\u00ed s\u00edru ji\u017e tolik let, v\u00a0ka\u017ed\u00fdch volb\u00e1ch se mobilizuje proti n\u011bmu a dlouhodob\u011b nadr\u017euje Top09 , Pir\u00e1t\u016fm, STAN a KDU-\u010cSL, nyn\u00ed i ODS, udr\u017euje linii evropsk\u00e9 liber\u00e1ln\u00ed a pochybn\u00e9 demokracie, z\u00e1sobuje ob\u010dany naprosto zmanipulovan\u00fdmi informacemi. Babi\u0161 dost\u00e1val prostor jen ve chv\u00edli, kdy se p\u0159ipojil k\u00a0protirusk\u00e9mu ta\u017een\u00ed (Vrb\u011btice) \u010di pandemick\u00e9mu b\u011bsn\u011bn\u00ed. Jinak proti n\u011bmu stoj\u00ed moder\u00e1to\u0159i v\u017edy v\u00a0opozici a p\u0159ip\u00edsk\u00e1vaj\u00ed ka\u017ed\u00e9mu, kdo jde proti Babi\u0161ovi, tedy pokud to nen\u00ed SPD. Ta jedin\u00e1 m\u00e1 je\u0161t\u011b men\u0161\u00ed popularitu, jen\u017ee za to si m\u016f\u017ee \u010d\u00e1ste\u010dn\u011b sama svou relativn\u011b nedostate\u010dnou opozi\u010dn\u00ed \u010dinnost\u00ed. Poslanci SPD by m\u011bli st\u00e1t v\u00a0\u010dele v\u011bt\u0161iny demonstrac\u00ed a nenech\u00e1vat aktivitu jen na lidech, po nich\u017e se st\u00e1t dok\u00e1\u017ee vozit a dost\u00e1vat je p\u0159ed soud \u010di do insolvenc\u00ed. Andrej Babi\u0161 tak zat\u00edm vypad\u00e1 relativn\u011b pasivn\u011b a v\u00a0dob\u011b cestov\u00e1n\u00ed Pavla po zemi vyst\u00e1l frontu na prohl\u00eddku korunova\u010dn\u00edch klenot\u016f. Jako by nev\u011b\u0159il, \u017ee je s\u00e1m z\u00a0pozice prezidenta bude moci nechat vystavit a z\u00e1rove\u0148 je tak vid\u011bt op\u011bt zbl\u00edzka. P\u0159esto o\u010dek\u00e1v\u00e1me, zah\u00e1j\u00ed li Babi\u0161 ofenz\u00edvu, bez n\u00ed\u017e Pavla jen t\u011b\u017eko p\u0159inut\u00ed po vyhl\u00e1\u0161en\u00ed v\u00fdsledk\u016f 2.kola k\u00a0zamra\u010den\u00ed.<\/p>\n<p>Vra\u0165me se k\u00a0Fialovi. Ten p\u0159i obhajob\u011b vl\u00e1dy l\u017ee, a\u017e se mu od \u00fast pr\u00e1\u0161\u00ed. Na v\u0161echny strany p\u011bje \u00f3dy na vlastn\u00ed \u00fasp\u011bchy. Pr\u00fd n\u00e1m zajistil p\u0159ijateln\u00e9 ceny elekt\u0159iny (m\u00e1me nejvy\u0161\u0161\u00ed na sv\u011bt\u011b), dostatek plynu v\u00a0z\u00e1sobn\u00edc\u00edch (nepat\u0159\u00ed n\u00e1m), st\u00e1t prov\u00e1d\u00ed \u00fasp\u011b\u0161n\u011b ekonomickou kriz\u00ed (m\u00e1me jednu z\u00a0nejvy\u0161\u0161\u00edch inflac\u00ed v\u00a0Evrop\u011b), ceny pohonn\u00fdch hmot se vr\u00e1tily do p\u016fvodn\u00ed v\u00fd\u0161e ( jen jsou po v\u00fdkyvech st\u00e1le o 5 K\u010d,- vy\u0161\u0161\u00ed ne\u017e byli p\u0159ed ukrajinskou ud\u00e1lost\u00ed, a to zvrat je\u0161t\u011b letos sm\u011brem nahoru p\u0159ijde.). Pochv\u00e1lil sv\u00e9 evropsk\u00e9 p\u0159edsednictv\u00ed, jeho\u017e dopady v\u00a0dal\u0161\u00edm zdra\u017eov\u00e1n\u00ed kv\u016fli naprosto nepochopiteln\u00e9 aktivit\u011b na\u0161\u00ed vl\u00e1dy poc\u00edt\u00edme od ledna 2025 a p\u0159isp\u011bn\u00ed k\u00a0roz\u0161\u00ed\u0159en\u00ed obchodu se zdra\u017een\u00fdmi emisn\u00edmi povolenkami znamen\u00e1 dal\u0161\u00ed krok k\u00a0likvidaci \u010desk\u00e9ho pr\u016fmyslu. A k\u00a0tomu v\u0161emu se ani nepokusil vzep\u0159\u00edt Evropsk\u00e9 komisi a rozhodnut\u00ed o tom, \u017ee budeme m\u00edt v\u00a0\u0159ad\u011b potravin nadrcen\u00e9 a t\u011b\u017eko straviteln\u00e9 brouky. P\u0159idejme je\u0161t\u011b vyb\u00edjen\u00ed \u010desk\u00fdch chov\u016f dr\u016fbe\u017ee, na kter\u00e9m se v\u00a0\u010cesk\u00e9 republice spolu s\u00a0Veterin\u00e1rn\u00ed spr\u00e1vou vl\u00e1da nelogicky pod\u00edl\u00ed a nen\u00ed schopna a ochotna mu zabr\u00e1nit, co\u017e je dal\u0161\u00ed negativn\u00ed z\u00e1sah do fungov\u00e1n\u00ed st\u00e1tu (o dopadech jak\u00e9si pta\u010d\u00ed ch\u0159ipky a relevantn\u00edm boji s\u00a0n\u00ed by bylo mo\u017eno v\u00e9st stejn\u011b dlouh\u00e9 diskuse, jako to je v\u00a0p\u0159\u00edpadu pandemie). D\u00e1le zmi\u0148uje zaji\u0161t\u011bn\u00ed svobody slova, co\u017e je v\u00a0kontrastu s\u00a0\u010dinnost\u00ed Ministerstva spravedlnosti a jej\u00edm omezov\u00e1n\u00edm na internetu a naj\u00edm\u00e1n\u00edm naprosto kontroverzn\u00edch ,,odborn\u00edk\u016f\u201c na boj s ,,dezinformacemi\u201c. No a je\u0161t\u011b tu je ,,\u00fasp\u011b\u0161n\u00e1\u201c integrace Ukrajinc\u016f a \u00fa\u010dinn\u00e1 pomoc Zelensk\u00e9ho re\u017eimu.<\/p>\n<p>Nic z\u00a0toho nebr\u00e1n\u00ed Fialovi vyslat letadlem p\u0159epravovanou delegaci do Davosu vedenou Sikelou, kde se na\u0161i p\u0159edstavitel\u00e9 budou b\u00edt do prsou a jist\u011b zm\u00edn\u00ed dal\u0161\u00ed \u00fasp\u011bchy v\u00a0sni\u017eov\u00e1n\u00ed emis\u00ed CO2 formou uzav\u00edr\u00e1n\u00ed pr\u016fmyslov\u00fdch podnik\u016f a sni\u017eov\u00e1n\u00edm spot\u0159eby plynu d\u00edky vynucen\u00e9 schopnosti \u010d\u00e1sti zblbl\u00e9ho \u010desk\u00e9ho n\u00e1roda \u017e\u00edt v\u00a0chladn\u00fdch bytech a domech. V\u00e1\u017een\u00ed p\u0159\u00e1tel\u00e9, je t\u0159eba konstatovat, \u017ee i my \u010ce\u0161i, Moravan\u00e9 a Slezan\u00e9 jsme se \u00fapln\u011b zbl\u00e1znili, kdy\u017e jen p\u0159ihl\u00ed\u017e\u00edme. Existuj\u00ed mezi n\u00e1mi dokonce i tac\u00ed, pro kter\u00e9 je Fiala nejlep\u0161\u00ed mo\u017en\u00fd premi\u00e9r, jeho vl\u00e1du pova\u017euj\u00ed za dostate\u010dn\u011b kvalitn\u011b pracuj\u00edc\u00ed a daj\u00ed tak i sv\u016fj hlas kandid\u00e1tovi P\u011btikoalice v\u00a0prezidentsk\u00fdch volb\u00e1ch. P\u0159itom za logick\u00e9 bychom pova\u017eovali to, kdyby prezidentsk\u00e9 volby dopadly dle pom\u011bru skute\u010dn\u00fdch obdivovatel\u016f ANO a naopak\u00a0 jin\u00fdch spokojen\u00fdch s\u00a0vl\u00e1dou P\u011btikoalice. Tedy 30 % voli\u010d\u016f d\u00e1v\u00e1 p\u0159ednost ANO a 20% ob\u010dan\u016f je re\u00e1ln\u011b spokojeno s\u00a0Fialov\u00fdm b\u011bsn\u011bn\u00edm. Ta \u010d\u00edsla jsou v\u00fdsledkem r\u016fzn\u00fdch pr\u016fzkum\u016f, to jsme si nevyt\u00e1hnuli z\u00a0ruk\u00e1vu. A zbytek by mohl v\u00a0klidu sed\u011bt doma, proto\u017ee mu ni\u010d\u00edm Babi\u0161 neimponuje a P\u011btikoalici ozna\u010duje sp\u00ed\u0161e za P\u011btidemolici. Jen\u017ee logika se vytr\u00e1c\u00ed a v\u00a0\u00dast\u00ed bylo plno lid\u00ed, kte\u0159\u00ed miluj\u00ed Pavla, a t\u00edm i Fialu, Pekarovou Adamovou, Jure\u010dku, Raku\u0161ana a \u010cernochovou. Na z\u00e1v\u011br je\u0161t\u011b mal\u00e9 sv\u011btlo v\u00a0jinak \u010dern\u00e9 temnot\u011b. Pr\u00e1v\u011b \u010cernochov\u00e1 by r\u00e1da n\u00e1sledovala Palacha a v\u00a0p\u0159\u00edpadu zvolen\u00ed Babi\u0161e za prezidenta se chce up\u00e1lit. A to je p\u0159\u00e1tel\u00e9 skute\u010dn\u011b v\u00fdzva. Co Vy na to? Nest\u00e1lo by za to vid\u011bt primitivn\u00ed ho\u0159\u00edc\u00ed lou\u010d p\u0159ed Ministerstvem v\u00e1lky?<\/p>\n<p><a href=\"https:\/\/www.inadhled.live\/zajimavosti\/fiala-je-asi-snilek\/\">Jind\u0159ich Kulhav\u00fd<\/a><\/p>\n<\/div>\n<p>&nbsp;<\/p>\n<p><img decoding=\"async\" loading=\"lazy\" class=\"wp-image-19187 aligncenter\" src=\"http:\/\/www.infokuryr.cz\/n\/wp-content\/uploads\/2022\/12\/1-PRO-300x36.jpg\" alt=\"\" width=\"1292\" height=\"155\" srcset=\"https:\/\/www.infokuryr.cz\/n\/wp-content\/uploads\/2022\/12\/1-PRO-300x36.jpg 300w, https:\/\/www.infokuryr.cz\/n\/wp-content\/uploads\/2022\/12\/1-PRO.jpg 699w\" sizes=\"(max-width: 1292px) 100vw, 1292px\" \/><\/p>\n<p>&nbsp;<\/p>\n<p>&nbsp;<\/p>\n","protected":false},"excerpt":{"rendered":"<p>\u00darove\u0148 odtr\u017een\u00ed Petra Fialy od reality za\u010d\u00edn\u00e1 b\u00fdt ne\u00fam\u011brn\u011b vysok\u00e1. P\u0159esto\u017ee v\u00a0\u00fater\u00fd se poslanci ANO&#8230;<\/p>\n","protected":false},"author":2,"featured_media":21393,"comment_status":"closed","ping_status":"closed","sticky":false,"template":"","format":"standard","meta":[],"categories":[6],"tags":[3387,29,535,27],"_links":{"self":[{"href":"https:\/\/www.infokuryr.cz\/n\/wp-json\/wp\/v2\/posts\/21392"}],"collection":[{"href":"https:\/\/www.infokuryr.cz\/n\/wp-json\/wp\/v2\/posts"}],"about":[{"href":"https:\/\/www.infokuryr.cz\/n\/wp-json\/wp\/v2\/types\/post"}],"author":[{"embeddable":true,"href":"https:\/\/www.infokuryr.cz\/n\/wp-json\/wp\/v2\/users\/2"}],"replies":[{"embeddable":true,"href":"https:\/\/www.infokuryr.cz\/n\/wp-json\/wp\/v2\/comments?post=21392"}],"version-history":[{"count":0,"href":"https:\/\/www.infokuryr.cz\/n\/wp-json\/wp\/v2\/posts\/21392\/revisions"}],"wp:featuredmedia":[{"embeddable":true,"href":"https:\/\/www.infokuryr.cz\/n\/wp-json\/wp\/v2\/media\/21393"}],"wp:attachment":[{"href":"https:\/\/www.infokuryr.cz\/n\/wp-json\/wp\/v2\/media?parent=21392"}],"wp:term":[{"taxonomy":"category","embeddable":true,"href":"https:\/\/www.infokuryr.cz\/n\/wp-json\/wp\/v2\/categories?post=21392"},{"taxonomy":"post_tag","embeddable":true,"href":"https:\/\/www.infokuryr.cz\/n\/wp-json\/wp\/v2\/tags?post=21392"}],"curies":[{"name":"wp","href":"https:\/\/api.w.org\/{rel}","templated":true}]}}