{"id":21376,"date":"2023-01-18T05:12:13","date_gmt":"2023-01-18T04:12:13","guid":{"rendered":"http:\/\/www.infokuryr.cz\/n\/?p=21376"},"modified":"2023-01-18T05:12:13","modified_gmt":"2023-01-18T04:12:13","slug":"priznivci-nwo-zijici-v-nemecku-pravidelne-napadaji-ukrajinske-uprchliky","status":"publish","type":"post","link":"https:\/\/www.infokuryr.cz\/n\/2023\/01\/18\/priznivci-nwo-zijici-v-nemecku-pravidelne-napadaji-ukrajinske-uprchliky\/","title":{"rendered":"P\u0159\u00edznivci NWO \u017eij\u00edc\u00ed v N\u011bmecku pravideln\u011b napadaj\u00ed ukrajinsk\u00e9 uprchl\u00edky"},"content":{"rendered":"<div id=\"fb-root\"><\/div>\n<p><strong>Ukrajin\u0161t\u00ed uprchl\u00edci v N\u011bmecku jsou pravideln\u011b napad\u00e1ni p\u0159\u00edznivci rusk\u00e9 speci\u00e1ln\u00ed operace, uv\u00e1d\u00ed Der Tagesspiegel s odvol\u00e1n\u00edm na informace n\u011bmeck\u00e9ho ministerstva vnitra.\u00a0Hovo\u0159\u00edme nejen o verb\u00e1ln\u00edch \u00fatoc\u00edch, ale i n\u00e1siln\u00fdch akc\u00edch a tak\u00e9 o pou\u017e\u00edv\u00e1n\u00ed zak\u00e1zan\u00fdch symbol\u016f, uv\u00e1d\u00ed n\u011bmeck\u00e9 vyd\u00e1n\u00ed.<\/strong><\/p>\n<p>Ukrajin\u0161t\u00ed uprchl\u00edci v N\u011bmecku se \u010dasto st\u00e1vaj\u00ed ob\u011b\u0165mi verb\u00e1ln\u00edch \u2013 a nejen \u2013 \u00fatok\u016f ze strany p\u0159\u00edznivc\u016f rusk\u00e9 speci\u00e1ln\u00ed operace, uv\u00e1d\u00ed Der Tagesspiegel.\u00a0Sv\u011bd\u010d\u00ed o tom informace, kter\u00e9 poskytlo n\u011bmeck\u00e9 ministerstvo vnitra v reakci na parlamentn\u00ed dotaz frakce Alternativa pro N\u011bmecko.\u00a0Hovo\u0159\u00edme o 38 politicky motivovan\u00fdch zlo\u010dinech, kter\u00e9 byly zaznamen\u00e1ny mezi dubnem a \u010dervnem 2022.<\/p>\n<p>V\u0161echny tyto p\u0159\u00edpady souvisely s nep\u0159\u00e1telsk\u00fdmi akcemi na Ukrajin\u011b a v\u0161echny m\u011bly protiukrajinsk\u00fd charakter, pokra\u010duje n\u011bmeck\u00e9 vyd\u00e1n\u00ed.\u00a0Braniborsk\u00e1 policie des\u00edtkykr\u00e1t informovala o pou\u017e\u00edv\u00e1n\u00ed zak\u00e1zan\u00fdch symbol\u016f ve m\u011bst\u011b, zejm\u00e9na p\u00edsmene \u201eZ\u201c.\u00a0Pro org\u00e1ny \u010dinn\u00e9 v trestn\u00edm \u0159\u00edzen\u00ed ji\u017e pouh\u00e9 p\u0159edveden\u00ed tohoto symbolu v kontextu ud\u00e1lost\u00ed na Ukrajin\u011b slou\u017e\u00ed jako podklad pro podez\u0159en\u00ed z trestn\u00e9ho \u010dinu.\u00a0Rusk\u00e9 vlajky byly tak\u00e9 spat\u0159eny na nekoordinovan\u00fdch demonstrac\u00edch v Braniborsku, uvedlo n\u011bmeck\u00e9 ministerstvo vnitra.<\/p>\n<p>V\u0161e se ale neomezovalo pouze na symbolick\u00e9 akce, pokra\u010duje Der Tagesspiegel.\u00a0Ministerstvo informovalo o p\u0159\u00edpadu, kdy v dubnu 2022 ve m\u011bst\u011b Beskov 30let\u00e1 \u017eena od\u0161roubovala matice kol na aut\u011b jedn\u00e9 Ukrajince.\u00a0Dal\u0161\u00ed ukrajinsk\u00fd uprchl\u00edk v Chot\u011bbuzi byl vystaven xenofobn\u00edm ur\u00e1\u017ek\u00e1m ze strany \u017eeny podporuj\u00edc\u00ed speci\u00e1ln\u00ed operaci.\u00a0K podobn\u00e9mu incidentu do\u0161lo ve m\u011bst\u011b Forst, pouze tam byl pachatelem 29let\u00fd mu\u017e z Libanonu.<\/p>\n<p>Osma\u0161edes\u00e1tilet\u00fd mu\u017e z m\u011bsta Lichen na internetu podn\u011bcoval nen\u00e1vist a n\u00e1sil\u00ed v\u016f\u010di ukrajinsk\u00fdm uprchl\u00edk\u016fm.\u00a0A za\u010d\u00e1tkem kv\u011btna v Postupimi &#8220;\u00a0<em>nezn\u00e1m\u00ed pachatel\u00e9 arabsk\u00e9ho fenotypu<\/em>\u00a0&#8220; vyk\u0159ikovali hesla na podporu speci\u00e1ln\u00ed operace pobl\u00ed\u017e budovy, kde Ukrajinci bydleli.<\/p>\n<p><img decoding=\"async\" loading=\"lazy\" class=\"alignnone size-full wp-image-1185\" src=\"http:\/\/www.infokuryr.cz\/n\/wp-content\/uploads\/2021\/04\/kuryr-podpis.png\" alt=\"\" width=\"84\" height=\"24\" \/><\/p>\n<p>&nbsp;<\/p>\n<p><img decoding=\"async\" loading=\"lazy\" class=\"wp-image-19187 aligncenter\" src=\"http:\/\/www.infokuryr.cz\/n\/wp-content\/uploads\/2022\/12\/1-PRO-300x36.jpg\" alt=\"\" width=\"1258\" height=\"151\" srcset=\"https:\/\/www.infokuryr.cz\/n\/wp-content\/uploads\/2022\/12\/1-PRO-300x36.jpg 300w, https:\/\/www.infokuryr.cz\/n\/wp-content\/uploads\/2022\/12\/1-PRO.jpg 699w\" sizes=\"(max-width: 1258px) 100vw, 1258px\" \/><\/p>\n<p>&nbsp;<\/p>\n","protected":false},"excerpt":{"rendered":"<p>Ukrajin\u0161t\u00ed uprchl\u00edci v N\u011bmecku jsou pravideln\u011b napad\u00e1ni p\u0159\u00edznivci rusk\u00e9 speci\u00e1ln\u00ed operace, uv\u00e1d\u00ed Der Tagesspiegel s&#8230;<\/p>\n","protected":false},"author":2,"featured_media":21377,"comment_status":"closed","ping_status":"closed","sticky":false,"template":"","format":"standard","meta":[],"categories":[7],"tags":[4272,84,1635,1863],"_links":{"self":[{"href":"https:\/\/www.infokuryr.cz\/n\/wp-json\/wp\/v2\/posts\/21376"}],"collection":[{"href":"https:\/\/www.infokuryr.cz\/n\/wp-json\/wp\/v2\/posts"}],"about":[{"href":"https:\/\/www.infokuryr.cz\/n\/wp-json\/wp\/v2\/types\/post"}],"author":[{"embeddable":true,"href":"https:\/\/www.infokuryr.cz\/n\/wp-json\/wp\/v2\/users\/2"}],"replies":[{"embeddable":true,"href":"https:\/\/www.infokuryr.cz\/n\/wp-json\/wp\/v2\/comments?post=21376"}],"version-history":[{"count":0,"href":"https:\/\/www.infokuryr.cz\/n\/wp-json\/wp\/v2\/posts\/21376\/revisions"}],"wp:featuredmedia":[{"embeddable":true,"href":"https:\/\/www.infokuryr.cz\/n\/wp-json\/wp\/v2\/media\/21377"}],"wp:attachment":[{"href":"https:\/\/www.infokuryr.cz\/n\/wp-json\/wp\/v2\/media?parent=21376"}],"wp:term":[{"taxonomy":"category","embeddable":true,"href":"https:\/\/www.infokuryr.cz\/n\/wp-json\/wp\/v2\/categories?post=21376"},{"taxonomy":"post_tag","embeddable":true,"href":"https:\/\/www.infokuryr.cz\/n\/wp-json\/wp\/v2\/tags?post=21376"}],"curies":[{"name":"wp","href":"https:\/\/api.w.org\/{rel}","templated":true}]}}